{"id":236507,"date":"2019-10-10T13:31:41","date_gmt":"2019-10-10T16:31:41","guid":{"rendered":"https:\/\/jundiai.sp.gov.br\/noticias\/?p=236507"},"modified":"2019-10-10T14:03:37","modified_gmt":"2019-10-10T17:03:37","slug":"jundiai-ganha-no-dia-20-a-pista-sentido-vetor-oeste-do-viaduto-das-valquirias","status":"publish","type":"post","link":"https:\/\/jundiai.sp.gov.br\/noticias\/2019\/10\/10\/jundiai-ganha-no-dia-20-a-pista-sentido-vetor-oeste-do-viaduto-das-valquirias\/","title":{"rendered":"Jundia\u00ed ganha no dia 20 a pista sentido-Vetor Oeste do Viaduto das Valqu\u00edrias"},"content":{"rendered":"<p>No pr\u00f3ximo dia 20, Jundia\u00ed vai ganhar por completo a mais importante obra de mobilidade da atual gest\u00e3o: o Viaduto do C\u00f3rrego das Valqu\u00edrias. Ele integra o Complexo Vi\u00e1rio Ary Fossen e oferecer\u00e1, em sua etapa final de constru\u00e7\u00e3o, uma alternativa de liga\u00e7\u00e3o entre o Centro e a Regi\u00e3o Oeste da cidade. Os \u00faltimos detalhes para a libera\u00e7\u00e3o da via \u00e0 popula\u00e7\u00e3o j\u00e1 foram acertados, como a retirada de um poste de energia no domingo (6), sob responsabilidade da CPFL Piratininga, e a instala\u00e7\u00e3o de sem\u00e1foros na pista, que cabe \u00e0 Unidade de Gest\u00e3o de Mobilidade e Transporte (UGMT) do munic\u00edpio.<\/p>\n<p>O investimento total no viaduto, situado na rodovia Anhanguera (km 58+900), foi de R$ 14,5 milh\u00f5es, obtidos por meio de financiamento com o Desenvolve SP. Segundo a UGMT, devem passar pelo local diariamente, em hor\u00e1rios de pico, 1.200 mil ve\u00edculos. A partir de 20 de outubro, quando a obra estiver liberada nos dois sentidos, a previs\u00e3o \u00e9 que ela desafogue o tr\u00e2nsito em importantes regi\u00f5es da cidade, como o Complexo Vi\u00e1rio Xisto Cereser e a rotat\u00f3ria da Avenida Jundia\u00ed, no Jardim Samambaia.<\/p>\n<p>A interliga\u00e7\u00e3o do Viaduto das Valqu\u00edrias ao vi\u00e1rio municipal entrou em sua fase final no in\u00edcio do segundo semestre deste ano. A pista do complexo sentido Centro foi inaugurada em 5 de abril de 2018. A empresa contratada pela Prefeitura de Jundia\u00ed trabalhou para liberar o tr\u00e1fego pela avenida Osmundo dos Santos Pellegrini. Outros reparos recentes ocorreram no canteiro central desta via, al\u00e9m da execu\u00e7\u00e3o de faixa de desacelera\u00e7\u00e3o, retifica\u00e7\u00e3o da curva de acesso \u00e0 Marginal Sul da rodovia Anhanguera, acoplamento da via ao viaduto e a conclus\u00e3o da ciclovia que passa pela edifica\u00e7\u00e3o.<\/p>\n<div id=\"attachment_236508\" style=\"width: 1034px\" class=\"wp-caption aligncenter\"><img loading=\"lazy\" decoding=\"async\" aria-describedby=\"caption-attachment-236508\" class=\"wp-image-236508 size-large\" src=\"https:\/\/jundiai.sp.gov.br\/noticias\/wp-content\/uploads\/sites\/32\/2019\/10\/dji_0840-1280x960.jpg\" alt=\"Viaduto das Valqu\u00edrias ter\u00e1 a pista sentido-Vetor Oeste aberta ao tr\u00e1fego no dia 20 de outubro\" width=\"1024\" height=\"768\" srcset=\"https:\/\/jundiai.sp.gov.br\/noticias\/wp-content\/uploads\/sites\/32\/2019\/10\/dji_0840-1280x960.jpg 1280w, https:\/\/jundiai.sp.gov.br\/noticias\/wp-content\/uploads\/sites\/32\/2019\/10\/dji_0840-300x225.jpg 300w, https:\/\/jundiai.sp.gov.br\/noticias\/wp-content\/uploads\/sites\/32\/2019\/10\/dji_0840-768x575.jpg 768w, https:\/\/jundiai.sp.gov.br\/noticias\/wp-content\/uploads\/sites\/32\/2019\/10\/dji_0840.jpg 1323w\" sizes=\"auto, (max-width: 1024px) 100vw, 1024px\" \/><p id=\"caption-attachment-236508\" class=\"wp-caption-text\">Viaduto das Valqu\u00edrias \u00e9 a mais importante obra de mobilidade da atual gest\u00e3o<\/p><\/div>\n<p>No dia 10 de maio, a Prefeitura liberou mais um acesso \u00e0 Marginal da Anhanguera que estava fechado por conta das obras no Viaduto das Valqu\u00edrias &#8211; a rua Elias Juvenal de Melo, que leva os motoristas que v\u00eam da rua Bar\u00e3o de Teff\u00e9 em dire\u00e7\u00e3o \u00e0 Anhanguera (SSP-330). Na ocasi\u00e3o, o prefeito Luiz Fernando Machado destacou a import\u00e2ncia de toda a obra para a cidade. \u201cJunto com o novo viaduto da Avenida 9 de Julho, esta \u00e9 uma das mais importantes obras de mobilidade realizadas em Jundia\u00ed nos \u00faltimos anos. Quando o viaduto estiver pronto, os motoristas ter\u00e3o mais uma alternativa para chegar aos bairros do Vetor Oeste, regi\u00e3o que n\u00e3o para de crescer\u201d, comentou.<\/p>\n<p><strong>Espuma de asfalto<\/strong><br \/>\nEm janeiro deste ano, a Prefeitura de Jundia\u00ed utilizou, pela primeira vez em uma obra de recapeamento de via na cidade, um material recicl\u00e1vel fresado conhecido como \u201cespuma de asfalto\u201d. A t\u00e9cnica sustent\u00e1vel &#8211; j\u00e1 utilizada em v\u00e1rias cidades brasileiras &#8211; \u00e9 aplicada atualmente na melhoria da Avenida Osmundo dos Santos Pellegrini, no Retiro, que integrou a segunda fase do Viaduto das Valqu\u00edrias.<\/p>\n<p>Segundo o gestor-adjunto de Obras de Infraestrutura, Ademir Pedro Victor, o processo consiste na retirada da capa e da base do asfalto danificado, que \u00e9 levado para uma usina m\u00f3vel onde \u00e9, ent\u00e3o, reciclado at\u00e9 se transformar na espuma. \u201cO material \u00e9 fresado e depois misturado com cal, p\u00f3 de pedra, cimento asf\u00e1ltico de petr\u00f3leo e \u00e1gua, sendo depois processado numa temperatura de 160 graus\u201d, explicou.<\/p>\n<p>Al\u00e9m do ganho ambiental, j\u00e1 que o res\u00edduo n\u00e3o \u00e9 descartado, a t\u00e9cnica garantiu agilidade \u00e0 obra, uma vez que, por se tratar de uma usina m\u00f3vel, a reciclagem \u00e9 feita no pr\u00f3prio local e n\u00e3o h\u00e1 necessidade de grandes deslocamentos. \u201cH\u00e1 uma boa economia financeira tamb\u00e9m porque isso elimina a necessidade de comprar granulado para servir como base para o recapeamento\u201d, acrescentou Ademir.<\/p>\n<p><strong>Assessoria de Imprensa<br \/>\nFoto: Fot\u00f3grafos PMJ<\/strong><\/p>\n","protected":false},"excerpt":{"rendered":"<p>No pr\u00f3ximo dia 20, Jundia\u00ed vai ganhar por completo a mais importante obra de mobilidade da atual gest\u00e3o: o Viaduto do C\u00f3rrego das Valqu\u00edrias. Ele integra o Complexo Vi\u00e1rio Ary Fossen e oferecer\u00e1, em sua etapa final de constru\u00e7\u00e3o, uma alternativa de liga\u00e7\u00e3o entre o Centro e a Regi\u00e3o Oeste da cidade. Os \u00faltimos detalhes [&hellip;]<\/p>\n","protected":false},"author":54,"featured_media":236508,"comment_status":"closed","ping_status":"closed","sticky":false,"template":"","format":"standard","meta":{"footnotes":""},"categories":[2],"tags":[985,982,1121],"ods":[],"class_list":["post-236507","post","type-post","status-publish","format-standard","has-post-thumbnail","hentry","category-noticias","tag-infraestrutura-e-servicos-publicos","tag-mobilidade-e-transporte","tag-mobilidade-total"],"_links":{"self":[{"href":"https:\/\/jundiai.sp.gov.br\/noticias\/wp-json\/wp\/v2\/posts\/236507","targetHints":{"allow":["GET"]}}],"collection":[{"href":"https:\/\/jundiai.sp.gov.br\/noticias\/wp-json\/wp\/v2\/posts"}],"about":[{"href":"https:\/\/jundiai.sp.gov.br\/noticias\/wp-json\/wp\/v2\/types\/post"}],"author":[{"embeddable":true,"href":"https:\/\/jundiai.sp.gov.br\/noticias\/wp-json\/wp\/v2\/users\/54"}],"replies":[{"embeddable":true,"href":"https:\/\/jundiai.sp.gov.br\/noticias\/wp-json\/wp\/v2\/comments?post=236507"}],"version-history":[{"count":6,"href":"https:\/\/jundiai.sp.gov.br\/noticias\/wp-json\/wp\/v2\/posts\/236507\/revisions"}],"predecessor-version":[{"id":236520,"href":"https:\/\/jundiai.sp.gov.br\/noticias\/wp-json\/wp\/v2\/posts\/236507\/revisions\/236520"}],"wp:featuredmedia":[{"embeddable":true,"href":"https:\/\/jundiai.sp.gov.br\/noticias\/wp-json\/wp\/v2\/media\/236508"}],"wp:attachment":[{"href":"https:\/\/jundiai.sp.gov.br\/noticias\/wp-json\/wp\/v2\/media?parent=236507"}],"wp:term":[{"taxonomy":"category","embeddable":true,"href":"https:\/\/jundiai.sp.gov.br\/noticias\/wp-json\/wp\/v2\/categories?post=236507"},{"taxonomy":"post_tag","embeddable":true,"href":"https:\/\/jundiai.sp.gov.br\/noticias\/wp-json\/wp\/v2\/tags?post=236507"},{"taxonomy":"ods","embeddable":true,"href":"https:\/\/jundiai.sp.gov.br\/noticias\/wp-json\/wp\/v2\/ods?post=236507"}],"curies":[{"name":"wp","href":"https:\/\/api.w.org\/{rel}","templated":true}]}}