{"id":236528,"date":"2019-10-10T15:04:16","date_gmt":"2019-10-10T18:04:16","guid":{"rendered":"https:\/\/jundiai.sp.gov.br\/noticias\/?p=236528"},"modified":"2019-10-10T15:19:44","modified_gmt":"2019-10-10T18:19:44","slug":"equipe-do-sao-vicente-participa-de-workshop-no-sirio-libanes-para-promover-melhorias","status":"publish","type":"post","link":"https:\/\/jundiai.sp.gov.br\/noticias\/2019\/10\/10\/equipe-do-sao-vicente-participa-de-workshop-no-sirio-libanes-para-promover-melhorias\/","title":{"rendered":"Equipe do S\u00e3o Vicente participa de workshop no S\u00edrio-Liban\u00eas para promover melhorias"},"content":{"rendered":"<div id=\"attachment_236529\" style=\"width: 1290px\" class=\"wp-caption aligncenter\"><img loading=\"lazy\" decoding=\"async\" aria-describedby=\"caption-attachment-236529\" class=\"wp-image-236529 size-full\" src=\"https:\/\/jundiai.sp.gov.br\/noticias\/wp-content\/uploads\/sites\/32\/2019\/10\/whatsapp-image-2019-10-10-at-13-44-28.jpeg\" alt=\"\" width=\"1280\" height=\"960\" srcset=\"https:\/\/jundiai.sp.gov.br\/noticias\/wp-content\/uploads\/sites\/32\/2019\/10\/whatsapp-image-2019-10-10-at-13-44-28.jpeg 1280w, https:\/\/jundiai.sp.gov.br\/noticias\/wp-content\/uploads\/sites\/32\/2019\/10\/whatsapp-image-2019-10-10-at-13-44-28-300x225.jpeg 300w, https:\/\/jundiai.sp.gov.br\/noticias\/wp-content\/uploads\/sites\/32\/2019\/10\/whatsapp-image-2019-10-10-at-13-44-28-768x576.jpeg 768w\" sizes=\"auto, (max-width: 1280px) 100vw, 1280px\" \/><p id=\"caption-attachment-236529\" class=\"wp-caption-text\">Equipe do S\u00e3o Vicente durante evento no S\u00edrio-Liban\u00eas<\/p><\/div>\n<p>Nesta quinta-feira, 10, a equipe do Hospital de Caridade S\u00e3o Vicente de Paulo (HSV) participa do 2\u00ba Workshop de Capacita\u00e7\u00e3o sobre a Metodologia Lean nas Emerg\u00eancias, que ocorre o dia todo no Hospital S\u00edrio-Liban\u00eas, em S\u00e3o Paulo. Desde julho, o HSV participa da iniciativa do Minist\u00e9rio da Sa\u00fade, que visa promover melhorias no atendimento hospitalar de urg\u00eancia e emerg\u00eancia.<\/p>\n<p>&nbsp;<\/p>\n<p>Membros de v\u00e1rios setores do HSV participam do evento, que conta com palestras e apresenta\u00e7\u00f5es de hospitais que j\u00e1 passaram pelas a\u00e7\u00f5es do projeto. \u201cA cada dia percebemos os avan\u00e7os do Lean no nosso hospital e ficamos felizes em fazer parte do seleto grupo de 59 hospitais brasileiros inseridos nesta iniciativa\u201d, diz Matheus Gomes, superintendente do HSV.<\/p>\n<p>&nbsp;<\/p>\n<p>O Lean \u00e9 uma filosofia de gest\u00e3o voltada para melhoria de processos baseado em tempo e valor, desenhada para assegurar fluxos cont\u00ednuos e eliminar desperd\u00edcios e atividades de baixo valor agregado. Viabiliza redu\u00e7\u00e3o de superlota\u00e7\u00e3o nas emerg\u00eancias, padroniza processos internos, reduz tempo de interna\u00e7\u00e3o e propicia maior efetividade e produtividade.<\/p>\n<p>&nbsp;<\/p>\n<p><strong>Assessoria de Imprensa<\/strong><\/p>\n<p><strong>Hospital de Caridade S\u00e3o Vicente de Paulo <\/strong><\/p>\n<p><strong>\u00c9rica Fabiola Barlera G\u00e1spari<\/strong> \u2013 <a href=\"mailto:assessoria.imprensa@hsvicente.org.br\">assessoria.imprensa@hsvicente.org.br<\/a><\/p>\n<p><strong>Patr\u00edcia Pessoto<\/strong> \u2013 <a href=\"mailto:imprensa@hsvicente.org.br\">imprensa@hsvicente.org.br<\/a><\/p>\n<p>Telefone: (11)4583-8256<\/p>\n","protected":false},"excerpt":{"rendered":"<p>Nesta quinta-feira, 10, a equipe do Hospital de Caridade S\u00e3o Vicente de Paulo (HSV) participa do 2\u00ba Workshop de Capacita\u00e7\u00e3o sobre a Metodologia Lean nas Emerg\u00eancias, que ocorre o dia todo no Hospital S\u00edrio-Liban\u00eas, em S\u00e3o Paulo. Desde julho, o HSV participa da iniciativa do Minist\u00e9rio da Sa\u00fade, que visa promover melhorias no atendimento hospitalar [&hellip;]<\/p>\n","protected":false},"author":53,"featured_media":0,"comment_status":"closed","ping_status":"closed","sticky":false,"template":"","format":"standard","meta":{"footnotes":""},"categories":[2],"tags":[321],"ods":[],"class_list":["post-236528","post","type-post","status-publish","format-standard","hentry","category-noticias","tag-hospital-de-caridade-sao-vicente-de-paulo"],"_links":{"self":[{"href":"https:\/\/jundiai.sp.gov.br\/noticias\/wp-json\/wp\/v2\/posts\/236528","targetHints":{"allow":["GET"]}}],"collection":[{"href":"https:\/\/jundiai.sp.gov.br\/noticias\/wp-json\/wp\/v2\/posts"}],"about":[{"href":"https:\/\/jundiai.sp.gov.br\/noticias\/wp-json\/wp\/v2\/types\/post"}],"author":[{"embeddable":true,"href":"https:\/\/jundiai.sp.gov.br\/noticias\/wp-json\/wp\/v2\/users\/53"}],"replies":[{"embeddable":true,"href":"https:\/\/jundiai.sp.gov.br\/noticias\/wp-json\/wp\/v2\/comments?post=236528"}],"version-history":[{"count":1,"href":"https:\/\/jundiai.sp.gov.br\/noticias\/wp-json\/wp\/v2\/posts\/236528\/revisions"}],"predecessor-version":[{"id":236530,"href":"https:\/\/jundiai.sp.gov.br\/noticias\/wp-json\/wp\/v2\/posts\/236528\/revisions\/236530"}],"wp:attachment":[{"href":"https:\/\/jundiai.sp.gov.br\/noticias\/wp-json\/wp\/v2\/media?parent=236528"}],"wp:term":[{"taxonomy":"category","embeddable":true,"href":"https:\/\/jundiai.sp.gov.br\/noticias\/wp-json\/wp\/v2\/categories?post=236528"},{"taxonomy":"post_tag","embeddable":true,"href":"https:\/\/jundiai.sp.gov.br\/noticias\/wp-json\/wp\/v2\/tags?post=236528"},{"taxonomy":"ods","embeddable":true,"href":"https:\/\/jundiai.sp.gov.br\/noticias\/wp-json\/wp\/v2\/ods?post=236528"}],"curies":[{"name":"wp","href":"https:\/\/api.w.org\/{rel}","templated":true}]}}