{"id":236531,"date":"2019-10-10T15:12:32","date_gmt":"2019-10-10T18:12:32","guid":{"rendered":"https:\/\/jundiai.sp.gov.br\/noticias\/?p=236531"},"modified":"2019-10-10T15:12:32","modified_gmt":"2019-10-10T18:12:32","slug":"novo-microscopio-do-sao-vicente-eleva-o-nivel-dos-resultados-de-neurocirurgias","status":"publish","type":"post","link":"https:\/\/jundiai.sp.gov.br\/noticias\/2019\/10\/10\/novo-microscopio-do-sao-vicente-eleva-o-nivel-dos-resultados-de-neurocirurgias\/","title":{"rendered":"Novo microsc\u00f3pio do S\u00e3o Vicente eleva o n\u00edvel dos resultados de neurocirurgias"},"content":{"rendered":"<div id=\"attachment_236532\" style=\"width: 1034px\" class=\"wp-caption aligncenter\"><img loading=\"lazy\" decoding=\"async\" aria-describedby=\"caption-attachment-236532\" class=\"size-large wp-image-236532\" src=\"https:\/\/jundiai.sp.gov.br\/noticias\/wp-content\/uploads\/sites\/32\/2019\/10\/microscopio-neurocirurgia-2-1280x719.jpg\" alt=\"\" width=\"1024\" height=\"575\" srcset=\"https:\/\/jundiai.sp.gov.br\/noticias\/wp-content\/uploads\/sites\/32\/2019\/10\/microscopio-neurocirurgia-2-1280x719.jpg 1280w, https:\/\/jundiai.sp.gov.br\/noticias\/wp-content\/uploads\/sites\/32\/2019\/10\/microscopio-neurocirurgia-2-300x168.jpg 300w, https:\/\/jundiai.sp.gov.br\/noticias\/wp-content\/uploads\/sites\/32\/2019\/10\/microscopio-neurocirurgia-2-768x431.jpg 768w\" sizes=\"auto, (max-width: 1024px) 100vw, 1024px\" \/><p id=\"caption-attachment-236532\" class=\"wp-caption-text\">Novo equipamento j\u00e1 est\u00e1 instalado e em opera\u00e7\u00e3o<\/p><\/div>\n<p>J\u00e1 em funcionamento, o novo equipamento doado pela Equipe de Neurocirurgia do Hospital S\u00e3o Vicente de Paulo (HSV), foi recebido na segunda-feira, dia 08, pelos profissionais da especialidade. O Microsc\u00f3pio modelo F20 \u00e9 su\u00ed\u00e7o, da marca Leica, uma das l\u00edderes do mercado no desenvolvimento de microsc\u00f3pios e instrumentos cient\u00edficos para an\u00e1lise de microestruturas e nanoestruturas. O equipamento facilita a atua\u00e7\u00e3o dos m\u00e9dicos e agrega ao parque tecnol\u00f3gico do setor, j\u00e1 formado por dois microsc\u00f3pios nacionais.<\/p>\n<p>&nbsp;<\/p>\n<p>\u201c\u00c9 um aparelho top de linha, com uma qualidade muito superior ao que j\u00e1 possu\u00edmos. Ele nos proporciona uma vis\u00e3o extremamente n\u00edtida durante o procedimento, a ilumina\u00e7\u00e3o \u00e9 melhor e a lente \u00e9 de alta resolu\u00e7\u00e3o. Esse novo equipamento eleva o n\u00edvel dos resultados nas cirurgias. Com certeza, uma grande conquista para nossa equipe e para a institui\u00e7\u00e3o\u201d, disse o neurocirurgi\u00e3o, Dr. Allan Zimmermann.<\/p>\n<p>&nbsp;<\/p>\n<p>O aparelho ser\u00e1 utilizado em diversas abordagens da neurocir\u00fargica como o tratamento de doen\u00e7as do sistema nervoso central e perif\u00e9rico, tais como, tumores, doen\u00e7as vasculares, degenerativas, traumas cr\u00e2nio-encef\u00e1licos, entre outras. A primeira cirurgia com o equipamento foi realizada no mesmo dia.<\/p>\n<p>&nbsp;<\/p>\n<p>\u201cFoi uma micro cirurgia de um tumor cerebral. O novo microsc\u00f3pio auxilia na dosagem e na t\u00e9cnica da cirurgia. O procedimento ocorreu bem e o paciente j\u00e1 apresenta uma boa recupera\u00e7\u00e3o\u201d, conta Dr. Denis Isao Ueoka, neurocirurgi\u00e3o.<\/p>\n<div id=\"attachment_236533\" style=\"width: 1034px\" class=\"wp-caption aligncenter\"><img loading=\"lazy\" decoding=\"async\" aria-describedby=\"caption-attachment-236533\" class=\"size-large wp-image-236533\" src=\"https:\/\/jundiai.sp.gov.br\/noticias\/wp-content\/uploads\/sites\/32\/2019\/10\/microscopio-neurocirurgia-1-1220x960.jpg\" alt=\"\" width=\"1024\" height=\"806\" srcset=\"https:\/\/jundiai.sp.gov.br\/noticias\/wp-content\/uploads\/sites\/32\/2019\/10\/microscopio-neurocirurgia-1-1220x960.jpg 1220w, https:\/\/jundiai.sp.gov.br\/noticias\/wp-content\/uploads\/sites\/32\/2019\/10\/microscopio-neurocirurgia-1-300x236.jpg 300w, https:\/\/jundiai.sp.gov.br\/noticias\/wp-content\/uploads\/sites\/32\/2019\/10\/microscopio-neurocirurgia-1-768x605.jpg 768w\" sizes=\"auto, (max-width: 1024px) 100vw, 1024px\" \/><p id=\"caption-attachment-236533\" class=\"wp-caption-text\">Parte da equipe que doou o equipamento ao S\u00e3o Vicente<\/p><\/div>\n<p>&nbsp;<\/p>\n<p>Fotos: Assessoria de Imprensa do HSV<\/p>\n<p>&nbsp;<\/p>\n<p><strong>Assessoria de Imprensa<\/strong><\/p>\n<p><strong>Hospital de Caridade S\u00e3o Vicente de Paulo <\/strong><\/p>\n<p><strong>\u00c9rica Fabiola Barlera G\u00e1spari<\/strong> \u2013 <a href=\"mailto:assessoria.imprensa@hsvicente.org.br\">assessoria.imprensa@hsvicente.org.br<\/a><\/p>\n<p><strong>Patr\u00edcia Pessoto<\/strong> \u2013 <a href=\"mailto:imprensa@hsvicente.org.br\">imprensa@hsvicente.org.br<\/a><\/p>\n<p>Telefone: (11)4583-8256<\/p>\n","protected":false},"excerpt":{"rendered":"<p>J\u00e1 em funcionamento, o novo equipamento doado pela Equipe de Neurocirurgia do Hospital S\u00e3o Vicente de Paulo (HSV), foi recebido na segunda-feira, dia 08, pelos profissionais da especialidade. O Microsc\u00f3pio modelo F20 \u00e9 su\u00ed\u00e7o, da marca Leica, uma das l\u00edderes do mercado no desenvolvimento de microsc\u00f3pios e instrumentos cient\u00edficos para an\u00e1lise de microestruturas e nanoestruturas. [&hellip;]<\/p>\n","protected":false},"author":53,"featured_media":0,"comment_status":"closed","ping_status":"closed","sticky":false,"template":"","format":"standard","meta":{"footnotes":""},"categories":[2],"tags":[321],"ods":[],"class_list":["post-236531","post","type-post","status-publish","format-standard","hentry","category-noticias","tag-hospital-de-caridade-sao-vicente-de-paulo"],"_links":{"self":[{"href":"https:\/\/jundiai.sp.gov.br\/noticias\/wp-json\/wp\/v2\/posts\/236531","targetHints":{"allow":["GET"]}}],"collection":[{"href":"https:\/\/jundiai.sp.gov.br\/noticias\/wp-json\/wp\/v2\/posts"}],"about":[{"href":"https:\/\/jundiai.sp.gov.br\/noticias\/wp-json\/wp\/v2\/types\/post"}],"author":[{"embeddable":true,"href":"https:\/\/jundiai.sp.gov.br\/noticias\/wp-json\/wp\/v2\/users\/53"}],"replies":[{"embeddable":true,"href":"https:\/\/jundiai.sp.gov.br\/noticias\/wp-json\/wp\/v2\/comments?post=236531"}],"version-history":[{"count":1,"href":"https:\/\/jundiai.sp.gov.br\/noticias\/wp-json\/wp\/v2\/posts\/236531\/revisions"}],"predecessor-version":[{"id":236534,"href":"https:\/\/jundiai.sp.gov.br\/noticias\/wp-json\/wp\/v2\/posts\/236531\/revisions\/236534"}],"wp:attachment":[{"href":"https:\/\/jundiai.sp.gov.br\/noticias\/wp-json\/wp\/v2\/media?parent=236531"}],"wp:term":[{"taxonomy":"category","embeddable":true,"href":"https:\/\/jundiai.sp.gov.br\/noticias\/wp-json\/wp\/v2\/categories?post=236531"},{"taxonomy":"post_tag","embeddable":true,"href":"https:\/\/jundiai.sp.gov.br\/noticias\/wp-json\/wp\/v2\/tags?post=236531"},{"taxonomy":"ods","embeddable":true,"href":"https:\/\/jundiai.sp.gov.br\/noticias\/wp-json\/wp\/v2\/ods?post=236531"}],"curies":[{"name":"wp","href":"https:\/\/api.w.org\/{rel}","templated":true}]}}