{"id":236535,"date":"2019-10-10T15:18:30","date_gmt":"2019-10-10T18:18:30","guid":{"rendered":"https:\/\/jundiai.sp.gov.br\/noticias\/?p=236535"},"modified":"2019-10-10T15:19:04","modified_gmt":"2019-10-10T18:19:04","slug":"em-acao-inedita-sao-vicente-utiliza-beneficio-da-imunidade-tributaria-para-aquisicao-de-novas-camas","status":"publish","type":"post","link":"https:\/\/jundiai.sp.gov.br\/noticias\/2019\/10\/10\/em-acao-inedita-sao-vicente-utiliza-beneficio-da-imunidade-tributaria-para-aquisicao-de-novas-camas\/","title":{"rendered":"Em a\u00e7\u00e3o in\u00e9dita, S\u00e3o Vicente utiliza benef\u00edcio da imunidade tribut\u00e1ria para aquisi\u00e7\u00e3o de novas camas"},"content":{"rendered":"<div id=\"attachment_236536\" style=\"width: 1034px\" class=\"wp-caption aligncenter\"><img loading=\"lazy\" decoding=\"async\" aria-describedby=\"caption-attachment-236536\" class=\"size-large wp-image-236536\" src=\"https:\/\/jundiai.sp.gov.br\/noticias\/wp-content\/uploads\/sites\/32\/2019\/10\/chegada-de-novas-camas-1-1280x960.jpg\" alt=\"\" width=\"1024\" height=\"768\" srcset=\"https:\/\/jundiai.sp.gov.br\/noticias\/wp-content\/uploads\/sites\/32\/2019\/10\/chegada-de-novas-camas-1-1280x960.jpg 1280w, https:\/\/jundiai.sp.gov.br\/noticias\/wp-content\/uploads\/sites\/32\/2019\/10\/chegada-de-novas-camas-1-300x225.jpg 300w, https:\/\/jundiai.sp.gov.br\/noticias\/wp-content\/uploads\/sites\/32\/2019\/10\/chegada-de-novas-camas-1-768x576.jpg 768w\" sizes=\"auto, (max-width: 1024px) 100vw, 1024px\" \/><p id=\"caption-attachment-236536\" class=\"wp-caption-text\">Superintendente, Matheus Gomes recebe, junto \u00e0 equipe do HSV, as novas camas adquiridas com o beneficio da isen\u00e7\u00e3o de impostos<\/p><\/div>\n<p>O Hospital de Caridade S\u00e3o Vicente de Paulo (HSV) recebeu as novas camas hospitalares que integram o projeto de revitaliza\u00e7\u00e3o de 72 quartos da institui\u00e7\u00e3o, \u201cAcolha um Quarto, Conforte Vidas\u201d. Utilizado pela primeira vez em toda a hist\u00f3ria do hospital, os leitos foram adquiridos por meio do benef\u00edcio da imunidade tribut\u00e1ria, concedido \u00e0 institui\u00e7\u00e3o devido a sua filantropia. Ao todo foram adquiridas 33 camas, e mais outras 33 est\u00e3o em fase de fabrica\u00e7\u00e3o.<\/p>\n<p>&nbsp;<\/p>\n<p>\u201cSendo um hospital de caridade, o S\u00e3o Vicente conta com a imunidade de impostos, incluindo os impostos sobre importa\u00e7\u00e3o e ICMS. N\u00e3o h\u00e1 registro da utiliza\u00e7\u00e3o deste benef\u00edcio pelo hospital, que proporciona uma redu\u00e7\u00e3o de aproximadamente 40% no custo final do equipamento importado. Por meio da gest\u00e3o eficiente agora temos a oportunidade de aplicar esse recurso, que tem grande import\u00e2ncia no desenvolvimento econ\u00f4mico do hospital, al\u00e9m de garantir maior qualidade e durabilidade dos equipamentos\u201d, conta o superintendente, Matheus Gomes.<\/p>\n<p>&nbsp;<\/p>\n<p>Com produ\u00e7\u00e3o na Turquia, as camas da marcar americana Stryker, l\u00edder mundial em tecnologia m\u00e9dica, foram importadas. \u201cS\u00e3o camas de primeira linha, que est\u00e3o no hall dos tr\u00eas maiores fabricantes do mundo. Dentre os diferenciais est\u00e3o a quinta roda, localizada no centro da cama e que facilita a movimenta\u00e7\u00e3o, a parte do dorso que \u00e9 radio transparente e tem um encaixe para o chassi dos raios x, ou seja, voc\u00ea n\u00e3o precisa levantar o paciente. As camas s\u00e3o totalmente el\u00e9tricas e possuem dois controles remotos. Os leitos tamb\u00e9m contam com um bot\u00e3o para reanima\u00e7\u00e3o cardiopulmonar, onde o equipamento abaixa automaticamente para que o m\u00e9dico realize os procedimentos adequados\u201d, explica o gestor da Engenharia Cl\u00ednica, Alcir Giorgiani.<\/p>\n<div id=\"attachment_236537\" style=\"width: 1034px\" class=\"wp-caption aligncenter\"><img loading=\"lazy\" decoding=\"async\" aria-describedby=\"caption-attachment-236537\" class=\"size-large wp-image-236537\" src=\"https:\/\/jundiai.sp.gov.br\/noticias\/wp-content\/uploads\/sites\/32\/2019\/10\/chegada-de-novas-camas-2-1280x960.jpg\" alt=\"\" width=\"1024\" height=\"768\" srcset=\"https:\/\/jundiai.sp.gov.br\/noticias\/wp-content\/uploads\/sites\/32\/2019\/10\/chegada-de-novas-camas-2-1280x960.jpg 1280w, https:\/\/jundiai.sp.gov.br\/noticias\/wp-content\/uploads\/sites\/32\/2019\/10\/chegada-de-novas-camas-2-300x225.jpg 300w, https:\/\/jundiai.sp.gov.br\/noticias\/wp-content\/uploads\/sites\/32\/2019\/10\/chegada-de-novas-camas-2-768x576.jpg 768w\" sizes=\"auto, (max-width: 1024px) 100vw, 1024px\" \/><p id=\"caption-attachment-236537\" class=\"wp-caption-text\">O HSV adquiriu 33 camas e outras 33 est\u00e3o em produ\u00e7\u00e3o<\/p><\/div>\n<p>Fotos: Assessoria de Imprensa do HSV<\/p>\n<p><strong>Assessoria de Imprensa<\/strong><\/p>\n<p><strong>Hospital de Caridade S\u00e3o Vicente de Paulo <\/strong><\/p>\n<p><strong>\u00c9rica Fabiola Barlera G\u00e1spari<\/strong> \u2013 <a href=\"mailto:assessoria.imprensa@hsvicente.org.br\">assessoria.imprensa@hsvicente.org.br<\/a><\/p>\n<p><strong>Patr\u00edcia Pessoto<\/strong> \u2013 <a href=\"mailto:imprensa@hsvicente.org.br\">imprensa@hsvicente.org.br<\/a><\/p>\n<p>Telefone: 11 4583-8256<\/p>\n","protected":false},"excerpt":{"rendered":"<p>O Hospital de Caridade S\u00e3o Vicente de Paulo (HSV) recebeu as novas camas hospitalares que integram o projeto de revitaliza\u00e7\u00e3o de 72 quartos da institui\u00e7\u00e3o, \u201cAcolha um Quarto, Conforte Vidas\u201d. Utilizado pela primeira vez em toda a hist\u00f3ria do hospital, os leitos foram adquiridos por meio do benef\u00edcio da imunidade tribut\u00e1ria, concedido \u00e0 institui\u00e7\u00e3o devido [&hellip;]<\/p>\n","protected":false},"author":53,"featured_media":0,"comment_status":"closed","ping_status":"closed","sticky":false,"template":"","format":"standard","meta":{"footnotes":""},"categories":[2],"tags":[321],"ods":[],"class_list":["post-236535","post","type-post","status-publish","format-standard","hentry","category-noticias","tag-hospital-de-caridade-sao-vicente-de-paulo"],"_links":{"self":[{"href":"https:\/\/jundiai.sp.gov.br\/noticias\/wp-json\/wp\/v2\/posts\/236535","targetHints":{"allow":["GET"]}}],"collection":[{"href":"https:\/\/jundiai.sp.gov.br\/noticias\/wp-json\/wp\/v2\/posts"}],"about":[{"href":"https:\/\/jundiai.sp.gov.br\/noticias\/wp-json\/wp\/v2\/types\/post"}],"author":[{"embeddable":true,"href":"https:\/\/jundiai.sp.gov.br\/noticias\/wp-json\/wp\/v2\/users\/53"}],"replies":[{"embeddable":true,"href":"https:\/\/jundiai.sp.gov.br\/noticias\/wp-json\/wp\/v2\/comments?post=236535"}],"version-history":[{"count":1,"href":"https:\/\/jundiai.sp.gov.br\/noticias\/wp-json\/wp\/v2\/posts\/236535\/revisions"}],"predecessor-version":[{"id":236538,"href":"https:\/\/jundiai.sp.gov.br\/noticias\/wp-json\/wp\/v2\/posts\/236535\/revisions\/236538"}],"wp:attachment":[{"href":"https:\/\/jundiai.sp.gov.br\/noticias\/wp-json\/wp\/v2\/media?parent=236535"}],"wp:term":[{"taxonomy":"category","embeddable":true,"href":"https:\/\/jundiai.sp.gov.br\/noticias\/wp-json\/wp\/v2\/categories?post=236535"},{"taxonomy":"post_tag","embeddable":true,"href":"https:\/\/jundiai.sp.gov.br\/noticias\/wp-json\/wp\/v2\/tags?post=236535"},{"taxonomy":"ods","embeddable":true,"href":"https:\/\/jundiai.sp.gov.br\/noticias\/wp-json\/wp\/v2\/ods?post=236535"}],"curies":[{"name":"wp","href":"https:\/\/api.w.org\/{rel}","templated":true}]}}