{"id":236640,"date":"2019-10-11T13:43:36","date_gmt":"2019-10-11T16:43:36","guid":{"rendered":"https:\/\/jundiai.sp.gov.br\/noticias\/?p=236640"},"modified":"2019-10-11T15:53:28","modified_gmt":"2019-10-11T18:53:28","slug":"campanha-permanente-arrecada-alimentos-nao-pereciveis-para-familias-em-vulnerabilidade","status":"publish","type":"post","link":"https:\/\/jundiai.sp.gov.br\/noticias\/2019\/10\/11\/campanha-permanente-arrecada-alimentos-nao-pereciveis-para-familias-em-vulnerabilidade\/","title":{"rendered":"Campanha Permanente arrecada alimentos n\u00e3o perec\u00edveis para fam\u00edlias em vulnerabilidade"},"content":{"rendered":"<p>Com voca\u00e7\u00e3o voltada \u00e0 qualifica\u00e7\u00e3o profissional gratuita, o Fundo Social de Solidariedade de Jundia\u00ed (Funss) vai al\u00e9m: transforma talento em oportunidade de gera\u00e7\u00e3o de renda, mas tamb\u00e9m acolhe as necessidades de pessoas que, por algum motivo, enfrentam outras dificuldades e precisam de ajuda imediata.<\/p>\n<p>Este trabalho chega \u00e0 popula\u00e7\u00e3o em vulnerabilidade por meio da Campanha Permanente de Solidariedade que, durante todo o ano, arrecada diferentes itens. \u201cTodas as doa\u00e7\u00f5es direcionadas para o Fundo Social passam por um processo de triagem e, em seguida, s\u00e3o encaminhadas \u00e0s entidades cadastradas, que fazem o repasse para as fam\u00edlias assistidas\u201d, explicou Vanessa Machado, presidente do Funss. Atualmente, mais de 130 institui\u00e7\u00f5es possuem os dados atualizados na unidade.<\/p>\n<div id=\"attachment_236665\" style=\"width: 1034px\" class=\"wp-caption aligncenter\"><img loading=\"lazy\" decoding=\"async\" aria-describedby=\"caption-attachment-236665\" class=\"size-large wp-image-236665\" src=\"https:\/\/jundiai.sp.gov.br\/noticias\/wp-content\/uploads\/sites\/32\/2019\/10\/campanha_permanente-2-1280x853.jpg\" alt=\"Sacolas de cestas b\u00e1sicas encaminhadas pelo Fundo Social\" width=\"1024\" height=\"682\" srcset=\"https:\/\/jundiai.sp.gov.br\/noticias\/wp-content\/uploads\/sites\/32\/2019\/10\/campanha_permanente-2-1280x853.jpg 1280w, https:\/\/jundiai.sp.gov.br\/noticias\/wp-content\/uploads\/sites\/32\/2019\/10\/campanha_permanente-2-300x200.jpg 300w, https:\/\/jundiai.sp.gov.br\/noticias\/wp-content\/uploads\/sites\/32\/2019\/10\/campanha_permanente-2-768x512.jpg 768w, https:\/\/jundiai.sp.gov.br\/noticias\/wp-content\/uploads\/sites\/32\/2019\/10\/campanha_permanente-2-450x300.jpg 450w\" sizes=\"auto, (max-width: 1024px) 100vw, 1024px\" \/><p id=\"caption-attachment-236665\" class=\"wp-caption-text\">Alimentos n\u00e3o perec\u00edveis s\u00e3o encaminhados para as entidades cadastradas<\/p><\/div>\n<p>O Col\u00e9gio Criarte, localizado no Jardim Bonfiglioli, j\u00e1 \u00e9 parceiro desta iniciativa. Todos os anos, a escola direciona ao Fundo Social as doa\u00e7\u00f5es angariadas pelos alunos durante a gincana. Em 2019, a programa\u00e7\u00e3o mobiliza 998 estudantes junto \u00e0s suas fam\u00edlias e a comunidade escolar e parte da arrecada\u00e7\u00e3o j\u00e1 chegou para a Campanha Permanente. \u201cEssa parceria da escola com o Fundo Social de Jundia\u00ed foi firmada por entendermos que a unidade prioriza e desenvolve diversos projetos para ampliar a qualidade de vida e diminuir a desigualdade social\u201d, afirmou a coordenadora pedag\u00f3gica, Michele Barrera Martin Azzoni.<\/p>\n<p><strong>O que voc\u00ea pode doar?<\/strong><\/p>\n<p>A maior parte das solicita\u00e7\u00f5es recebidas pelo Fundo Social \u00e9 composta por alimentos n\u00e3o perec\u00edveis e dentro do prazo de validade, bem como leite, fraldas infantis e geri\u00e1tricas. No entanto, a Campanha Permanente de Solidariedade tamb\u00e9m arrecada, continuadamente, vestu\u00e1rio, cal\u00e7ados, \u00e1gua mineral, roupas de cama e banho, al\u00e9m de produtos de higiene pessoal e de limpeza.<\/p>\n<p>Os itens podem ser entregues diretamente na sede do Funss, que fica dentro do Parque da Uva. O acesso \u00e9 pela Avenida Dona Manoela Lacerda de Vergueiro, s\/n, port\u00e3o 03, Anhangaba\u00fa. O funcionamento da unidade \u00e9 de segunda a sexta-feira, das 8h \u00e0s 17h, exceto feriados. Informa\u00e7\u00f5es podem ser obtidas pelos telefones (11) 4521-2762, 4521-2929 e 4521-6833.<\/p>\n<p><strong><em>Assessoria de Imprensa<\/em><\/strong><\/p>\n<p><strong><em>Fotos: Fot\u00f3grafos PMJ<\/em><\/strong><\/p>\n<p>&nbsp;<\/p>\n","protected":false},"excerpt":{"rendered":"<p>Com voca\u00e7\u00e3o voltada \u00e0 qualifica\u00e7\u00e3o profissional gratuita, o Fundo Social de Solidariedade de Jundia\u00ed (Funss) vai al\u00e9m: transforma talento em oportunidade de gera\u00e7\u00e3o de renda, mas tamb\u00e9m acolhe as necessidades de pessoas que, por algum motivo, enfrentam outras dificuldades e precisam de ajuda imediata. Este trabalho chega \u00e0 popula\u00e7\u00e3o em vulnerabilidade por meio da Campanha [&hellip;]<\/p>\n","protected":false},"author":49,"featured_media":236665,"comment_status":"closed","ping_status":"closed","sticky":false,"template":"","format":"standard","meta":{"footnotes":""},"categories":[2],"tags":[1025,416],"ods":[],"class_list":["post-236640","post","type-post","status-publish","format-standard","has-post-thumbnail","hentry","category-noticias","tag-campanha-permanente-de-solidariedade","tag-fundo-social-de-solidariedade-funss"],"_links":{"self":[{"href":"https:\/\/jundiai.sp.gov.br\/noticias\/wp-json\/wp\/v2\/posts\/236640","targetHints":{"allow":["GET"]}}],"collection":[{"href":"https:\/\/jundiai.sp.gov.br\/noticias\/wp-json\/wp\/v2\/posts"}],"about":[{"href":"https:\/\/jundiai.sp.gov.br\/noticias\/wp-json\/wp\/v2\/types\/post"}],"author":[{"embeddable":true,"href":"https:\/\/jundiai.sp.gov.br\/noticias\/wp-json\/wp\/v2\/users\/49"}],"replies":[{"embeddable":true,"href":"https:\/\/jundiai.sp.gov.br\/noticias\/wp-json\/wp\/v2\/comments?post=236640"}],"version-history":[{"count":2,"href":"https:\/\/jundiai.sp.gov.br\/noticias\/wp-json\/wp\/v2\/posts\/236640\/revisions"}],"predecessor-version":[{"id":236675,"href":"https:\/\/jundiai.sp.gov.br\/noticias\/wp-json\/wp\/v2\/posts\/236640\/revisions\/236675"}],"wp:featuredmedia":[{"embeddable":true,"href":"https:\/\/jundiai.sp.gov.br\/noticias\/wp-json\/wp\/v2\/media\/236665"}],"wp:attachment":[{"href":"https:\/\/jundiai.sp.gov.br\/noticias\/wp-json\/wp\/v2\/media?parent=236640"}],"wp:term":[{"taxonomy":"category","embeddable":true,"href":"https:\/\/jundiai.sp.gov.br\/noticias\/wp-json\/wp\/v2\/categories?post=236640"},{"taxonomy":"post_tag","embeddable":true,"href":"https:\/\/jundiai.sp.gov.br\/noticias\/wp-json\/wp\/v2\/tags?post=236640"},{"taxonomy":"ods","embeddable":true,"href":"https:\/\/jundiai.sp.gov.br\/noticias\/wp-json\/wp\/v2\/ods?post=236640"}],"curies":[{"name":"wp","href":"https:\/\/api.w.org\/{rel}","templated":true}]}}