{"id":236662,"date":"2019-10-11T14:55:17","date_gmt":"2019-10-11T17:55:17","guid":{"rendered":"https:\/\/jundiai.sp.gov.br\/noticias\/?p=236662"},"modified":"2019-10-11T14:55:17","modified_gmt":"2019-10-11T17:55:17","slug":"linhas-446-e-460-nao-circulam-no-feriado-escolar-do-dia-15","status":"publish","type":"post","link":"https:\/\/jundiai.sp.gov.br\/noticias\/2019\/10\/11\/linhas-446-e-460-nao-circulam-no-feriado-escolar-do-dia-15\/","title":{"rendered":"Linhas 446 e 460 n\u00e3o circulam no feriado escolar do dia 15"},"content":{"rendered":"<p>As linhas 446 e 460, que atendem respectivamente ao Jardim Novo Horizonte e ao bairro Bom Jardim, n\u00e3o circular\u00e3o na pr\u00f3xima ter\u00e7a-feira (15), feriado escolar do Dia do Professor. A opera\u00e7\u00e3o destas linhas ocorre somente durante o ano letivo, e na data n\u00e3o haver\u00e1 aulas na Escola Estadual Jurandyr de Sousa. Lima. J\u00e1 na segunda-feira (14), os \u00f4nibus destas linhas atender\u00e3o normalmente.<\/p>\n<p>&nbsp;<\/p>\n<div id=\"attachment_118614\" style=\"width: 690px\" class=\"wp-caption aligncenter\"><img loading=\"lazy\" decoding=\"async\" aria-describedby=\"caption-attachment-118614\" class=\"size-full wp-image-118614\" src=\"https:\/\/jundiai.sp.gov.br\/noticias\/wp-content\/uploads\/sites\/32\/2015\/02\/onibusnahighlight.jpg\" alt=\"Segunda (14) e ter\u00e7a-feira (15) tem mudan\u00e7as em tr\u00eas linhas de Jundia\u00ed\" width=\"680\" height=\"460\" srcset=\"https:\/\/jundiai.sp.gov.br\/noticias\/wp-content\/uploads\/sites\/32\/2015\/02\/onibusnahighlight.jpg 680w, https:\/\/jundiai.sp.gov.br\/noticias\/wp-content\/uploads\/sites\/32\/2015\/02\/onibusnahighlight-300x202.jpg 300w\" sizes=\"auto, (max-width: 680px) 100vw, 680px\" \/><p id=\"caption-attachment-118614\" class=\"wp-caption-text\">UGMT far\u00e1 mudan\u00e7as em tr\u00eas linhas nesta segunda (14) e ter\u00e7a-feira (15)<\/p><\/div>\n<p>&nbsp;<\/p>\n<p><strong>Linha 420<\/strong><\/p>\n<p>Outra altera\u00e7\u00e3o ser\u00e1 implementada pela UGMT nesta segunda-feira (14), referente \u00e0 linha 420 (Terminal Central &#8211; UniAnchieta). Com objetivo de melhorar o atendimento aos alunos do Centro de Integra\u00e7\u00e3o Empresa-Escola (CIEE), que participam de cursos no campus, a 420 ter\u00e1 duas novas viagens: \u00e0s 7h35 no Terminal Central e \u00e0s 14h05 saindo de frente ao campus.<\/p>\n<p>Vale lembrar que o campus da UniAnchieta tamb\u00e9m \u00e9 atendido pelas linhas 738 (Terminal Central &#8211; Santa Gertrudes) e 583 (Terminal Rami &#8211; Residencial Anchieta). A faculdade estar\u00e1 realizando o acompanhamento da altera\u00e7\u00e3o.<\/p>\n<p>A nova tabela de hor\u00e1rios destas linhas est\u00e1 dispon\u00edvel nos terminais e no Portal da Prefeitura de Jundia\u00ed (<a href=\"http:\/\/www.jundiai.sp.gov.br\/\" data-saferedirecturl=\"https:\/\/www.google.com\/url?q=http:\/\/www.jundiai.sp.gov.br\/&amp;source=gmail&amp;ust=1570896565582000&amp;usg=AFQjCNEg0lSdZmgKZLfeyfMY3H4nYng07Q\">www.jundiai.sp.gov.br<\/a>).<\/p>\n<p><strong>Assessoria de Imprensa<\/strong><\/p>\n<p><strong>Foto: Fot\u00f3grafos PMJ<\/strong><\/p>\n","protected":false},"excerpt":{"rendered":"<p>As linhas 446 e 460, que atendem respectivamente ao Jardim Novo Horizonte e ao bairro Bom Jardim, n\u00e3o circular\u00e3o na pr\u00f3xima ter\u00e7a-feira (15), feriado escolar do Dia do Professor. A opera\u00e7\u00e3o destas linhas ocorre somente durante o ano letivo, e na data n\u00e3o haver\u00e1 aulas na Escola Estadual Jurandyr de Sousa. Lima. J\u00e1 na segunda-feira [&hellip;]<\/p>\n","protected":false},"author":54,"featured_media":0,"comment_status":"closed","ping_status":"closed","sticky":false,"template":"","format":"standard","meta":{"footnotes":""},"categories":[2],"tags":[982,1121,39],"ods":[],"class_list":["post-236662","post","type-post","status-publish","format-standard","hentry","category-noticias","tag-mobilidade-e-transporte","tag-mobilidade-total","tag-mobilidade-urbana"],"_links":{"self":[{"href":"https:\/\/jundiai.sp.gov.br\/noticias\/wp-json\/wp\/v2\/posts\/236662","targetHints":{"allow":["GET"]}}],"collection":[{"href":"https:\/\/jundiai.sp.gov.br\/noticias\/wp-json\/wp\/v2\/posts"}],"about":[{"href":"https:\/\/jundiai.sp.gov.br\/noticias\/wp-json\/wp\/v2\/types\/post"}],"author":[{"embeddable":true,"href":"https:\/\/jundiai.sp.gov.br\/noticias\/wp-json\/wp\/v2\/users\/54"}],"replies":[{"embeddable":true,"href":"https:\/\/jundiai.sp.gov.br\/noticias\/wp-json\/wp\/v2\/comments?post=236662"}],"version-history":[{"count":5,"href":"https:\/\/jundiai.sp.gov.br\/noticias\/wp-json\/wp\/v2\/posts\/236662\/revisions"}],"predecessor-version":[{"id":236673,"href":"https:\/\/jundiai.sp.gov.br\/noticias\/wp-json\/wp\/v2\/posts\/236662\/revisions\/236673"}],"wp:attachment":[{"href":"https:\/\/jundiai.sp.gov.br\/noticias\/wp-json\/wp\/v2\/media?parent=236662"}],"wp:term":[{"taxonomy":"category","embeddable":true,"href":"https:\/\/jundiai.sp.gov.br\/noticias\/wp-json\/wp\/v2\/categories?post=236662"},{"taxonomy":"post_tag","embeddable":true,"href":"https:\/\/jundiai.sp.gov.br\/noticias\/wp-json\/wp\/v2\/tags?post=236662"},{"taxonomy":"ods","embeddable":true,"href":"https:\/\/jundiai.sp.gov.br\/noticias\/wp-json\/wp\/v2\/ods?post=236662"}],"curies":[{"name":"wp","href":"https:\/\/api.w.org\/{rel}","templated":true}]}}