{"id":236735,"date":"2019-10-12T14:47:20","date_gmt":"2019-10-12T17:47:20","guid":{"rendered":"https:\/\/jundiai.sp.gov.br\/noticias\/?p=236735"},"modified":"2019-10-14T09:24:48","modified_gmt":"2019-10-14T12:24:48","slug":"familias-comemoram-dia-das-criancas-em-parques-da-cidade","status":"publish","type":"post","link":"https:\/\/jundiai.sp.gov.br\/noticias\/2019\/10\/12\/familias-comemoram-dia-das-criancas-em-parques-da-cidade\/","title":{"rendered":"Fam\u00edlias comemoram Dia das Crian\u00e7as em parques da cidade"},"content":{"rendered":"<p>Alegria e muita divers\u00e3o deram o tom nas festas em comemora\u00e7\u00e3o ao Dia das Crian\u00e7as no Parque do Trabalhador, no Corrupira, e no Parque da Cidade. O sol colaborou e as fam\u00edlias puderam aproveitar o s\u00e1bado (12) e curtir as atra\u00e7\u00f5es.<\/p>\n<p>No Parque do Trabalhador, as fam\u00edlias come\u00e7aram a chegar assim que os port\u00f5es foram abertos, \u00e0s 6h.\u201cVim cedinho. Trouxe meus oito netos e toda a minha fam\u00edlia para um churrasco. Adoramos esse lugar e a festa que fazem para as crian\u00e7as. Todos os anos, prestigiamos\u201d, comentou o mestre de obras Aparecido Sales.<\/p>\n<div id=\"attachment_236737\" style=\"width: 1034px\" class=\"wp-caption aligncenter\"><img loading=\"lazy\" decoding=\"async\" aria-describedby=\"caption-attachment-236737\" class=\"wp-image-236737 size-large\" src=\"https:\/\/jundiai.sp.gov.br\/noticias\/wp-content\/uploads\/sites\/32\/2019\/10\/parque_currupira_dia_das_criancas-265-1280x853.jpg\" alt=\"Crian\u00e7as brincando no Parque do Trabalhador\" width=\"1024\" height=\"682\" srcset=\"https:\/\/jundiai.sp.gov.br\/noticias\/wp-content\/uploads\/sites\/32\/2019\/10\/parque_currupira_dia_das_criancas-265-1280x853.jpg 1280w, https:\/\/jundiai.sp.gov.br\/noticias\/wp-content\/uploads\/sites\/32\/2019\/10\/parque_currupira_dia_das_criancas-265-300x200.jpg 300w, https:\/\/jundiai.sp.gov.br\/noticias\/wp-content\/uploads\/sites\/32\/2019\/10\/parque_currupira_dia_das_criancas-265-768x512.jpg 768w, https:\/\/jundiai.sp.gov.br\/noticias\/wp-content\/uploads\/sites\/32\/2019\/10\/parque_currupira_dia_das_criancas-265-450x300.jpg 450w, https:\/\/jundiai.sp.gov.br\/noticias\/wp-content\/uploads\/sites\/32\/2019\/10\/parque_currupira_dia_das_criancas-265.jpg 1323w\" sizes=\"auto, (max-width: 1024px) 100vw, 1024px\" \/><p id=\"caption-attachment-236737\" class=\"wp-caption-text\">A recrea\u00e7\u00e3o com monitores chamou a aten\u00e7\u00e3o de muitas crian\u00e7as no Parque do Trabalhador<\/p><\/div>\n<p>Neste ano, a programa\u00e7\u00e3o contou com apresenta\u00e7\u00e3o teatral do grupo Rick &amp; Kelly, mostra de dan\u00e7a com o grupo Hip Hop District, shows musicais, pintura facial, brinquedos infl\u00e1veis, recrea\u00e7\u00e3o com monitores, al\u00e9m do tradicional trenzinho do parque. Yuri Andrade Lara e o amigo Alisson da Silva, ambos de sete anos, ficaram encantados com tantas atra\u00e7\u00f5es. \u201cEst\u00e1 maravilhoso. Estou adorando. J\u00e1 fizemos um pouco de tudo\u201d, destacou Yuri.<\/p>\n<p>O preparador de m\u00e1quinas Thiago Franco tamb\u00e9m aprovou a festa. \u201cVim com a minha esposa e meus filhos de dois e 12 anos. Aqui sempre tem muitas atividades. A divers\u00e3o \u00e9 garantida. Quando eu era pequeno, eu aproveitei muito o Corrupira. Agora fa\u00e7o quest\u00e3o de trazer minha fam\u00edlia para um Dia das Crian\u00e7as como deve ser: divertido e feliz. \u201d<\/p>\n<div id=\"attachment_236736\" style=\"width: 1034px\" class=\"wp-caption aligncenter\"><img loading=\"lazy\" decoding=\"async\" aria-describedby=\"caption-attachment-236736\" class=\"size-large wp-image-236736\" src=\"https:\/\/jundiai.sp.gov.br\/noticias\/wp-content\/uploads\/sites\/32\/2019\/10\/parque_currupira_dia_das_criancas-124-1280x853.jpg\" alt=\"\" width=\"1024\" height=\"682\" srcset=\"https:\/\/jundiai.sp.gov.br\/noticias\/wp-content\/uploads\/sites\/32\/2019\/10\/parque_currupira_dia_das_criancas-124-1280x853.jpg 1280w, https:\/\/jundiai.sp.gov.br\/noticias\/wp-content\/uploads\/sites\/32\/2019\/10\/parque_currupira_dia_das_criancas-124-300x200.jpg 300w, https:\/\/jundiai.sp.gov.br\/noticias\/wp-content\/uploads\/sites\/32\/2019\/10\/parque_currupira_dia_das_criancas-124-768x512.jpg 768w, https:\/\/jundiai.sp.gov.br\/noticias\/wp-content\/uploads\/sites\/32\/2019\/10\/parque_currupira_dia_das_criancas-124-450x300.jpg 450w, https:\/\/jundiai.sp.gov.br\/noticias\/wp-content\/uploads\/sites\/32\/2019\/10\/parque_currupira_dia_das_criancas-124.jpg 1323w\" sizes=\"auto, (max-width: 1024px) 100vw, 1024px\" \/><p id=\"caption-attachment-236736\" class=\"wp-caption-text\">Thiago fez quest\u00e3o de levar a fam\u00edlia ao Corrupira<\/p><\/div>\n<p>De acordo com o gestor de Cultura (UGC), Marcelo Peroni, o objetivo da Prefeitura de Jundia\u00ed ao realizar essa comemora\u00e7\u00e3o \u00e9 manter a tradi\u00e7\u00e3o em se comemorar a festa das crian\u00e7as no Corrupira. \u201c\u00c9 algo cultural. Ficamos felizes em poder propiciar esse contato com a natureza, com a cultura e estimular, nesse dia, a brincadeira. Somos uma Cidade das Crian\u00e7as e estimulados o brincar e a ocupa\u00e7\u00e3o do munic\u00edpio pelas crian\u00e7as. \u201d<\/p>\n<p><strong>Parque da Cidade<\/strong><\/p>\n<p>J\u00e1 no Parque da Cidade um dos pontos altos foi o projeto Pra\u00e7a da Cidadania, que levou cultura e presta\u00e7\u00e3o de servi\u00e7o \u00e0 Pra\u00e7a P\u00f4r do Sol, al\u00e9m da apresenta\u00e7\u00e3o do Canil da Guarda Municipal e da aula de zumba. Os cortejos da Cia. de Teatro de Jundia\u00ed e da Cia. Giro Biombo percorreram o parque e encantaram pessoas de todas as idades.<\/p>\n<p>Atividades recreativas, conta\u00e7\u00e3o de hist\u00f3rias, apresenta\u00e7\u00e3o circense e um cinema itinerante tamb\u00e9m fizeram parte da programa\u00e7\u00e3o. Quem compareceu, ainda curtiu a paisagem e as \u00e1reas do Parque.<\/p>\n<div id=\"attachment_236738\" style=\"width: 1034px\" class=\"wp-caption aligncenter\"><img loading=\"lazy\" decoding=\"async\" aria-describedby=\"caption-attachment-236738\" class=\"size-full wp-image-236738\" src=\"https:\/\/jundiai.sp.gov.br\/noticias\/wp-content\/uploads\/sites\/32\/2019\/10\/atracoes-parque-da-cidade.jpeg\" alt=\"Pessoas fazendo dan\u00e7ando no Parque da Cidade\" width=\"1024\" height=\"768\" srcset=\"https:\/\/jundiai.sp.gov.br\/noticias\/wp-content\/uploads\/sites\/32\/2019\/10\/atracoes-parque-da-cidade.jpeg 1024w, https:\/\/jundiai.sp.gov.br\/noticias\/wp-content\/uploads\/sites\/32\/2019\/10\/atracoes-parque-da-cidade-300x225.jpeg 300w, https:\/\/jundiai.sp.gov.br\/noticias\/wp-content\/uploads\/sites\/32\/2019\/10\/atracoes-parque-da-cidade-768x576.jpeg 768w\" sizes=\"auto, (max-width: 1024px) 100vw, 1024px\" \/><p id=\"caption-attachment-236738\" class=\"wp-caption-text\">No Parque da Cidade, a aula de zumba foi uma das atra\u00e7\u00f5es<\/p><\/div>\n<p>A supervisora de RH D\u00e9bora Pereira foi \u00e0 festa acompanhada do marido, Mauro Pereira, e do filho, Mateus. &#8220;Estou maravilhada com o Parque da Cidade. A festa est\u00e1 \u00f3tima&#8221;, contou. A dona de casa Talita Silva tamb\u00e9m reuniu a fam\u00edlia para comemorar o dia na festa do Parque da Cidade e, de quebra, ainda fez um piquenique. &#8220;A festa est\u00e1 uma del\u00edcia e foi uma \u00f3tima ideia ter vindo passar o dia aqui.&#8221;<\/p>\n<p>Para o diretor presidente da DAE, Eduardo Santos Palhares, o evento refor\u00e7a o car\u00e1ter democr\u00e1tico do Parque da Cidade. &#8220;S\u00f3 temos a agradecer \u00e0s parcerias que permitiram que esta festa fosse realizada. S\u00e3o a\u00e7\u00f5es como esta que ajudam a DAE a promover uma festa t\u00e3o bonita, com atra\u00e7\u00f5es gratuitas, para fam\u00edlias de Jundia\u00ed e regi\u00e3o&#8221;, avaliou.<\/p>\n<div id=\"attachment_236739\" style=\"width: 1034px\" class=\"wp-caption aligncenter\"><img loading=\"lazy\" decoding=\"async\" aria-describedby=\"caption-attachment-236739\" class=\"size-full wp-image-236739\" src=\"https:\/\/jundiai.sp.gov.br\/noticias\/wp-content\/uploads\/sites\/32\/2019\/10\/familia-da-talita-silva.jpeg\" alt=\"Pessoas sentadas em piquineque\" width=\"1024\" height=\"768\" srcset=\"https:\/\/jundiai.sp.gov.br\/noticias\/wp-content\/uploads\/sites\/32\/2019\/10\/familia-da-talita-silva.jpeg 1024w, https:\/\/jundiai.sp.gov.br\/noticias\/wp-content\/uploads\/sites\/32\/2019\/10\/familia-da-talita-silva-300x225.jpeg 300w, https:\/\/jundiai.sp.gov.br\/noticias\/wp-content\/uploads\/sites\/32\/2019\/10\/familia-da-talita-silva-768x576.jpeg 768w\" sizes=\"auto, (max-width: 1024px) 100vw, 1024px\" \/><p id=\"caption-attachment-236739\" class=\"wp-caption-text\">A fam\u00edlia da Talita aproveitou e fez um piquenique<\/p><\/div>\n<p>&nbsp;<\/p>\n<p>&nbsp;<\/p>\n<p><strong>Assessoria de Imprensa<\/strong><br \/>\n<strong>Fotos: Fot\u00f3grafos PMJ e DAE<\/strong><\/p>\n<p>&nbsp;<\/p>\n","protected":false},"excerpt":{"rendered":"<p>Alegria e muita divers\u00e3o deram o tom nas festas em comemora\u00e7\u00e3o ao Dia das Crian\u00e7as no Parque do Trabalhador, no Corrupira, e no Parque da Cidade. O sol colaborou e as fam\u00edlias puderam aproveitar o s\u00e1bado (12) e curtir as atra\u00e7\u00f5es. No Parque do Trabalhador, as fam\u00edlias come\u00e7aram a chegar assim que os port\u00f5es foram [&hellip;]<\/p>\n","protected":false},"author":50,"featured_media":236741,"comment_status":"closed","ping_status":"closed","sticky":false,"template":"","format":"standard","meta":{"footnotes":""},"categories":[2],"tags":[1154,29,66,47,653],"ods":[],"class_list":["post-236735","post","type-post","status-publish","format-standard","has-post-thumbnail","hentry","category-noticias","tag-cidade-das-criancas","tag-cultura","tag-dae","tag-parque-da-cidade","tag-parque-do-trabalhador-corrupira"],"_links":{"self":[{"href":"https:\/\/jundiai.sp.gov.br\/noticias\/wp-json\/wp\/v2\/posts\/236735","targetHints":{"allow":["GET"]}}],"collection":[{"href":"https:\/\/jundiai.sp.gov.br\/noticias\/wp-json\/wp\/v2\/posts"}],"about":[{"href":"https:\/\/jundiai.sp.gov.br\/noticias\/wp-json\/wp\/v2\/types\/post"}],"author":[{"embeddable":true,"href":"https:\/\/jundiai.sp.gov.br\/noticias\/wp-json\/wp\/v2\/users\/50"}],"replies":[{"embeddable":true,"href":"https:\/\/jundiai.sp.gov.br\/noticias\/wp-json\/wp\/v2\/comments?post=236735"}],"version-history":[{"count":4,"href":"https:\/\/jundiai.sp.gov.br\/noticias\/wp-json\/wp\/v2\/posts\/236735\/revisions"}],"predecessor-version":[{"id":236745,"href":"https:\/\/jundiai.sp.gov.br\/noticias\/wp-json\/wp\/v2\/posts\/236735\/revisions\/236745"}],"wp:featuredmedia":[{"embeddable":true,"href":"https:\/\/jundiai.sp.gov.br\/noticias\/wp-json\/wp\/v2\/media\/236741"}],"wp:attachment":[{"href":"https:\/\/jundiai.sp.gov.br\/noticias\/wp-json\/wp\/v2\/media?parent=236735"}],"wp:term":[{"taxonomy":"category","embeddable":true,"href":"https:\/\/jundiai.sp.gov.br\/noticias\/wp-json\/wp\/v2\/categories?post=236735"},{"taxonomy":"post_tag","embeddable":true,"href":"https:\/\/jundiai.sp.gov.br\/noticias\/wp-json\/wp\/v2\/tags?post=236735"},{"taxonomy":"ods","embeddable":true,"href":"https:\/\/jundiai.sp.gov.br\/noticias\/wp-json\/wp\/v2\/ods?post=236735"}],"curies":[{"name":"wp","href":"https:\/\/api.w.org\/{rel}","templated":true}]}}