{"id":237088,"date":"2019-10-17T17:55:18","date_gmt":"2019-10-17T20:55:18","guid":{"rendered":"https:\/\/jundiai.sp.gov.br\/noticias\/?p=237088"},"modified":"2019-10-17T18:00:20","modified_gmt":"2019-10-17T21:00:20","slug":"linha-escolar-nao-circulara-nesta-sexta-feira-18","status":"publish","type":"post","link":"https:\/\/jundiai.sp.gov.br\/noticias\/2019\/10\/17\/linha-escolar-nao-circulara-nesta-sexta-feira-18\/","title":{"rendered":"Linha escolar n\u00e3o circular\u00e1 nesta sexta-feira (18)"},"content":{"rendered":"<p>A linha de \u00f4nibus 440, que faz o atendimento dos alunos da\u00a0Escola Estadual Dom Joaquim Justino Carreira, no Jardim Novo Horizonte 3, n\u00e3o circular\u00e1 nesta sexta-feira (18).<\/p>\n<p>Segundo a Unidade de Gest\u00e3o de Mobilidade e Transporte (UGMT) de Jundia\u00ed, na data haver\u00e1 reuni\u00e3o de pais na escola, sem a realiza\u00e7\u00e3o de aulas. Conforme previsto em Especifica\u00e7\u00e3o de Servi\u00e7o (EDS), a opera\u00e7\u00e3o da linha 440 s\u00f3 ocorre em dias letivos.<\/p>\n<p><strong>Assessoria de Imprensa<\/strong><\/p>\n<p><strong>Foto: Fot\u00f3grafo PMJ<\/strong><\/p>\n<div id=\"attachment_235470\" style=\"width: 1034px\" class=\"wp-caption aligncenter\"><img loading=\"lazy\" decoding=\"async\" aria-describedby=\"caption-attachment-235470\" class=\"size-large wp-image-235470\" src=\"https:\/\/jundiai.sp.gov.br\/noticias\/wp-content\/uploads\/sites\/32\/2019\/09\/movimentacao_onibus-273-1280x854.jpg\" alt=\"\" width=\"1024\" height=\"683\" srcset=\"https:\/\/jundiai.sp.gov.br\/noticias\/wp-content\/uploads\/sites\/32\/2019\/09\/movimentacao_onibus-273-1280x854.jpg 1280w, https:\/\/jundiai.sp.gov.br\/noticias\/wp-content\/uploads\/sites\/32\/2019\/09\/movimentacao_onibus-273-300x200.jpg 300w, https:\/\/jundiai.sp.gov.br\/noticias\/wp-content\/uploads\/sites\/32\/2019\/09\/movimentacao_onibus-273-768x513.jpg 768w, https:\/\/jundiai.sp.gov.br\/noticias\/wp-content\/uploads\/sites\/32\/2019\/09\/movimentacao_onibus-273-450x300.jpg 450w, https:\/\/jundiai.sp.gov.br\/noticias\/wp-content\/uploads\/sites\/32\/2019\/09\/movimentacao_onibus-273.jpg 1323w\" sizes=\"auto, (max-width: 1024px) 100vw, 1024px\" \/><p id=\"caption-attachment-235470\" class=\"wp-caption-text\">Linha 440, que atende alunos de escola do Jd. Novo Horizonte, n\u00e3o funcionar\u00e1 nesta sexta (18)<\/p><\/div>\n","protected":false},"excerpt":{"rendered":"<p>A linha de \u00f4nibus 440, que faz o atendimento dos alunos da\u00a0Escola Estadual Dom Joaquim Justino Carreira, no Jardim Novo Horizonte 3, n\u00e3o circular\u00e1 nesta sexta-feira (18). Segundo a Unidade de Gest\u00e3o de Mobilidade e Transporte (UGMT) de Jundia\u00ed, na data haver\u00e1 reuni\u00e3o de pais na escola, sem a realiza\u00e7\u00e3o de aulas. Conforme previsto em [&hellip;]<\/p>\n","protected":false},"author":54,"featured_media":235470,"comment_status":"closed","ping_status":"closed","sticky":false,"template":"","format":"standard","meta":{"footnotes":""},"categories":[2],"tags":[982,1121],"ods":[],"class_list":["post-237088","post","type-post","status-publish","format-standard","has-post-thumbnail","hentry","category-noticias","tag-mobilidade-e-transporte","tag-mobilidade-total"],"_links":{"self":[{"href":"https:\/\/jundiai.sp.gov.br\/noticias\/wp-json\/wp\/v2\/posts\/237088","targetHints":{"allow":["GET"]}}],"collection":[{"href":"https:\/\/jundiai.sp.gov.br\/noticias\/wp-json\/wp\/v2\/posts"}],"about":[{"href":"https:\/\/jundiai.sp.gov.br\/noticias\/wp-json\/wp\/v2\/types\/post"}],"author":[{"embeddable":true,"href":"https:\/\/jundiai.sp.gov.br\/noticias\/wp-json\/wp\/v2\/users\/54"}],"replies":[{"embeddable":true,"href":"https:\/\/jundiai.sp.gov.br\/noticias\/wp-json\/wp\/v2\/comments?post=237088"}],"version-history":[{"count":5,"href":"https:\/\/jundiai.sp.gov.br\/noticias\/wp-json\/wp\/v2\/posts\/237088\/revisions"}],"predecessor-version":[{"id":237151,"href":"https:\/\/jundiai.sp.gov.br\/noticias\/wp-json\/wp\/v2\/posts\/237088\/revisions\/237151"}],"wp:featuredmedia":[{"embeddable":true,"href":"https:\/\/jundiai.sp.gov.br\/noticias\/wp-json\/wp\/v2\/media\/235470"}],"wp:attachment":[{"href":"https:\/\/jundiai.sp.gov.br\/noticias\/wp-json\/wp\/v2\/media?parent=237088"}],"wp:term":[{"taxonomy":"category","embeddable":true,"href":"https:\/\/jundiai.sp.gov.br\/noticias\/wp-json\/wp\/v2\/categories?post=237088"},{"taxonomy":"post_tag","embeddable":true,"href":"https:\/\/jundiai.sp.gov.br\/noticias\/wp-json\/wp\/v2\/tags?post=237088"},{"taxonomy":"ods","embeddable":true,"href":"https:\/\/jundiai.sp.gov.br\/noticias\/wp-json\/wp\/v2\/ods?post=237088"}],"curies":[{"name":"wp","href":"https:\/\/api.w.org\/{rel}","templated":true}]}}