{"id":237309,"date":"2019-10-19T18:54:52","date_gmt":"2019-10-19T21:54:52","guid":{"rendered":"https:\/\/jundiai.sp.gov.br\/noticias\/?p=237309"},"modified":"2019-10-19T18:55:13","modified_gmt":"2019-10-19T21:55:13","slug":"time-jundiai-de-volei-adaptado-se-classifica-para-final-estadual-da-confederacao","status":"publish","type":"post","link":"https:\/\/jundiai.sp.gov.br\/noticias\/2019\/10\/19\/time-jundiai-de-volei-adaptado-se-classifica-para-final-estadual-da-confederacao\/","title":{"rendered":"TIME Jundia\u00ed de V\u00f4lei Adaptado se classifica para final Estadual da Confedera\u00e7\u00e3o"},"content":{"rendered":"<p>A etapa final da Confedera\u00e7\u00e3o Brasileira de V\u00f4lei Adaptado (CBVA) &#8211; Fase Regional &#8211; foi realizada em Jundia\u00ed, na manh\u00e3 desta s\u00e1bado (19), e garantiu aos atletas do TIME Jundia\u00ed da modalidade a classifica\u00e7\u00e3o para a pr\u00f3xima fase da competi\u00e7\u00e3o, que ser\u00e1 realizada em Osvaldo Cruz, no final do m\u00eas de novembro. Os equipes masculinas se sagraram bicampe\u00e3s nas categorias 70 e 60. A Feminina 70 anos ficou com a segunda coloca\u00e7\u00e3o e a equipe 60 anos aguarda resultado final da organiza\u00e7\u00e3o.<\/p>\n<p>A competi\u00e7\u00e3o, realizada no Complexo Educacional, Cultural e Esportivo (CECE) Dr Nicolino de Luca, o Bol\u00e3o, serve como uma pr\u00e9via para os Jogos Regionais dos Idosos (JORI), que tamb\u00e9m ser\u00e1 realizado em Jundia\u00ed, no m\u00eas de dezembro. Segundo a treinadora da equipe masculina, professora da Unidade de Gest\u00e3o de Esporte e Lazer (UGEL), Andrea Censi, o resultado conquistado dois anos seguidos mostram o empenho dos atletas e a uni\u00e3o das equipes.<\/p>\n<div id=\"attachment_237324\" style=\"width: 1180px\" class=\"wp-caption aligncenter\"><img loading=\"lazy\" decoding=\"async\" aria-describedby=\"caption-attachment-237324\" class=\"size-full wp-image-237324\" src=\"https:\/\/jundiai.sp.gov.br\/noticias\/wp-content\/uploads\/sites\/32\/2019\/10\/cda0970.jpg\" alt=\"\" width=\"1170\" height=\"780\" srcset=\"https:\/\/jundiai.sp.gov.br\/noticias\/wp-content\/uploads\/sites\/32\/2019\/10\/cda0970.jpg 1170w, https:\/\/jundiai.sp.gov.br\/noticias\/wp-content\/uploads\/sites\/32\/2019\/10\/cda0970-300x200.jpg 300w, https:\/\/jundiai.sp.gov.br\/noticias\/wp-content\/uploads\/sites\/32\/2019\/10\/cda0970-768x512.jpg 768w, https:\/\/jundiai.sp.gov.br\/noticias\/wp-content\/uploads\/sites\/32\/2019\/10\/cda0970-450x300.jpg 450w\" sizes=\"auto, (max-width: 1170px) 100vw, 1170px\" \/><p id=\"caption-attachment-237324\" class=\"wp-caption-text\">Equipes masculinas se sagraram bicampe\u00e3s da etapa regional da Confedera\u00e7\u00e3o Brasileira de V\u00f4lei Adaptado<\/p><\/div>\n<p>Para o treinador das equipes Femininas, Marcelo Nitsch, o resultado ainda n\u00e3o est\u00e1 fechado. &#8220;A equipe de 70 anos venceu Campinas, mas perdeu para Itatiba, ficando com a segunda coloca\u00e7\u00e3o. O grupo 60 anos, que venceu Cerquilho, n\u00e3o disputou o segundo jogo que seria contra Campinas, j\u00e1 que o advers\u00e1rio n\u00e3o compareceu \u00e0 competi\u00e7\u00e3o. Desta forma, estamos no aguardo do desfecho, j\u00e1 que podemos ficar com a primeira coloca\u00e7\u00e3o. Contudo, podemos comemorar, j\u00e1 que as quatro categorias da modalidade est\u00e3o classificadas para a competi\u00e7\u00e3o Estadual, que ser\u00e1 em Osvaldo Cruz, uma semana antes da final do JORI, que ser\u00e1 aqui, em Jundia\u00ed&#8221;, comemora.<\/p>\n<p>Maria Auxiliadora Costa Braga, 74 anos, faz parte da equipe j\u00e1 classificada para a etapa final Estadual da CBVA. &#8220;Jogar v\u00f4lei \u00e9 a minha vida, minha sa\u00fade e meus amigos&#8221;, comemora a mulher que desde 1995 participa das atividades da modalidade em Jundia\u00ed e \u00e9 atleta do JORI.<\/p>\n<div id=\"attachment_237325\" style=\"width: 867px\" class=\"wp-caption aligncenter\"><img loading=\"lazy\" decoding=\"async\" aria-describedby=\"caption-attachment-237325\" class=\"size-full wp-image-237325\" src=\"https:\/\/jundiai.sp.gov.br\/noticias\/wp-content\/uploads\/sites\/32\/2019\/10\/cda0975.jpg\" alt=\"\" width=\"857\" height=\"572\" srcset=\"https:\/\/jundiai.sp.gov.br\/noticias\/wp-content\/uploads\/sites\/32\/2019\/10\/cda0975.jpg 857w, https:\/\/jundiai.sp.gov.br\/noticias\/wp-content\/uploads\/sites\/32\/2019\/10\/cda0975-300x200.jpg 300w, https:\/\/jundiai.sp.gov.br\/noticias\/wp-content\/uploads\/sites\/32\/2019\/10\/cda0975-768x513.jpg 768w, https:\/\/jundiai.sp.gov.br\/noticias\/wp-content\/uploads\/sites\/32\/2019\/10\/cda0975-450x300.jpg 450w\" sizes=\"auto, (max-width: 857px) 100vw, 857px\" \/><p id=\"caption-attachment-237325\" class=\"wp-caption-text\">Equipe Feminina ficou com a segunda coloca\u00e7\u00e3o, ap\u00f3s perder para Itatiba<\/p><\/div>\n<p>Edna Speria Tegani, 72 anos, tamb\u00e9m aponta o v\u00f4lei adaptado como a modalidade respons\u00e1vel pela sua sa\u00fade de vitalidade. &#8220;Aqui tenho meus amigos e me sinto \u00fatil&#8221;, explica a jogadora que faz quest\u00e3o de treinar todas as semanas com a equipe.<\/p>\n<p>Assessoria de Imprensa<br \/>\nFotos: Fot\u00f3grafos PMJ<\/p>\n","protected":false},"excerpt":{"rendered":"<p>A etapa final da Confedera\u00e7\u00e3o Brasileira de V\u00f4lei Adaptado (CBVA) &#8211; Fase Regional &#8211; foi realizada em Jundia\u00ed, na manh\u00e3 desta s\u00e1bado (19), e garantiu aos atletas do TIME Jundia\u00ed da modalidade a classifica\u00e7\u00e3o para a pr\u00f3xima fase da competi\u00e7\u00e3o, que ser\u00e1 realizada em Osvaldo Cruz, no final do m\u00eas de novembro. Os equipes masculinas [&hellip;]<\/p>\n","protected":false},"author":39,"featured_media":237323,"comment_status":"closed","ping_status":"closed","sticky":false,"template":"","format":"standard","meta":{"footnotes":""},"categories":[2],"tags":[1349],"ods":[],"class_list":["post-237309","post","type-post","status-publish","format-standard","has-post-thumbnail","hentry","category-noticias","tag-jori"],"_links":{"self":[{"href":"https:\/\/jundiai.sp.gov.br\/noticias\/wp-json\/wp\/v2\/posts\/237309","targetHints":{"allow":["GET"]}}],"collection":[{"href":"https:\/\/jundiai.sp.gov.br\/noticias\/wp-json\/wp\/v2\/posts"}],"about":[{"href":"https:\/\/jundiai.sp.gov.br\/noticias\/wp-json\/wp\/v2\/types\/post"}],"author":[{"embeddable":true,"href":"https:\/\/jundiai.sp.gov.br\/noticias\/wp-json\/wp\/v2\/users\/39"}],"replies":[{"embeddable":true,"href":"https:\/\/jundiai.sp.gov.br\/noticias\/wp-json\/wp\/v2\/comments?post=237309"}],"version-history":[{"count":9,"href":"https:\/\/jundiai.sp.gov.br\/noticias\/wp-json\/wp\/v2\/posts\/237309\/revisions"}],"predecessor-version":[{"id":237328,"href":"https:\/\/jundiai.sp.gov.br\/noticias\/wp-json\/wp\/v2\/posts\/237309\/revisions\/237328"}],"wp:featuredmedia":[{"embeddable":true,"href":"https:\/\/jundiai.sp.gov.br\/noticias\/wp-json\/wp\/v2\/media\/237323"}],"wp:attachment":[{"href":"https:\/\/jundiai.sp.gov.br\/noticias\/wp-json\/wp\/v2\/media?parent=237309"}],"wp:term":[{"taxonomy":"category","embeddable":true,"href":"https:\/\/jundiai.sp.gov.br\/noticias\/wp-json\/wp\/v2\/categories?post=237309"},{"taxonomy":"post_tag","embeddable":true,"href":"https:\/\/jundiai.sp.gov.br\/noticias\/wp-json\/wp\/v2\/tags?post=237309"},{"taxonomy":"ods","embeddable":true,"href":"https:\/\/jundiai.sp.gov.br\/noticias\/wp-json\/wp\/v2\/ods?post=237309"}],"curies":[{"name":"wp","href":"https:\/\/api.w.org\/{rel}","templated":true}]}}