{"id":237460,"date":"2019-10-22T13:30:51","date_gmt":"2019-10-22T15:30:51","guid":{"rendered":"https:\/\/jundiai.sp.gov.br\/noticias\/?p=237460"},"modified":"2019-10-22T13:31:23","modified_gmt":"2019-10-22T15:31:23","slug":"morada-das-vinhas-recebe-prestacao-de-contas-da-prefeitura","status":"publish","type":"post","link":"https:\/\/jundiai.sp.gov.br\/noticias\/2019\/10\/22\/morada-das-vinhas-recebe-prestacao-de-contas-da-prefeitura\/","title":{"rendered":"Morada das Vinhas recebe presta\u00e7\u00e3o de contas da Prefeitura"},"content":{"rendered":"<p><span style=\"font-family: 'Arial',sans-serif;\">Morador do Jardim S\u00e3o Vicente, regi\u00e3o do Cecap, o metal\u00fargico aposentado Glic\u00e9rio Luiz Brand\u00e3o nunca tinha ido a uma presta\u00e7\u00e3o de contas da administra\u00e7\u00e3o municipal. Na noite de segunda (21), ele esteve na Par\u00f3quia e Santu\u00e1rio Diocesano Santa Rita de C\u00e1ssia, no Cecap, para assistir \u00e0 apresenta\u00e7\u00e3o das a\u00e7\u00f5es no bairro conduzida pelo prefeito Luiz Fernando Machado e gestores, que tamb\u00e9m esclareceram d\u00favidas dos moradores. \u201cAs pessoas, de maneira geral, est\u00e3o t\u00e3o desanimadas com a pol\u00edtica, e um evento como esse \u00e9 muito interessante. \u00c9 muito boa essa aproxima\u00e7\u00e3o dos administradores com a popula\u00e7\u00e3o\u201d, disse.<\/span><\/p>\n<div id=\"attachment_237477\" style=\"width: 1333px\" class=\"wp-caption alignnone\"><img loading=\"lazy\" decoding=\"async\" aria-describedby=\"caption-attachment-237477\" class=\"size-full wp-image-237477\" src=\"https:\/\/jundiai.sp.gov.br\/noticias\/wp-content\/uploads\/sites\/32\/2019\/10\/prestacao_de_contas_cecap-126.jpg\" alt=\"\" width=\"1323\" height=\"727\" srcset=\"https:\/\/jundiai.sp.gov.br\/noticias\/wp-content\/uploads\/sites\/32\/2019\/10\/prestacao_de_contas_cecap-126.jpg 1323w, https:\/\/jundiai.sp.gov.br\/noticias\/wp-content\/uploads\/sites\/32\/2019\/10\/prestacao_de_contas_cecap-126-300x165.jpg 300w, https:\/\/jundiai.sp.gov.br\/noticias\/wp-content\/uploads\/sites\/32\/2019\/10\/prestacao_de_contas_cecap-126-768x422.jpg 768w, https:\/\/jundiai.sp.gov.br\/noticias\/wp-content\/uploads\/sites\/32\/2019\/10\/prestacao_de_contas_cecap-126-1280x703.jpg 1280w\" sizes=\"auto, (max-width: 1323px) 100vw, 1323px\" \/><p id=\"caption-attachment-237477\" class=\"wp-caption-text\">Reuni\u00e3o do prefeito com moradores foi marcada pela grande presen\u00e7a do p\u00fablico<\/p><\/div>\n<p><span style=\"font-family: 'Arial',sans-serif;\">Mais de 40 presta\u00e7\u00f5es de contas j\u00e1 foram realizadas pela administra\u00e7\u00e3o, conforme relembrou o prefeito. \u201cNunca deixei de vir, mesmo quando n\u00e3o tinha not\u00edcias t\u00e3o boas a dar\u201d, afirmou Luiz Fernando. \u201cMas sempre fiz quest\u00e3o de manter a popula\u00e7\u00e3o informada, pois a sociedade auxilia muito na constru\u00e7\u00e3o da coletividade\u201d. <\/span><\/p>\n<p><span style=\"font-family: 'Arial',sans-serif;\">Entre as a\u00e7\u00f5es destacadas, estiveram as obras de pavimenta\u00e7\u00e3o, ilumina\u00e7\u00e3o p\u00fablica e recapeamento asf\u00e1ltico nas ruas Wilson Clini, Ucilla Tafarello e Uva Niagara \u2013 todas j\u00e1 conclu\u00eddas, totalizando mais de R$ 1,5 milh\u00f5es de investimentos \u2013 e as a\u00e7\u00f5es de sa\u00fade, como a Nova UBS Corrupira, que ser\u00e1 reformada e tem previs\u00e3o de entrega para o pr\u00f3ximo ano. <\/span><\/p>\n<div id=\"attachment_237470\" style=\"width: 1034px\" class=\"wp-caption aligncenter\"><img loading=\"lazy\" decoding=\"async\" aria-describedby=\"caption-attachment-237470\" class=\"size-large wp-image-237470\" src=\"https:\/\/jundiai.sp.gov.br\/noticias\/wp-content\/uploads\/sites\/32\/2019\/10\/prestacao_de_contas_cecap-299-1280x853.jpg\" alt=\"\" width=\"1024\" height=\"682\" srcset=\"https:\/\/jundiai.sp.gov.br\/noticias\/wp-content\/uploads\/sites\/32\/2019\/10\/prestacao_de_contas_cecap-299-1280x853.jpg 1280w, https:\/\/jundiai.sp.gov.br\/noticias\/wp-content\/uploads\/sites\/32\/2019\/10\/prestacao_de_contas_cecap-299-300x200.jpg 300w, https:\/\/jundiai.sp.gov.br\/noticias\/wp-content\/uploads\/sites\/32\/2019\/10\/prestacao_de_contas_cecap-299-768x512.jpg 768w, https:\/\/jundiai.sp.gov.br\/noticias\/wp-content\/uploads\/sites\/32\/2019\/10\/prestacao_de_contas_cecap-299-450x300.jpg 450w, https:\/\/jundiai.sp.gov.br\/noticias\/wp-content\/uploads\/sites\/32\/2019\/10\/prestacao_de_contas_cecap-299.jpg 1323w\" sizes=\"auto, (max-width: 1024px) 100vw, 1024px\" \/><p id=\"caption-attachment-237470\" class=\"wp-caption-text\">Glic\u00e9rio Luiz gostou de assistir \u00e0 presta\u00e7\u00e3o de contas: muito boa a aproxima\u00e7\u00e3o dos administradores com a popula\u00e7\u00e3o<\/p><\/div>\n<p><span style=\"font-family: 'Arial',sans-serif;\">O gestor da Sa\u00fade, Tiago Texera, presente ao encontro, respondeu a d\u00favidas da popula\u00e7\u00e3o e destacou a Nova UBS Morada das Vinhas, que ir\u00e1 atender a regi\u00e3o de forma mais completa: haver\u00e1 aumento de 80% no n\u00famero de consult\u00f3rios e 30% nas horas m\u00e9dicas oferecidas, al\u00e9m de consult\u00f3rio odontol\u00f3gico e hor\u00e1rio estendido at\u00e9 as 19 horas. O investimento \u00e9 de R$ 1,1 milh\u00e3o. <\/span><\/p>\n<p><span style=\"font-family: 'Arial',sans-serif;\">O evento, agendado pelo vereador Marcelo Gastaldo (PTB), tamb\u00e9m contou com a presen\u00e7a dos gestores da Casa Civil, Gustavo Maryssael, e Esporte e Lazer, Luiz Trientini. <\/span><\/p>\n<p><strong><span style=\"font-family: 'Arial',sans-serif;\">Assessoria de Imprensa<\/span><\/strong><span style=\"font-family: 'Arial',sans-serif;\"><br \/>\n<strong>Fotos: Fot\u00f3grafos PMJ<\/strong><\/span><\/p>\n","protected":false},"excerpt":{"rendered":"<p>Morador do Jardim S\u00e3o Vicente, regi\u00e3o do Cecap, o metal\u00fargico aposentado Glic\u00e9rio Luiz Brand\u00e3o nunca tinha ido a uma presta\u00e7\u00e3o de contas da administra\u00e7\u00e3o municipal. Na noite de segunda (21), ele esteve na Par\u00f3quia e Santu\u00e1rio Diocesano Santa Rita de C\u00e1ssia, no Cecap, para assistir \u00e0 apresenta\u00e7\u00e3o das a\u00e7\u00f5es no bairro conduzida pelo prefeito Luiz [&hellip;]<\/p>\n","protected":false},"author":45,"featured_media":237477,"comment_status":"closed","ping_status":"closed","sticky":false,"template":"","format":"standard","meta":{"footnotes":""},"categories":[2],"tags":[854,665],"ods":[],"class_list":["post-237460","post","type-post","status-publish","format-standard","has-post-thumbnail","hentry","category-noticias","tag-prestacao-de-contas","tag-unidade-basica-de-saude-ubs"],"_links":{"self":[{"href":"https:\/\/jundiai.sp.gov.br\/noticias\/wp-json\/wp\/v2\/posts\/237460","targetHints":{"allow":["GET"]}}],"collection":[{"href":"https:\/\/jundiai.sp.gov.br\/noticias\/wp-json\/wp\/v2\/posts"}],"about":[{"href":"https:\/\/jundiai.sp.gov.br\/noticias\/wp-json\/wp\/v2\/types\/post"}],"author":[{"embeddable":true,"href":"https:\/\/jundiai.sp.gov.br\/noticias\/wp-json\/wp\/v2\/users\/45"}],"replies":[{"embeddable":true,"href":"https:\/\/jundiai.sp.gov.br\/noticias\/wp-json\/wp\/v2\/comments?post=237460"}],"version-history":[{"count":5,"href":"https:\/\/jundiai.sp.gov.br\/noticias\/wp-json\/wp\/v2\/posts\/237460\/revisions"}],"predecessor-version":[{"id":237478,"href":"https:\/\/jundiai.sp.gov.br\/noticias\/wp-json\/wp\/v2\/posts\/237460\/revisions\/237478"}],"wp:featuredmedia":[{"embeddable":true,"href":"https:\/\/jundiai.sp.gov.br\/noticias\/wp-json\/wp\/v2\/media\/237477"}],"wp:attachment":[{"href":"https:\/\/jundiai.sp.gov.br\/noticias\/wp-json\/wp\/v2\/media?parent=237460"}],"wp:term":[{"taxonomy":"category","embeddable":true,"href":"https:\/\/jundiai.sp.gov.br\/noticias\/wp-json\/wp\/v2\/categories?post=237460"},{"taxonomy":"post_tag","embeddable":true,"href":"https:\/\/jundiai.sp.gov.br\/noticias\/wp-json\/wp\/v2\/tags?post=237460"},{"taxonomy":"ods","embeddable":true,"href":"https:\/\/jundiai.sp.gov.br\/noticias\/wp-json\/wp\/v2\/ods?post=237460"}],"curies":[{"name":"wp","href":"https:\/\/api.w.org\/{rel}","templated":true}]}}