{"id":237492,"date":"2019-10-22T17:41:22","date_gmt":"2019-10-22T19:41:22","guid":{"rendered":"https:\/\/jundiai.sp.gov.br\/noticias\/?p=237492"},"modified":"2019-10-22T17:54:14","modified_gmt":"2019-10-22T19:54:14","slug":"cao-da-gmj-leva-alegria-as-criancas-internas-no-hospital-universitario","status":"publish","type":"post","link":"https:\/\/jundiai.sp.gov.br\/noticias\/2019\/10\/22\/cao-da-gmj-leva-alegria-as-criancas-internas-no-hospital-universitario\/","title":{"rendered":"C\u00e3o da GMJ leva alegria \u00e0s crian\u00e7as internas no Hospital Universit\u00e1rio\u00a0"},"content":{"rendered":"<div id=\"attachment_237495\" style=\"width: 4348px\" class=\"wp-caption aligncenter\"><img loading=\"lazy\" decoding=\"async\" aria-describedby=\"caption-attachment-237495\" class=\"size-full wp-image-237495\" src=\"https:\/\/jundiai.sp.gov.br\/noticias\/wp-content\/uploads\/sites\/32\/2019\/10\/blacknohuoutubro2019.jpg\" alt=\"\" width=\"4338\" height=\"3068\" srcset=\"https:\/\/jundiai.sp.gov.br\/noticias\/wp-content\/uploads\/sites\/32\/2019\/10\/blacknohuoutubro2019.jpg 4338w, https:\/\/jundiai.sp.gov.br\/noticias\/wp-content\/uploads\/sites\/32\/2019\/10\/blacknohuoutubro2019-300x212.jpg 300w, https:\/\/jundiai.sp.gov.br\/noticias\/wp-content\/uploads\/sites\/32\/2019\/10\/blacknohuoutubro2019-768x543.jpg 768w, https:\/\/jundiai.sp.gov.br\/noticias\/wp-content\/uploads\/sites\/32\/2019\/10\/blacknohuoutubro2019-1280x905.jpg 1280w\" sizes=\"auto, (max-width: 4338px) 100vw, 4338px\" \/><p id=\"caption-attachment-237495\" class=\"wp-caption-text\">As visitas do labrador Black s\u00e3o esperadas por crian\u00e7as e adultos que se surpreendem com a docilidade do animal<\/p><\/div>\n<p>Est\u00e1 se tornando cada vez mais comum que os pets contribuam para a recupera\u00e7\u00e3o de pacientes dos mais variados casos cl\u00ednicos. Sendo assim, as crian\u00e7as atendidas e principalmente internadas para tratamento no Hospital Universit\u00e1rio (HU) de Jundia\u00ed &#8211; onde se aplica a terapia assistida por animais, conhecida como C\u00e3oterapia &#8211; receberam na tarde desta ter\u00e7a-feira (22), a visita do labrador Black \u2013 c\u00e3o de trabalho que faz parte do Canil da Guarda Municipal de Jundia\u00ed e j\u00e1 se tornou um grande amigo dos pequenos pacientes.<\/p>\n<p>A C\u00e3oterapia permite que c\u00e3es treinados, sendo considerados extremamente d\u00f3ceis, passem um tempo junto \u00e0s crian\u00e7as.<\/p>\n<p>Conduzido pelo GM Meneses, mais uma vez Black retorna ao Hospital para visitar as crian\u00e7as, demonstrar o seu carinho e alegria. Recepcionados por Tatiane Keller, coordenadora do voluntariado no HU, tamb\u00e9m acompanharam as atividades os GMs Dias e M.Silva, e participantes do Curso de Cinotecnia, realizado pelo Canil da Guarda Municipal e que recebe agentes de outras cidades da regi\u00e3o e Estados, como o GM Elliton Oliveira de Lima. Vindo de Altamira (PA) para conhecer o setor especializado da institui\u00e7\u00e3o e adquirir a capacita\u00e7\u00e3o profissional necess\u00e1ria para instalar um Canil em sua Corpora\u00e7\u00e3o, o agente avalia a sua participa\u00e7\u00e3o. \u201cEstou na Guarda Municipal de Jundia\u00ed com este intuito, conhecedor do excelente trabalho aqui realizado, inclusive a sua estrutura. Retorno para a minha cidade com o conhecimento necess\u00e1rio para colocar em pr\u00e1tica nas ruas.\u201d<\/p>\n<p>Durante as visitas, ap\u00f3s a surpresa inicial, a presen\u00e7a do c\u00e3o estimula a socializa\u00e7\u00e3o das crian\u00e7as, que dessa maneira se tornam mais receptivas ao ambiente hospitalar e o pr\u00f3prio contato com o animal. \u201cAs crian\u00e7as ficam mais animadas, querem participar das brincadeiras, isso ajuda no tratamento\u201d, declarou a mam\u00e3e Sara, da Vila Rami, que ao lado do filhinho Igor (3), acompanhou as brincadeiras. \u201cEle \u00e9 um bom cachorro.\u201d A jovem Ingrid tem 15 anos, \u00e9 de Campo Limpo Paulista, e tamb\u00e9m passa por tratamento no HU. \u201cEu j\u00e1 conhecia o Black, ele \u00e9 muito bonito e bonzinho. Gosto quando vem visitar as crian\u00e7as.\u201d<\/p>\n<p>&nbsp;<\/p>\n<p><strong>Assessoria de Imprensa GMJ<\/strong><\/p>\n<p><strong>Foto: GM Guerino<\/strong><\/p>\n<p>&nbsp;<\/p>\n","protected":false},"excerpt":{"rendered":"<p>Est\u00e1 se tornando cada vez mais comum que os pets contribuam para a recupera\u00e7\u00e3o de pacientes dos mais variados casos cl\u00ednicos. Sendo assim, as crian\u00e7as atendidas e principalmente internadas para tratamento no Hospital Universit\u00e1rio (HU) de Jundia\u00ed &#8211; onde se aplica a terapia assistida por animais, conhecida como C\u00e3oterapia &#8211; receberam na tarde desta ter\u00e7a-feira [&hellip;]<\/p>\n","protected":false},"author":48,"featured_media":0,"comment_status":"closed","ping_status":"closed","sticky":false,"template":"","format":"standard","meta":{"footnotes":""},"categories":[2],"tags":[1275,1352],"ods":[],"class_list":["post-237492","post","type-post","status-publish","format-standard","hentry","category-noticias","tag-canil","tag-caoterapia"],"_links":{"self":[{"href":"https:\/\/jundiai.sp.gov.br\/noticias\/wp-json\/wp\/v2\/posts\/237492","targetHints":{"allow":["GET"]}}],"collection":[{"href":"https:\/\/jundiai.sp.gov.br\/noticias\/wp-json\/wp\/v2\/posts"}],"about":[{"href":"https:\/\/jundiai.sp.gov.br\/noticias\/wp-json\/wp\/v2\/types\/post"}],"author":[{"embeddable":true,"href":"https:\/\/jundiai.sp.gov.br\/noticias\/wp-json\/wp\/v2\/users\/48"}],"replies":[{"embeddable":true,"href":"https:\/\/jundiai.sp.gov.br\/noticias\/wp-json\/wp\/v2\/comments?post=237492"}],"version-history":[{"count":4,"href":"https:\/\/jundiai.sp.gov.br\/noticias\/wp-json\/wp\/v2\/posts\/237492\/revisions"}],"predecessor-version":[{"id":237499,"href":"https:\/\/jundiai.sp.gov.br\/noticias\/wp-json\/wp\/v2\/posts\/237492\/revisions\/237499"}],"wp:attachment":[{"href":"https:\/\/jundiai.sp.gov.br\/noticias\/wp-json\/wp\/v2\/media?parent=237492"}],"wp:term":[{"taxonomy":"category","embeddable":true,"href":"https:\/\/jundiai.sp.gov.br\/noticias\/wp-json\/wp\/v2\/categories?post=237492"},{"taxonomy":"post_tag","embeddable":true,"href":"https:\/\/jundiai.sp.gov.br\/noticias\/wp-json\/wp\/v2\/tags?post=237492"},{"taxonomy":"ods","embeddable":true,"href":"https:\/\/jundiai.sp.gov.br\/noticias\/wp-json\/wp\/v2\/ods?post=237492"}],"curies":[{"name":"wp","href":"https:\/\/api.w.org\/{rel}","templated":true}]}}