{"id":237561,"date":"2019-10-23T18:05:36","date_gmt":"2019-10-23T20:05:36","guid":{"rendered":"https:\/\/jundiai.sp.gov.br\/noticias\/?p=237561"},"modified":"2019-10-25T22:28:53","modified_gmt":"2019-10-26T00:28:53","slug":"semana-de-ciencia-tecnologia-e-inovacao-tem-eventos-nos-dias-24-e-25","status":"publish","type":"post","link":"https:\/\/jundiai.sp.gov.br\/noticias\/2019\/10\/23\/semana-de-ciencia-tecnologia-e-inovacao-tem-eventos-nos-dias-24-e-25\/","title":{"rendered":"Semana de Ci\u00eancia, Tecnologia e Inova\u00e7\u00e3o tem eventos nos dias 24 e 25"},"content":{"rendered":"<p>Prossegue nesta quinta e sexta-feira (24 e 25 de outubro) a Semana Municipal de Ci\u00eancia, Tecnologia e Inova\u00e7\u00e3o de Jundia\u00ed. Na quinta, ser\u00e1 realizada na Biblioteca Municipal Prof. Nelson Foot (no Complexo Argos), a partir das 8h30, o f\u00f3rum Jundia\u00ed Going Global &#8211; Startups &amp; Students. O evento \u00e9 dedicado a startups que buscam oportunidades de internacionaliza\u00e7\u00e3o, por meio das C\u00e2maras de Com\u00e9rcio, e a estudantes que querem aprimorar conhecimentos fora do pa\u00eds, especialmente na Alemanha. O intuito \u00e9 estimular a cultura de internacionaliza\u00e7\u00e3o entre os jovens e empreendedores da cidade.<\/p>\n<div id=\"attachment_237564\" style=\"width: 1034px\" class=\"wp-caption aligncenter\"><img loading=\"lazy\" decoding=\"async\" aria-describedby=\"caption-attachment-237564\" class=\"size-large wp-image-237564\" src=\"https:\/\/jundiai.sp.gov.br\/noticias\/wp-content\/uploads\/sites\/32\/2019\/10\/incubadora_cafe_tecnologico-44-1280x802.jpg\" alt=\"Semana Municipal de Ci\u00eancia, Tecnologia e Inova\u00e7\u00e3o de Jundia\u00ed tem eventos nesta quinta e sexta\" width=\"1024\" height=\"642\" srcset=\"https:\/\/jundiai.sp.gov.br\/noticias\/wp-content\/uploads\/sites\/32\/2019\/10\/incubadora_cafe_tecnologico-44-1280x802.jpg 1280w, https:\/\/jundiai.sp.gov.br\/noticias\/wp-content\/uploads\/sites\/32\/2019\/10\/incubadora_cafe_tecnologico-44-300x188.jpg 300w, https:\/\/jundiai.sp.gov.br\/noticias\/wp-content\/uploads\/sites\/32\/2019\/10\/incubadora_cafe_tecnologico-44-768x481.jpg 768w, https:\/\/jundiai.sp.gov.br\/noticias\/wp-content\/uploads\/sites\/32\/2019\/10\/incubadora_cafe_tecnologico-44.jpg 1323w\" sizes=\"auto, (max-width: 1024px) 100vw, 1024px\" \/><p id=\"caption-attachment-237564\" class=\"wp-caption-text\">Semana de Ci\u00eancia, Tecnologia e Inova\u00e7\u00e3o tem eventos nesta quinta e sexta-feira<\/p><\/div>\n<p>\u00c0 tarde, a partir das 14h, a Incubadora Tecnol\u00f3gica receber\u00e1 alunos do Ensino Fundamental no projeto \u201cIncubadora de Portas Abertas\u201d, para mostrar cases de sucesso dos empreendedores residentes. Este projeto est\u00e1 em sua quinta edi\u00e7\u00e3o e tem como realizadores a Prefeitura de Jundia\u00ed, o N\u00facleo Softex e a Companhia de Inform\u00e1tica de Jundia\u00ed (Cijun).<\/p>\n<p>Na sexta (25), \u00e0s 9h, haver\u00e1 uma oficina gratuita voltada para modelos de neg\u00f3cios e capta\u00e7\u00e3o de investimentos na Incubadora Tecnol\u00f3gica de Jundia\u00ed. Para participar, \u00e9 necess\u00e1ria a inscri\u00e7\u00e3o pr\u00e9via pelo e-mail msavedra@jundiai.sp.gov.br.<\/p>\n<p><strong>Assessoria de Imprensa<\/strong><br \/>\n<strong>Fotos: Fot\u00f3grafos PMJ<\/strong><\/p>\n","protected":false},"excerpt":{"rendered":"<p>Prossegue nesta quinta e sexta-feira (24 e 25 de outubro) a Semana Municipal de Ci\u00eancia, Tecnologia e Inova\u00e7\u00e3o de Jundia\u00ed. Na quinta, ser\u00e1 realizada na Biblioteca Municipal Prof. Nelson Foot (no Complexo Argos), a partir das 8h30, o f\u00f3rum Jundia\u00ed Going Global &#8211; Startups &amp; Students. O evento \u00e9 dedicado a startups que buscam oportunidades [&hellip;]<\/p>\n","protected":false},"author":54,"featured_media":237564,"comment_status":"closed","ping_status":"closed","sticky":false,"template":"","format":"standard","meta":{"footnotes":""},"categories":[2],"tags":[365,487],"ods":[],"class_list":["post-237561","post","type-post","status-publish","format-standard","has-post-thumbnail","hentry","category-noticias","tag-desenvolvimento-economico-ciencia-e-tecnologia","tag-tecnologia-e-inovacao"],"_links":{"self":[{"href":"https:\/\/jundiai.sp.gov.br\/noticias\/wp-json\/wp\/v2\/posts\/237561","targetHints":{"allow":["GET"]}}],"collection":[{"href":"https:\/\/jundiai.sp.gov.br\/noticias\/wp-json\/wp\/v2\/posts"}],"about":[{"href":"https:\/\/jundiai.sp.gov.br\/noticias\/wp-json\/wp\/v2\/types\/post"}],"author":[{"embeddable":true,"href":"https:\/\/jundiai.sp.gov.br\/noticias\/wp-json\/wp\/v2\/users\/54"}],"replies":[{"embeddable":true,"href":"https:\/\/jundiai.sp.gov.br\/noticias\/wp-json\/wp\/v2\/comments?post=237561"}],"version-history":[{"count":2,"href":"https:\/\/jundiai.sp.gov.br\/noticias\/wp-json\/wp\/v2\/posts\/237561\/revisions"}],"predecessor-version":[{"id":237565,"href":"https:\/\/jundiai.sp.gov.br\/noticias\/wp-json\/wp\/v2\/posts\/237561\/revisions\/237565"}],"wp:featuredmedia":[{"embeddable":true,"href":"https:\/\/jundiai.sp.gov.br\/noticias\/wp-json\/wp\/v2\/media\/237564"}],"wp:attachment":[{"href":"https:\/\/jundiai.sp.gov.br\/noticias\/wp-json\/wp\/v2\/media?parent=237561"}],"wp:term":[{"taxonomy":"category","embeddable":true,"href":"https:\/\/jundiai.sp.gov.br\/noticias\/wp-json\/wp\/v2\/categories?post=237561"},{"taxonomy":"post_tag","embeddable":true,"href":"https:\/\/jundiai.sp.gov.br\/noticias\/wp-json\/wp\/v2\/tags?post=237561"},{"taxonomy":"ods","embeddable":true,"href":"https:\/\/jundiai.sp.gov.br\/noticias\/wp-json\/wp\/v2\/ods?post=237561"}],"curies":[{"name":"wp","href":"https:\/\/api.w.org\/{rel}","templated":true}]}}