{"id":237762,"date":"2019-10-25T16:28:51","date_gmt":"2019-10-25T18:28:51","guid":{"rendered":"https:\/\/jundiai.sp.gov.br\/noticias\/?p=237762"},"modified":"2019-10-25T16:28:51","modified_gmt":"2019-10-25T18:28:51","slug":"escola-inovadora-criancas-escritoras-terao-dia-de-autografo-em-novembro","status":"publish","type":"post","link":"https:\/\/jundiai.sp.gov.br\/noticias\/2019\/10\/25\/escola-inovadora-criancas-escritoras-terao-dia-de-autografo-em-novembro\/","title":{"rendered":"Escola Inovadora: &#8216;Crian\u00e7as escritoras&#8217; ter\u00e3o dia de aut\u00f3grafo, em novembro"},"content":{"rendered":"<p>Das hist\u00f3rias contadas em sala de aula para o papel. As quase 200 crian\u00e7as da Escola Municipal de Educa\u00e7\u00e3o B\u00e1sica (EMEB) Am\u00e9lia Lima Lopes, na Vila Esperan\u00e7a, desenvolveram, ao longo do ano, o projeto pedag\u00f3gico de leitura e incentivo \u00e0 escrita que culmina com a publica\u00e7\u00e3o de livros, um por turma, elaborados pelos grupos de alunos entre 4 e 5 anos. Para entrega das obras, a escola realizar\u00e1 o &#8216;dia do aut\u00f3grafo&#8217;, no pr\u00f3ximo dia 29 de novembro, com a presen\u00e7a das fam\u00edlias das crian\u00e7as. O fomento \u00e0 leitura faz parte das iniciativas do Programa Escola Inovadora, implementado pela Prefeitura de Jundia\u00ed.<\/p>\n<p>&#8220;Todo o trabalho foi desenvolvido nas salas, com os alunos escolhendo como seria o livro (em forma de conto in\u00e9dito ou releitura de textos conhecidos), ilustrando com desenhos, colagens ou personagens com massa de modelar. O projeto contou com participa\u00e7\u00e3o de todos os alunos, inclusive das fam\u00edlias, que foram envolvidas com a escrita da biografia dos autores. As crian\u00e7as est\u00e3o entusiasmadas, assim como as fam\u00edlias. No dia de entrega dos livros, cada um ir\u00e1 autografar o exemplar&#8221;, explica a coordenadora pedag\u00f3gica da unidade, Flora Molina Petrelli.<\/p>\n<p>&nbsp;<\/p>\n<div id=\"attachment_237797\" style=\"width: 1333px\" class=\"wp-caption aligncenter\"><img loading=\"lazy\" decoding=\"async\" aria-describedby=\"caption-attachment-237797\" class=\"size-full wp-image-237797\" src=\"https:\/\/jundiai.sp.gov.br\/noticias\/wp-content\/uploads\/sites\/32\/2019\/10\/livro_das_criancas-190.jpg\" alt=\"\" width=\"1323\" height=\"794\" srcset=\"https:\/\/jundiai.sp.gov.br\/noticias\/wp-content\/uploads\/sites\/32\/2019\/10\/livro_das_criancas-190.jpg 1323w, https:\/\/jundiai.sp.gov.br\/noticias\/wp-content\/uploads\/sites\/32\/2019\/10\/livro_das_criancas-190-300x180.jpg 300w, https:\/\/jundiai.sp.gov.br\/noticias\/wp-content\/uploads\/sites\/32\/2019\/10\/livro_das_criancas-190-768x461.jpg 768w, https:\/\/jundiai.sp.gov.br\/noticias\/wp-content\/uploads\/sites\/32\/2019\/10\/livro_das_criancas-190-1280x768.jpg 1280w\" sizes=\"auto, (max-width: 1323px) 100vw, 1323px\" \/><p id=\"caption-attachment-237797\" class=\"wp-caption-text\">Grupo 4 desenvolveu livros e fez a releitura dos textos antes de encaminhar o projeto para as crian\u00e7as<\/p><\/div>\n<p>A aluna do Grupo 5, Yasmin Fernandes Pereira, est\u00e1 entusiasmada com a obra desenvolvida coletivamente. &#8220;A nossa turma criou o conto da &#8216;Coruja Desastrada&#8217;, que conta a hist\u00f3ria de uma corujinha que caiu e quebrou a asa e precisou ir para o pronto-socorro fazer um exame&#8221;, explica a menina.<\/p>\n<p>Os colegas Gustavo Almeida, Valentina Careta S\u00e1vio e Murilo Gomes Antunes tamb\u00e9m participaram da confec\u00e7\u00e3o, desenhando e colaborando para a constru\u00e7\u00e3o da narrativa, que esconde uma homenagem, que s\u00f3 ser\u00e1 revelada quando os livros forem entregues, no final do pr\u00f3ximo m\u00eas.<\/p>\n<div id=\"attachment_237796\" style=\"width: 1333px\" class=\"wp-caption aligncenter\"><img loading=\"lazy\" decoding=\"async\" aria-describedby=\"caption-attachment-237796\" class=\"size-full wp-image-237796\" src=\"https:\/\/jundiai.sp.gov.br\/noticias\/wp-content\/uploads\/sites\/32\/2019\/10\/livro_das_criancas-179.jpg\" alt=\"\" width=\"1323\" height=\"882\" srcset=\"https:\/\/jundiai.sp.gov.br\/noticias\/wp-content\/uploads\/sites\/32\/2019\/10\/livro_das_criancas-179.jpg 1323w, https:\/\/jundiai.sp.gov.br\/noticias\/wp-content\/uploads\/sites\/32\/2019\/10\/livro_das_criancas-179-300x200.jpg 300w, https:\/\/jundiai.sp.gov.br\/noticias\/wp-content\/uploads\/sites\/32\/2019\/10\/livro_das_criancas-179-768x512.jpg 768w, https:\/\/jundiai.sp.gov.br\/noticias\/wp-content\/uploads\/sites\/32\/2019\/10\/livro_das_criancas-179-1280x853.jpg 1280w, https:\/\/jundiai.sp.gov.br\/noticias\/wp-content\/uploads\/sites\/32\/2019\/10\/livro_das_criancas-179-450x300.jpg 450w\" sizes=\"auto, (max-width: 1323px) 100vw, 1323px\" \/><p id=\"caption-attachment-237796\" class=\"wp-caption-text\">Amigos da sala do Grupo 5, Yasmin, Gustavo, Valentina e Murilo contaram que o livro a &#8216;Corujinha Desastrada&#8217; esconde uma homenagem<\/p><\/div>\n<p>De acordo com a supervisora de Educa\u00e7\u00e3o Infantil, Adriana Uemori, a valoriza\u00e7\u00e3o e o protagonismo incentivados pelo Programa Escola Inovadora s\u00e3o destacados no projeto da unidade. &#8220;Uma cidade educadora, direcionada para as crian\u00e7as, que incentiva a leitura, ter\u00e1 como resultado alunos com gosto pela leitura e a certeza de que s\u00e3o capazes de muitas aprendizagens&#8221;, resume. Jundia\u00ed \u00e9 o primeiro Munic\u00edpio do Estado a integrar a Rede Latino Americana \u2013 Projeto Cidade das Crian\u00e7as.<\/p>\n<p>Assessoria de Imprensa<br \/>\nFotos: Fot\u00f3grafos PMJ<\/p>\n<p>&nbsp;<\/p>\n","protected":false},"excerpt":{"rendered":"<p>Das hist\u00f3rias contadas em sala de aula para o papel. As quase 200 crian\u00e7as da Escola Municipal de Educa\u00e7\u00e3o B\u00e1sica (EMEB) Am\u00e9lia Lima Lopes, na Vila Esperan\u00e7a, desenvolveram, ao longo do ano, o projeto pedag\u00f3gico de leitura e incentivo \u00e0 escrita que culmina com a publica\u00e7\u00e3o de livros, um por turma, elaborados pelos grupos de [&hellip;]<\/p>\n","protected":false},"author":39,"featured_media":237794,"comment_status":"closed","ping_status":"closed","sticky":false,"template":"","format":"standard","meta":{"footnotes":""},"categories":[2],"tags":[6,1061],"ods":[],"class_list":["post-237762","post","type-post","status-publish","format-standard","has-post-thumbnail","hentry","category-noticias","tag-educacao","tag-escola-inovadora"],"_links":{"self":[{"href":"https:\/\/jundiai.sp.gov.br\/noticias\/wp-json\/wp\/v2\/posts\/237762","targetHints":{"allow":["GET"]}}],"collection":[{"href":"https:\/\/jundiai.sp.gov.br\/noticias\/wp-json\/wp\/v2\/posts"}],"about":[{"href":"https:\/\/jundiai.sp.gov.br\/noticias\/wp-json\/wp\/v2\/types\/post"}],"author":[{"embeddable":true,"href":"https:\/\/jundiai.sp.gov.br\/noticias\/wp-json\/wp\/v2\/users\/39"}],"replies":[{"embeddable":true,"href":"https:\/\/jundiai.sp.gov.br\/noticias\/wp-json\/wp\/v2\/comments?post=237762"}],"version-history":[{"count":7,"href":"https:\/\/jundiai.sp.gov.br\/noticias\/wp-json\/wp\/v2\/posts\/237762\/revisions"}],"predecessor-version":[{"id":237801,"href":"https:\/\/jundiai.sp.gov.br\/noticias\/wp-json\/wp\/v2\/posts\/237762\/revisions\/237801"}],"wp:featuredmedia":[{"embeddable":true,"href":"https:\/\/jundiai.sp.gov.br\/noticias\/wp-json\/wp\/v2\/media\/237794"}],"wp:attachment":[{"href":"https:\/\/jundiai.sp.gov.br\/noticias\/wp-json\/wp\/v2\/media?parent=237762"}],"wp:term":[{"taxonomy":"category","embeddable":true,"href":"https:\/\/jundiai.sp.gov.br\/noticias\/wp-json\/wp\/v2\/categories?post=237762"},{"taxonomy":"post_tag","embeddable":true,"href":"https:\/\/jundiai.sp.gov.br\/noticias\/wp-json\/wp\/v2\/tags?post=237762"},{"taxonomy":"ods","embeddable":true,"href":"https:\/\/jundiai.sp.gov.br\/noticias\/wp-json\/wp\/v2\/ods?post=237762"}],"curies":[{"name":"wp","href":"https:\/\/api.w.org\/{rel}","templated":true}]}}