{"id":238004,"date":"2019-10-29T18:25:35","date_gmt":"2019-10-29T20:25:35","guid":{"rendered":"https:\/\/jundiai.sp.gov.br\/noticias\/?p=238004"},"modified":"2019-10-29T18:25:35","modified_gmt":"2019-10-29T20:25:35","slug":"escola-inovadora-pintura-de-muro-de-emeb-resgata-historia-de-bairro","status":"publish","type":"post","link":"https:\/\/jundiai.sp.gov.br\/noticias\/2019\/10\/29\/escola-inovadora-pintura-de-muro-de-emeb-resgata-historia-de-bairro\/","title":{"rendered":"Escola Inovadora: Pintura de muro de EMEB resgata hist\u00f3ria de bairro"},"content":{"rendered":"<p>A ambi\u00eancia faz parte dos pilares da Escola Inovadora e, incluir a hist\u00f3ria do bairro &#8211; inclusive as brincadeiras &#8211; representadas nos muros \u00e9 atividade que est\u00e1 sendo desenvolvida na Escola Municipal de Educa\u00e7\u00e3o B\u00e1sica (EMEB) Judith Arruda Carreta, na Vila Aparecida, a partir do projeto pedag\u00f3gico\u00a0 &#8220;Mem\u00f3rias brincantes constroem identidades&#8221;. O trabalho, que conta com a participa\u00e7\u00e3o das fam\u00edlias, revitalizar\u00e1 todo o muro interno da unidade com representa\u00e7\u00f5es de desenhos feitos pelas fam\u00edlias e \u00e1rvores formadas pelas m\u00e3os das crian\u00e7as.<\/p>\n<p>Analice Rocha Brito Ribeiro, 5 anos, estava encantada com a possibilidade de pintar flores no muro da escola em que estuda. &#8220;As flores enfeitam, s\u00e3o bonitas e deixa tudo colorido e alegre&#8221;, contou a menina, que tem os pais como uma das fam\u00edlias mobilizadas para a pintura dos muros da escola.<\/p>\n<p>Para os pais da garotinha, Priscila Ribeiro e Pauer Ribeiro, a intera\u00e7\u00e3o com a escola onde a filha estuda, possibilita oportunidades \u00fanicas, j\u00e1 que a m\u00e3e tamb\u00e9m foi estudante na unidade. &#8220;Quando entro aqui \u00e9 uma viagem ao passado. Relembro como era o parquinho onde brincava, as salas de aula, revivo o tempo com a minha filha&#8221;, explica a m\u00e3e, que faz quest\u00e3o de usar as folgas que tem no trabalho de bab\u00e1 para colaborar com o projeto.<\/p>\n<p>Para a diretora da unidade, Marcela Pergolizzi Moraes de Oliveira, a participa\u00e7\u00e3o das fam\u00edlias dos 142 alunos foi grande. &#8220;O projeto foi iniciado no primeiro semestre do ano, com o envolvimento das fam\u00edlias. Elas desenharam como lembravam do bairro e as brincadeiras que eram realizadas na inf\u00e2ncia. S\u00e3o esses desenhos que ir\u00e3o inspirar a decora\u00e7\u00e3o do espa\u00e7o&#8221;, comenta.<\/p>\n<div id=\"attachment_238058\" style=\"width: 1002px\" class=\"wp-caption aligncenter\"><img loading=\"lazy\" decoding=\"async\" aria-describedby=\"caption-attachment-238058\" class=\"size-full wp-image-238058\" src=\"https:\/\/jundiai.sp.gov.br\/noticias\/wp-content\/uploads\/sites\/32\/2019\/10\/muros_pintados_emeb_judith-47.jpg\" alt=\"\" width=\"992\" height=\"674\" srcset=\"https:\/\/jundiai.sp.gov.br\/noticias\/wp-content\/uploads\/sites\/32\/2019\/10\/muros_pintados_emeb_judith-47.jpg 992w, https:\/\/jundiai.sp.gov.br\/noticias\/wp-content\/uploads\/sites\/32\/2019\/10\/muros_pintados_emeb_judith-47-300x204.jpg 300w, https:\/\/jundiai.sp.gov.br\/noticias\/wp-content\/uploads\/sites\/32\/2019\/10\/muros_pintados_emeb_judith-47-768x522.jpg 768w\" sizes=\"auto, (max-width: 992px) 100vw, 992px\" \/><p id=\"caption-attachment-238058\" class=\"wp-caption-text\">Priscila Ribeiro \u00e9 m\u00e3e de Analice. Ela estudou na mesma escola em que a filha est\u00e1 matriculada, por isso, participar das a\u00e7\u00f5es da escola tem significado especial<\/p><\/div>\n<p>O respons\u00e1vel pela representa\u00e7\u00e3o art\u00edstica das crian\u00e7as nas paredes de blocos s\u00e3o os artistas do coletivo &#8216;The Kings&#8217;, que j\u00e1 realizou a\u00e7\u00e3o semelhante em outras unidades escolares. &#8220;As a\u00e7\u00f5es s\u00e3o realizadas de forma a envolver a comunidade, para que sejam retratadas em frases ou desenhos o contexto local. S\u00e3o informa\u00e7\u00f5es ricas, que demonstram como as crian\u00e7as querem ter a escola e o seu bairro&#8221;, explica o l\u00edder do coletivo, Jensen Silva.<\/p>\n<p>A atividade, segundo a supervisora educacional, D\u00e9bora Juv\u00eancio, a atividade segue at\u00e9 o final do ano. &#8220;Estamos com 70% da obra conclu\u00edda. A ambi\u00eancia tem contexto ampliado e a participa\u00e7\u00e3o das fam\u00edlias, alunos e os servidores na atividade promove a ressignifica\u00e7\u00e3o do espa\u00e7o&#8221;, argumenta.<\/p>\n<p>Assessoria de Imprensa<br \/>\nFotos: Fot\u00f3grafos PMJ<\/p>\n","protected":false},"excerpt":{"rendered":"<p>A ambi\u00eancia faz parte dos pilares da Escola Inovadora e, incluir a hist\u00f3ria do bairro &#8211; inclusive as brincadeiras &#8211; representadas nos muros \u00e9 atividade que est\u00e1 sendo desenvolvida na Escola Municipal de Educa\u00e7\u00e3o B\u00e1sica (EMEB) Judith Arruda Carreta, na Vila Aparecida, a partir do projeto pedag\u00f3gico\u00a0 &#8220;Mem\u00f3rias brincantes constroem identidades&#8221;. O trabalho, que conta [&hellip;]<\/p>\n","protected":false},"author":39,"featured_media":238039,"comment_status":"closed","ping_status":"closed","sticky":false,"template":"","format":"standard","meta":{"footnotes":""},"categories":[2],"tags":[6,1061],"ods":[],"class_list":["post-238004","post","type-post","status-publish","format-standard","has-post-thumbnail","hentry","category-noticias","tag-educacao","tag-escola-inovadora"],"_links":{"self":[{"href":"https:\/\/jundiai.sp.gov.br\/noticias\/wp-json\/wp\/v2\/posts\/238004","targetHints":{"allow":["GET"]}}],"collection":[{"href":"https:\/\/jundiai.sp.gov.br\/noticias\/wp-json\/wp\/v2\/posts"}],"about":[{"href":"https:\/\/jundiai.sp.gov.br\/noticias\/wp-json\/wp\/v2\/types\/post"}],"author":[{"embeddable":true,"href":"https:\/\/jundiai.sp.gov.br\/noticias\/wp-json\/wp\/v2\/users\/39"}],"replies":[{"embeddable":true,"href":"https:\/\/jundiai.sp.gov.br\/noticias\/wp-json\/wp\/v2\/comments?post=238004"}],"version-history":[{"count":7,"href":"https:\/\/jundiai.sp.gov.br\/noticias\/wp-json\/wp\/v2\/posts\/238004\/revisions"}],"predecessor-version":[{"id":238059,"href":"https:\/\/jundiai.sp.gov.br\/noticias\/wp-json\/wp\/v2\/posts\/238004\/revisions\/238059"}],"wp:featuredmedia":[{"embeddable":true,"href":"https:\/\/jundiai.sp.gov.br\/noticias\/wp-json\/wp\/v2\/media\/238039"}],"wp:attachment":[{"href":"https:\/\/jundiai.sp.gov.br\/noticias\/wp-json\/wp\/v2\/media?parent=238004"}],"wp:term":[{"taxonomy":"category","embeddable":true,"href":"https:\/\/jundiai.sp.gov.br\/noticias\/wp-json\/wp\/v2\/categories?post=238004"},{"taxonomy":"post_tag","embeddable":true,"href":"https:\/\/jundiai.sp.gov.br\/noticias\/wp-json\/wp\/v2\/tags?post=238004"},{"taxonomy":"ods","embeddable":true,"href":"https:\/\/jundiai.sp.gov.br\/noticias\/wp-json\/wp\/v2\/ods?post=238004"}],"curies":[{"name":"wp","href":"https:\/\/api.w.org\/{rel}","templated":true}]}}