{"id":238011,"date":"2019-10-29T18:26:00","date_gmt":"2019-10-29T20:26:00","guid":{"rendered":"https:\/\/jundiai.sp.gov.br\/noticias\/?p=238011"},"modified":"2019-10-29T18:26:00","modified_gmt":"2019-10-29T20:26:00","slug":"banca-examinadora-analisa-projetos-do-cidade-inteligente-eu-faco","status":"publish","type":"post","link":"https:\/\/jundiai.sp.gov.br\/noticias\/2019\/10\/29\/banca-examinadora-analisa-projetos-do-cidade-inteligente-eu-faco\/","title":{"rendered":"Banca examinadora analisa projetos do &#8216;Cidade Inteligente, eu fa\u00e7o!&#8217;"},"content":{"rendered":"<p>Os 71 trabalhos inscritos e aprovados para a segunda edi\u00e7\u00e3o do &#8220;Pr\u00eamio Cidade Inteligente, Eu Fa\u00e7o!&#8221;, iniciativa do Programa Escola Inovadora da Prefeitura de Jundia\u00ed, est\u00e3o sendo analisados nesta semana, por banca examinadora. Os vencedores ser\u00e3o apresentados no dia 8 de novembro, em solenidade, \u00e0s 19h, no Parque Comendador Antonio Carbonari, o Parque da Uva.<\/p>\n<p>As apresenta\u00e7\u00f5es est\u00e3o ocorrendo em sala do Complexo Argos, com\u00a0 a avalia\u00e7\u00e3o de juri at\u00e9 quinta-feira (31). &#8220;As apresenta\u00e7\u00f5es foram dividas por categorias e cada grupo ter\u00e1 10 minutos para a apresenta\u00e7\u00e3o. Ser\u00e3o avaliados quesitos como originalidade, inova\u00e7\u00e3o e tema. Nesta fase, as equipes classificadas devem trazer o prot\u00f3tipo do projeto e apresent\u00e1-lo no tempo de 10 minutos para a banca examinadora\u201d, explica a diretora do Departamento de Fomento \u00e0 Leitura e Literatura, da Unidade de Gest\u00e3o de Educa\u00e7\u00e3o (UGE), Camila Fernandes de Freitas Rosalem.<\/p>\n<div id=\"attachment_238052\" style=\"width: 1002px\" class=\"wp-caption aligncenter\"><img loading=\"lazy\" decoding=\"async\" aria-describedby=\"caption-attachment-238052\" class=\"size-full wp-image-238052\" src=\"https:\/\/jundiai.sp.gov.br\/noticias\/wp-content\/uploads\/sites\/32\/2019\/10\/votacao_2_premio_jundiai_cidade_inteligente-12.jpg\" alt=\"\" width=\"992\" height=\"733\" srcset=\"https:\/\/jundiai.sp.gov.br\/noticias\/wp-content\/uploads\/sites\/32\/2019\/10\/votacao_2_premio_jundiai_cidade_inteligente-12.jpg 992w, https:\/\/jundiai.sp.gov.br\/noticias\/wp-content\/uploads\/sites\/32\/2019\/10\/votacao_2_premio_jundiai_cidade_inteligente-12-300x222.jpg 300w, https:\/\/jundiai.sp.gov.br\/noticias\/wp-content\/uploads\/sites\/32\/2019\/10\/votacao_2_premio_jundiai_cidade_inteligente-12-768x567.jpg 768w\" sizes=\"auto, (max-width: 992px) 100vw, 992px\" \/><p id=\"caption-attachment-238052\" class=\"wp-caption-text\">Banca examinadora analisa quesitos de trabalhos apresentados para sele\u00e7\u00e3o dos vencedores<\/p><\/div>\n<p>Para a gestora da UGE, Vasti Ferrari Marques, o evento e a grande participa\u00e7\u00e3o mostra a qualidade da Educa\u00e7\u00e3o de Jundia\u00ed. \u201cO Pr\u00eamio \u2018Jundia\u00ed, Cidade Inteligente: Eu Fa\u00e7o!\u2019, assim como a Feira Cient\u00edfico-Cultural e o pr\u00f3prio Science Days, demonstram as inova\u00e7\u00f5es que est\u00e3o sendo implantadas pelos educadores em sala de aula, agregando novas formas de ensinar\u201d, explica.<\/p>\n<p>Assessoria de Imprensa<br \/>\nFotos: Fot\u00f3grafos PMJ<\/p>\n","protected":false},"excerpt":{"rendered":"<p>Os 71 trabalhos inscritos e aprovados para a segunda edi\u00e7\u00e3o do &#8220;Pr\u00eamio Cidade Inteligente, Eu Fa\u00e7o!&#8221;, iniciativa do Programa Escola Inovadora da Prefeitura de Jundia\u00ed, est\u00e3o sendo analisados nesta semana, por banca examinadora. Os vencedores ser\u00e3o apresentados no dia 8 de novembro, em solenidade, \u00e0s 19h, no Parque Comendador Antonio Carbonari, o Parque da Uva. [&hellip;]<\/p>\n","protected":false},"author":39,"featured_media":238051,"comment_status":"closed","ping_status":"closed","sticky":false,"template":"","format":"standard","meta":{"footnotes":""},"categories":[2],"tags":[6,1061,1141],"ods":[],"class_list":["post-238011","post","type-post","status-publish","format-standard","has-post-thumbnail","hentry","category-noticias","tag-educacao","tag-escola-inovadora","tag-programa-jundiai-cidade-inteligente"],"_links":{"self":[{"href":"https:\/\/jundiai.sp.gov.br\/noticias\/wp-json\/wp\/v2\/posts\/238011","targetHints":{"allow":["GET"]}}],"collection":[{"href":"https:\/\/jundiai.sp.gov.br\/noticias\/wp-json\/wp\/v2\/posts"}],"about":[{"href":"https:\/\/jundiai.sp.gov.br\/noticias\/wp-json\/wp\/v2\/types\/post"}],"author":[{"embeddable":true,"href":"https:\/\/jundiai.sp.gov.br\/noticias\/wp-json\/wp\/v2\/users\/39"}],"replies":[{"embeddable":true,"href":"https:\/\/jundiai.sp.gov.br\/noticias\/wp-json\/wp\/v2\/comments?post=238011"}],"version-history":[{"count":5,"href":"https:\/\/jundiai.sp.gov.br\/noticias\/wp-json\/wp\/v2\/posts\/238011\/revisions"}],"predecessor-version":[{"id":238053,"href":"https:\/\/jundiai.sp.gov.br\/noticias\/wp-json\/wp\/v2\/posts\/238011\/revisions\/238053"}],"wp:featuredmedia":[{"embeddable":true,"href":"https:\/\/jundiai.sp.gov.br\/noticias\/wp-json\/wp\/v2\/media\/238051"}],"wp:attachment":[{"href":"https:\/\/jundiai.sp.gov.br\/noticias\/wp-json\/wp\/v2\/media?parent=238011"}],"wp:term":[{"taxonomy":"category","embeddable":true,"href":"https:\/\/jundiai.sp.gov.br\/noticias\/wp-json\/wp\/v2\/categories?post=238011"},{"taxonomy":"post_tag","embeddable":true,"href":"https:\/\/jundiai.sp.gov.br\/noticias\/wp-json\/wp\/v2\/tags?post=238011"},{"taxonomy":"ods","embeddable":true,"href":"https:\/\/jundiai.sp.gov.br\/noticias\/wp-json\/wp\/v2\/ods?post=238011"}],"curies":[{"name":"wp","href":"https:\/\/api.w.org\/{rel}","templated":true}]}}