{"id":238120,"date":"2019-10-30T15:18:46","date_gmt":"2019-10-30T17:18:46","guid":{"rendered":"https:\/\/jundiai.sp.gov.br\/noticias\/?p=238120"},"modified":"2019-10-31T13:14:11","modified_gmt":"2019-10-31T15:14:11","slug":"projeto-de-revisao-do-plano-diretor-e-aprovado-pela-camara","status":"publish","type":"post","link":"https:\/\/jundiai.sp.gov.br\/noticias\/2019\/10\/30\/projeto-de-revisao-do-plano-diretor-e-aprovado-pela-camara\/","title":{"rendered":"Projeto de revis\u00e3o do Plano Diretor \u00e9 aprovado pela C\u00e2mara"},"content":{"rendered":"<p>O Projeto de Lei 12.995\/2019, de autoria da Prefeitura e que revisou o Plano Diretor de Jundia\u00ed, foi aprovado na sess\u00e3o da C\u00e2mara Municipal na noite desta ter\u00e7a-feira (29) por 17 votos favor\u00e1veis. O plano tem por objetivo estruturar o crescimento e o desenvolvimento da cidade de maneira organizada ao longo dos anos.<\/p>\n<p>Segundo o gestor da Unidade de Gest\u00e3o de Planejamento Urbano e Meio Ambiente (UGPUMA) de Jundia\u00ed, Sin\u00e9sio Scarabello Filho, a ratifica\u00e7\u00e3o do processo de revis\u00e3o da proposta \u00e9 uma vit\u00f3ria da gest\u00e3o de Luiz Fernando Machado.<\/p>\n<p>Segundo ele, houve um trabalho intenso de tr\u00eas anos dos t\u00e9cnicos da UGPUMA, com transpar\u00eancia e ampla participa\u00e7\u00e3o da sociedade civil, associa\u00e7\u00f5es e entidades de bairro. \u201cA Prefeitura n\u00e3o contratou servi\u00e7o adicional, utilizando apenas o conhecimento de seus capacitados servidores\u201d, destacou.<\/p>\n<div id=\"attachment_238123\" style=\"width: 1034px\" class=\"wp-caption aligncenter\"><img loading=\"lazy\" decoding=\"async\" aria-describedby=\"caption-attachment-238123\" class=\"size-large wp-image-238123\" src=\"https:\/\/jundiai.sp.gov.br\/noticias\/wp-content\/uploads\/sites\/32\/2019\/10\/dji_0689-1280x891.jpg\" alt=\"Plano Diretor visa estruturar o crescimento e o desenvolvimento de Jundia\u00ed de maneira organizada\" width=\"1024\" height=\"713\" srcset=\"https:\/\/jundiai.sp.gov.br\/noticias\/wp-content\/uploads\/sites\/32\/2019\/10\/dji_0689-1280x891.jpg 1280w, https:\/\/jundiai.sp.gov.br\/noticias\/wp-content\/uploads\/sites\/32\/2019\/10\/dji_0689-300x209.jpg 300w, https:\/\/jundiai.sp.gov.br\/noticias\/wp-content\/uploads\/sites\/32\/2019\/10\/dji_0689-768x535.jpg 768w, https:\/\/jundiai.sp.gov.br\/noticias\/wp-content\/uploads\/sites\/32\/2019\/10\/dji_0689.jpg 1323w\" sizes=\"auto, (max-width: 1024px) 100vw, 1024px\" \/><p id=\"caption-attachment-238123\" class=\"wp-caption-text\">Plano Diretor visa estruturar o desenvolvimento de Jundia\u00ed de maneira organizada<\/p><\/div>\n<p>O gestor lembrou que, dos tr\u00eas anos do trabalho, o primeiro foi de observa\u00e7\u00e3o \u00e0 legisla\u00e7\u00e3o vigente, facilitando a identifica\u00e7\u00e3o das quest\u00f5es a serem revisadas. \u201cDepois disso, tivemos dois anos de intensa mobiliza\u00e7\u00e3o e participa\u00e7\u00e3o da popula\u00e7\u00e3o. Em 2018, foram feitas 20 reuni\u00f5es na Prefeitura, Associa\u00e7\u00e3o dos Engenheiros e Escola de Governo, al\u00e9m de outras seis nos bairros da regi\u00e3o do Caxambu e duas no Medeiros. Este ano, aconteceram ainda sete audi\u00eancias p\u00fablicas. O site da Prefeitura ficou \u00e0 disposi\u00e7\u00e3o de todos para a coleta de sugest\u00f5es e cr\u00edticas\u201d, emendou Sin\u00e9sio.<\/p>\n<p>Ele destacou ainda que a cidade teve um ganho com a aprova\u00e7\u00e3o do projeto de revis\u00e3o do Plano Diretor. \u201cJundia\u00ed foi recolocada na dire\u00e7\u00e3o do planejamento que teve in\u00edcio com o Plano Diretor F\u00edsico Territorial de 1969, tamb\u00e9m desenvolvido pelos t\u00e9cnicos da Prefeitura\u201d, contou.<\/p>\n<p><strong>Jardim Brasil<\/strong><br \/>\nMotivo de muitos debates nas audi\u00eancias anteriores, a instala\u00e7\u00e3o de escrit\u00f3rios e cl\u00ednicas (considerados estabelecimentos de baixo impacto) nas ruas internas do Jardim Brasil foi retificada, estando proibido qualquer outro tipo de estabelecimento na regi\u00e3o central do bairro. \u201cPrevaleceu a opini\u00e3o da maioria, apesar de haver argumentos procedentes dos contr\u00e1rios \u00e0 ideia. A solu\u00e7\u00e3o mais madura depende de mais tempo e de mais di\u00e1logo, para que haja um consenso a respeito do assunto\u201d, completou Sin\u00e9sio.<\/p>\n<p><strong>Assessoria de Imprensa<\/strong><br \/>\n<strong>Foto: Fot\u00f3grafos PMJ<\/strong><\/p>\n","protected":false},"excerpt":{"rendered":"<p>O Projeto de Lei 12.995\/2019, de autoria da Prefeitura e que revisou o Plano Diretor de Jundia\u00ed, foi aprovado na sess\u00e3o da C\u00e2mara Municipal na noite desta ter\u00e7a-feira (29) por 17 votos favor\u00e1veis. O plano tem por objetivo estruturar o crescimento e o desenvolvimento da cidade de maneira organizada ao longo dos anos. Segundo o [&hellip;]<\/p>\n","protected":false},"author":54,"featured_media":0,"comment_status":"closed","ping_status":"closed","sticky":false,"template":"","format":"standard","meta":{"footnotes":""},"categories":[2],"tags":[984,559],"ods":[],"class_list":["post-238120","post","type-post","status-publish","format-standard","hentry","category-noticias","tag-planejamento-urbano-e-meio-ambiente","tag-plano-diretor-participativo"],"_links":{"self":[{"href":"https:\/\/jundiai.sp.gov.br\/noticias\/wp-json\/wp\/v2\/posts\/238120","targetHints":{"allow":["GET"]}}],"collection":[{"href":"https:\/\/jundiai.sp.gov.br\/noticias\/wp-json\/wp\/v2\/posts"}],"about":[{"href":"https:\/\/jundiai.sp.gov.br\/noticias\/wp-json\/wp\/v2\/types\/post"}],"author":[{"embeddable":true,"href":"https:\/\/jundiai.sp.gov.br\/noticias\/wp-json\/wp\/v2\/users\/54"}],"replies":[{"embeddable":true,"href":"https:\/\/jundiai.sp.gov.br\/noticias\/wp-json\/wp\/v2\/comments?post=238120"}],"version-history":[{"count":7,"href":"https:\/\/jundiai.sp.gov.br\/noticias\/wp-json\/wp\/v2\/posts\/238120\/revisions"}],"predecessor-version":[{"id":238213,"href":"https:\/\/jundiai.sp.gov.br\/noticias\/wp-json\/wp\/v2\/posts\/238120\/revisions\/238213"}],"wp:attachment":[{"href":"https:\/\/jundiai.sp.gov.br\/noticias\/wp-json\/wp\/v2\/media?parent=238120"}],"wp:term":[{"taxonomy":"category","embeddable":true,"href":"https:\/\/jundiai.sp.gov.br\/noticias\/wp-json\/wp\/v2\/categories?post=238120"},{"taxonomy":"post_tag","embeddable":true,"href":"https:\/\/jundiai.sp.gov.br\/noticias\/wp-json\/wp\/v2\/tags?post=238120"},{"taxonomy":"ods","embeddable":true,"href":"https:\/\/jundiai.sp.gov.br\/noticias\/wp-json\/wp\/v2\/ods?post=238120"}],"curies":[{"name":"wp","href":"https:\/\/api.w.org\/{rel}","templated":true}]}}