{"id":238139,"date":"2019-10-30T17:38:51","date_gmt":"2019-10-30T19:38:51","guid":{"rendered":"https:\/\/jundiai.sp.gov.br\/noticias\/?p=238139"},"modified":"2019-10-30T17:39:33","modified_gmt":"2019-10-30T19:39:33","slug":"servidores-da-fumas-concluem-curso-de-mediacao-de-conflitos","status":"publish","type":"post","link":"https:\/\/jundiai.sp.gov.br\/noticias\/2019\/10\/30\/servidores-da-fumas-concluem-curso-de-mediacao-de-conflitos\/","title":{"rendered":"Servidores da FUMAS concluem curso de Media\u00e7\u00e3o de Conflitos"},"content":{"rendered":"<p>Uma roda de conversas marcou o \u00faltimo dia do curso de Media\u00e7\u00e3o de Conflitos realizado pelos funcion\u00e1rios do Programa de Suplementa\u00e7\u00e3o Alimentar da Funda\u00e7\u00e3o Municipal de A\u00e7\u00e3o Social (FUMAS). Os encontros &#8211; promovidos na sede da Funda\u00e7\u00e3o pelo Servi\u00e7o Nacional de Aprendizagem Comercial (Senac), serviram para aprimoramento e desenvolvimento da comunica\u00e7\u00e3o pessoal e profissional da equipe.<\/p>\n<div id=\"attachment_238140\" style=\"width: 1034px\" class=\"wp-caption aligncenter\"><img loading=\"lazy\" decoding=\"async\" aria-describedby=\"caption-attachment-238140\" src=\"https:\/\/jundiai.sp.gov.br\/noticias\/wp-content\/uploads\/sites\/32\/2019\/10\/whatsapp-image-2019-10-30-at-15-51-33-1280x622.jpeg\" alt=\"\" width=\"1024\" height=\"498\" class=\"size-large wp-image-238140\" srcset=\"https:\/\/jundiai.sp.gov.br\/noticias\/wp-content\/uploads\/sites\/32\/2019\/10\/whatsapp-image-2019-10-30-at-15-51-33.jpeg 1280w, https:\/\/jundiai.sp.gov.br\/noticias\/wp-content\/uploads\/sites\/32\/2019\/10\/whatsapp-image-2019-10-30-at-15-51-33-300x146.jpeg 300w, https:\/\/jundiai.sp.gov.br\/noticias\/wp-content\/uploads\/sites\/32\/2019\/10\/whatsapp-image-2019-10-30-at-15-51-33-768x373.jpeg 768w\" sizes=\"auto, (max-width: 1024px) 100vw, 1024px\" \/><p id=\"caption-attachment-238140\" class=\"wp-caption-text\">Valoriza\u00e7\u00e3o do funcion\u00e1rio e melhoria na comunica\u00e7\u00e3o eram alguns dos objetivos do curso realizado para a equipe do PSA da FUMAS<\/p><\/div>\n<p>\u201cO curso foi de 40 horas de dura\u00e7\u00e3o e o objetivo era trabalhar ferramentas que mostrassem como \u00e9 importante a ado\u00e7\u00e3o da comunica\u00e7\u00e3o n\u00e3o-violenta nas nossas vidas, seja no ambiente de trabalho, na nossa casa ou com nossos amigos\u201d, explicou o professor Marcos Eduardo S. Pereira, respons\u00e1vel pelas aulas. \u201cO grande desafio agora \u00e9 levar todo este aprendizado para a vida l\u00e1 fora.\u201d<\/p>\n<p>A agente de servi\u00e7os operacionais, Elaine Souza de Paula, aprovou o curso, que teve 40 horas de dura\u00e7\u00e3o. \u201cFoi importante para que a gente entendesse que a contribui\u00e7\u00e3o que cada um d\u00e1 ao grupo, \u00e0 sua maneira, \u00e9 o que faz com que a engrenagem funcione bem\u201d, destacou, acompanhando a opini\u00e3o do colega, o cozinheiro industrial Jos\u00e9 Eduardo Pereira. \u201cSou muito grato a todos, porque o que aprendi nestas semanas vou levar para a minha vida inteira\u201d.<\/p>\n<p>Ao ouvir alguns dos depoimentos dos servidores, a superintendente da Funda\u00e7\u00e3o, Solange Marques, que compareceu ao evento acompanhada da diretora do Departamento de A\u00e7\u00e3o Social, Clayde Almeida, comentou que o curso \u00e9 uma forma de valorizar o funcion\u00e1rio. <\/p>\n<p>\u201cEntendemos que o ambiente de trabalho tem de ser bom e agrad\u00e1vel. Todos trazemos nossos problemas pessoais de casa e temos de lidar com eles, mas passamos mais tempo com nossos colegas de trabalho do que com nossa pr\u00f3pria fam\u00edlia e por isso \u00e9 importante, em alguns momentos, parar, respirar e olhar o que pode ser melhorado nessa conviv\u00eancia di\u00e1ria\u201d, ressaltou.<\/p>\n<p><em><strong>Assessoria de Imprensa &#8211; FUMAS<br \/>\nFoto: Divulga\u00e7\u00e3o<\/strong><\/em><\/p>\n","protected":false},"excerpt":{"rendered":"<p>Uma roda de conversas marcou o \u00faltimo dia do curso de Media\u00e7\u00e3o de Conflitos realizado pelos funcion\u00e1rios do Programa de Suplementa\u00e7\u00e3o Alimentar da Funda\u00e7\u00e3o Municipal de A\u00e7\u00e3o Social (FUMAS). Os encontros &#8211; promovidos na sede da Funda\u00e7\u00e3o pelo Servi\u00e7o Nacional de Aprendizagem Comercial (Senac), serviram para aprimoramento e desenvolvimento da comunica\u00e7\u00e3o pessoal e profissional da [&hellip;]<\/p>\n","protected":false},"author":40,"featured_media":0,"comment_status":"closed","ping_status":"closed","sticky":false,"template":"","format":"standard","meta":{"footnotes":""},"categories":[2],"tags":[49],"ods":[],"class_list":["post-238139","post","type-post","status-publish","format-standard","hentry","category-noticias","tag-fundacao-municipal-de-acao-social-fumas"],"_links":{"self":[{"href":"https:\/\/jundiai.sp.gov.br\/noticias\/wp-json\/wp\/v2\/posts\/238139","targetHints":{"allow":["GET"]}}],"collection":[{"href":"https:\/\/jundiai.sp.gov.br\/noticias\/wp-json\/wp\/v2\/posts"}],"about":[{"href":"https:\/\/jundiai.sp.gov.br\/noticias\/wp-json\/wp\/v2\/types\/post"}],"author":[{"embeddable":true,"href":"https:\/\/jundiai.sp.gov.br\/noticias\/wp-json\/wp\/v2\/users\/40"}],"replies":[{"embeddable":true,"href":"https:\/\/jundiai.sp.gov.br\/noticias\/wp-json\/wp\/v2\/comments?post=238139"}],"version-history":[{"count":3,"href":"https:\/\/jundiai.sp.gov.br\/noticias\/wp-json\/wp\/v2\/posts\/238139\/revisions"}],"predecessor-version":[{"id":238145,"href":"https:\/\/jundiai.sp.gov.br\/noticias\/wp-json\/wp\/v2\/posts\/238139\/revisions\/238145"}],"wp:attachment":[{"href":"https:\/\/jundiai.sp.gov.br\/noticias\/wp-json\/wp\/v2\/media?parent=238139"}],"wp:term":[{"taxonomy":"category","embeddable":true,"href":"https:\/\/jundiai.sp.gov.br\/noticias\/wp-json\/wp\/v2\/categories?post=238139"},{"taxonomy":"post_tag","embeddable":true,"href":"https:\/\/jundiai.sp.gov.br\/noticias\/wp-json\/wp\/v2\/tags?post=238139"},{"taxonomy":"ods","embeddable":true,"href":"https:\/\/jundiai.sp.gov.br\/noticias\/wp-json\/wp\/v2\/ods?post=238139"}],"curies":[{"name":"wp","href":"https:\/\/api.w.org\/{rel}","templated":true}]}}