{"id":238281,"date":"2019-11-01T11:29:42","date_gmt":"2019-11-01T13:29:42","guid":{"rendered":"https:\/\/jundiai.sp.gov.br\/noticias\/?p=238281"},"modified":"2024-08-26T16:33:48","modified_gmt":"2024-08-26T19:33:48","slug":"com-corais-municipais-e-publico-maior-30a-edicao-de-encontro-de-corais-e-encerrada","status":"publish","type":"post","link":"https:\/\/jundiai.sp.gov.br\/noticias\/2019\/11\/01\/com-corais-municipais-e-publico-maior-30a-edicao-de-encontro-de-corais-e-encerrada\/","title":{"rendered":"Com corais municipais e p\u00fablico maior, 30\u00aa edi\u00e7\u00e3o de Encontro de Corais \u00e9 encerrada"},"content":{"rendered":"<p>Com um concerto dos corais municipais no Sesc Jundia\u00ed e outro no Centro Esportivo (CECE) Francisco Dal Santo, na Vila Rami \u2013 Coral Afro C\u00eanico 28 de Setembro, Coral Infantil Escola Crist\u00e3 Jundia\u00ed e Grupo Vocal Cantura &#8211; a Unidade de Gest\u00e3o de Cultura (UGC) encerrou na noite desta quinta (31) a 30\u00aa edi\u00e7\u00e3o do Encontro de Corais de Jundia\u00ed. Com programa\u00e7\u00e3o estendida por 20 dias, entre 11 e 31 de outubro, o evento este ano foi realizado em mais de dez palcos pela cidade, como o Teatro Polytheama, Complexo Fepasa, escolas, shoppings, igrejas e centros esportivos e comunit\u00e1rios.<\/p>\n<div id=\"attachment_238295\" style=\"width: 1034px\" class=\"wp-caption aligncenter\"><img loading=\"lazy\" decoding=\"async\" aria-describedby=\"caption-attachment-238295\" class=\"size-large wp-image-238295\" src=\"https:\/\/jundiai.sp.gov.br\/noticias\/wp-content\/uploads\/sites\/32\/2019\/10\/dalsanto1-1280x646.jpg\" alt=\"\" width=\"1024\" height=\"517\" srcset=\"https:\/\/jundiai.sp.gov.br\/noticias\/wp-content\/uploads\/sites\/32\/2019\/10\/dalsanto1-1280x646.jpg 1280w, https:\/\/jundiai.sp.gov.br\/noticias\/wp-content\/uploads\/sites\/32\/2019\/10\/dalsanto1-300x151.jpg 300w, https:\/\/jundiai.sp.gov.br\/noticias\/wp-content\/uploads\/sites\/32\/2019\/10\/dalsanto1-768x388.jpg 768w, https:\/\/jundiai.sp.gov.br\/noticias\/wp-content\/uploads\/sites\/32\/2019\/10\/dalsanto1.jpg 1323w\" sizes=\"auto, (max-width: 1024px) 100vw, 1024px\" \/><p id=\"caption-attachment-238295\" class=\"wp-caption-text\">Coral no CECE Dal Santo na noite desta quinta: 30\u00aa edi\u00e7\u00e3o do evento contou com apresenta\u00e7\u00f5es em diversos pontos da cidade<\/p><\/div>\n<p>Segundo o gestor da UGC, Marcelo Peroni, a apresenta\u00e7\u00e3o de encerramento foi surpreendente. \u201cNos enche de orgulho ter um coral municipal como o que vimos no Sesc. Eles prepararam um espet\u00e1culo lind\u00edssimo, abordando o samba, incluindo at\u00e9 a quest\u00e3o das nossas origens africanas e com uma qualidade t\u00e9cnica impressionante\u201d, disse. \u201cFechamos o Encontro de Corais de forma muito feliz, tamb\u00e9m com apresenta\u00e7\u00f5es muito boas no CECE Dal Santo. Fa\u00e7o um balan\u00e7o muito positivo, pois notamos um crescimento do evento, especialmente nesta edi\u00e7\u00e3o de 30 anos, com participa\u00e7\u00f5es de corais locais e tamb\u00e9m de fora de Jundia\u00ed\u201d.<\/p>\n<p>Al\u00e9m das mostras Oficial e Paralela, o Encontro contou ainda com a mostra Alternativa. \u201cEssa modalidade permitiu que grupos de excelente qualidade t\u00e9cnica e art\u00edstica levassem suas apresenta\u00e7\u00f5es at\u00e9 os bairros. Isso amplia a qualidade dessa linguagem art\u00edstica no Munic\u00edpio e incentiva a forma\u00e7\u00e3o de p\u00fablico. Pudemos notar, inclusive, um aumento no n\u00famero de pessoas que prestigiaram os espet\u00e1culos\u201d, comenta Peroni.<\/p>\n<p><img loading=\"lazy\" decoding=\"async\" class=\"size-large wp-image-238296\" src=\"https:\/\/jundiai.sp.gov.br\/noticias\/wp-content\/uploads\/sites\/32\/2019\/10\/sesc1-1280x781.jpg\" alt=\"\" width=\"1024\" height=\"625\" srcset=\"https:\/\/jundiai.sp.gov.br\/noticias\/wp-content\/uploads\/sites\/32\/2019\/10\/sesc1-1280x781.jpg 1280w, https:\/\/jundiai.sp.gov.br\/noticias\/wp-content\/uploads\/sites\/32\/2019\/10\/sesc1-300x183.jpg 300w, https:\/\/jundiai.sp.gov.br\/noticias\/wp-content\/uploads\/sites\/32\/2019\/10\/sesc1-768x468.jpg 768w, https:\/\/jundiai.sp.gov.br\/noticias\/wp-content\/uploads\/sites\/32\/2019\/10\/sesc1.jpg 1323w\" sizes=\"auto, (max-width: 1024px) 100vw, 1024px\" \/>C<span style=\"font-size: 14px;\">oral Municipal no Sesc: 30\u00aa edi\u00e7\u00e3o foi realizada em mais de dez palcos pela cidade, com a participa\u00e7\u00e3o de 48 grupos\u00a0<\/span><\/p>\n<p>A edi\u00e7\u00e3o deste ano contou com a participa\u00e7\u00e3o de 48 grupos, sendo 33 deles de Jundia\u00ed, com a participa\u00e7\u00e3o especial do Coral Municipal. Outro destaque foi a estreia do Coral Infanto-Juvenil Cidade das Crian\u00e7as, que faz parte das pol\u00edticas para a inf\u00e2ncia implementadas pela administra\u00e7\u00e3o Luiz Fernando Machado. Convidados ilustres tamb\u00e9m marcaram presen\u00e7a, como o m\u00fasico H\u00e9lio Ziskind, compositor de trilhas sonoras de programas infantis da TV Cultura, que se apresentou no \u00faltimo s\u00e1bado (26) no Sesc, com os corais participantes do festival e com os integrantes do Comit\u00ea das Crian\u00e7as.<\/p>\n<p>O 30\u00ba Encontro de Corais contou com apoio institucional do Sesc e com os patroc\u00ednios da Astra e do Maxi Shopping .<\/p>\n<p><strong>Assessoria de Imprensa<\/strong><b><br \/>\n<strong>Fotos: Fot\u00f3grafos PMJ<\/strong><\/b><\/p>\n<p>&nbsp;<\/p>\n","protected":false},"excerpt":{"rendered":"<p>Evento este ano foi realizado em mais de dez palcos, como o Polytheama, Sesc (foto), Complexo Fepasa, escolas, shoppings, igrejas e centros esportivos e comunit\u00e1rios<\/p>\n","protected":false},"author":14,"featured_media":238296,"comment_status":"closed","ping_status":"closed","sticky":false,"template":"","format":"standard","meta":{"footnotes":""},"categories":[2],"tags":[1277,29,4618],"ods":[],"class_list":["post-238281","post","type-post","status-publish","format-standard","has-post-thumbnail","hentry","category-noticias","tag-30o-encontro-de-corais-de-jundiai","tag-cultura","tag-encontro-de-corais-de-jundiai"],"_links":{"self":[{"href":"https:\/\/jundiai.sp.gov.br\/noticias\/wp-json\/wp\/v2\/posts\/238281","targetHints":{"allow":["GET"]}}],"collection":[{"href":"https:\/\/jundiai.sp.gov.br\/noticias\/wp-json\/wp\/v2\/posts"}],"about":[{"href":"https:\/\/jundiai.sp.gov.br\/noticias\/wp-json\/wp\/v2\/types\/post"}],"author":[{"embeddable":true,"href":"https:\/\/jundiai.sp.gov.br\/noticias\/wp-json\/wp\/v2\/users\/14"}],"replies":[{"embeddable":true,"href":"https:\/\/jundiai.sp.gov.br\/noticias\/wp-json\/wp\/v2\/comments?post=238281"}],"version-history":[{"count":6,"href":"https:\/\/jundiai.sp.gov.br\/noticias\/wp-json\/wp\/v2\/posts\/238281\/revisions"}],"predecessor-version":[{"id":238329,"href":"https:\/\/jundiai.sp.gov.br\/noticias\/wp-json\/wp\/v2\/posts\/238281\/revisions\/238329"}],"wp:featuredmedia":[{"embeddable":true,"href":"https:\/\/jundiai.sp.gov.br\/noticias\/wp-json\/wp\/v2\/media\/238296"}],"wp:attachment":[{"href":"https:\/\/jundiai.sp.gov.br\/noticias\/wp-json\/wp\/v2\/media?parent=238281"}],"wp:term":[{"taxonomy":"category","embeddable":true,"href":"https:\/\/jundiai.sp.gov.br\/noticias\/wp-json\/wp\/v2\/categories?post=238281"},{"taxonomy":"post_tag","embeddable":true,"href":"https:\/\/jundiai.sp.gov.br\/noticias\/wp-json\/wp\/v2\/tags?post=238281"},{"taxonomy":"ods","embeddable":true,"href":"https:\/\/jundiai.sp.gov.br\/noticias\/wp-json\/wp\/v2\/ods?post=238281"}],"curies":[{"name":"wp","href":"https:\/\/api.w.org\/{rel}","templated":true}]}}