{"id":238435,"date":"2019-11-05T14:06:04","date_gmt":"2019-11-05T16:06:04","guid":{"rendered":"https:\/\/jundiai.sp.gov.br\/noticias\/?p=238435"},"modified":"2019-11-05T14:06:04","modified_gmt":"2019-11-05T16:06:04","slug":"festivais-time-jundiai-chegam-a-sua-6a-edicao-com-programacao-ate-dezembro","status":"publish","type":"post","link":"https:\/\/jundiai.sp.gov.br\/noticias\/2019\/11\/05\/festivais-time-jundiai-chegam-a-sua-6a-edicao-com-programacao-ate-dezembro\/","title":{"rendered":"Festivais TIME Jundia\u00ed chegam \u00e0 sua 6\u00aa edi\u00e7\u00e3o com programa\u00e7\u00e3o at\u00e9 dezembro"},"content":{"rendered":"<p>Na quadra do Complexo Esportivo Francisco Dal Santo, na Vila Rami, foi dado o pontap\u00e9 inicial da 6\u00aa edi\u00e7\u00e3o dos Festivais TIME Jundia\u00ed (FESTIJUN), evento que deve atingir os cerca de cinco mil alunos do TIME Jundia\u00ed, que possuem idade entre cinco e 94 anos de idade. A programa\u00e7\u00e3o, que teve in\u00edcio na manh\u00e3 desta ter\u00e7a-feira (05), segue at\u00e9 o dia 07 de dezembro, em diversos complexos esportivos e outros equipamentos, como o Parque Comendador Ant\u00f4nio Carbonari (Parque da Uva), a Biblioteca Municipal e, pela primeira vez, o Teatro Polytheama.<\/p>\n<p>Segundo a diretora do Departamento de Esporte Educacional e Participa\u00e7\u00e3o da Unidade de Gest\u00e3o de Esporte e Lazer (UGEL), M\u00e1rcia Pavan, o objetivo dos Festivais \u00e9 integrar os alunos de todas as modalidades, promovendo viv\u00eancias diferentes das que j\u00e1 t\u00eam no esporte em que est\u00e3o matriculados. \u201cQueremos refor\u00e7ar a import\u00e2ncia e os benef\u00edcios da pr\u00e1tica regular de atividade f\u00edsica e esportiva na vida dos alunos. Como o tema desta edi\u00e7\u00e3o \u00e9 \u2018membros invertidos\u2019, o aluno que pratica esportes com o p\u00e9, como futebol e futsal, ir\u00e1 experimentar tamb\u00e9m como \u00e9 jogar v\u00f4lei\u201d.<\/p>\n<p>Entre as viv\u00eancias programadas, encontram-se futsal, futebol, v\u00f4lei, carat\u00ea, basquete e outros. Al\u00e9m do Dal Santo, as atividades ser\u00e3o desenvolvidas nos complexos esportivos no Aramis Polli (Vila Hortol\u00e2ndia), Rom\u00e3o de Souza (Col\u00f4nia), Bol\u00e3o (Anhangaba\u00fa), Vanderlei Sperandio (Santa Gertrudes). Como parte da programa\u00e7\u00e3o, a piscina do Bol\u00e3o recebe ainda o Festival e Torneio Guaruz\u00e3o de Nata\u00e7\u00e3o neste domingo (10), o Teatro Polytheama tem as apresenta\u00e7\u00f5es de 430 alunos da gin\u00e1stica r\u00edtmica na quarta-feira (13) e a Biblioteca Municipal recebe a pr\u00e1tica de xadrez no s\u00e1bado (30).<\/p>\n<p>A programa\u00e7\u00e3o completa do FESTIJUN pode ser conferida no <a href=\"https:\/\/jundiai.sp.gov.br\/esporte-e-lazer\/festijun-festivais-time-jundiai\/\">site da Prefeitura<\/a>.<\/p>\n<p>Ao longo de todas as atividades da programa\u00e7\u00e3o do 6\u00ba FESTIJUN, os participantes e familiares s\u00e3o convidados a aderir \u00e0 campanha \u201cEsporte Solid\u00e1rio\u201d de arrecada\u00e7\u00e3o de alimentos n\u00e3o perec\u00edveis (exceto sal e a\u00e7\u00facar) para destina\u00e7\u00e3o ao Fundo Social de Solidariedade de Jundia\u00ed.<\/p>\n<div id=\"attachment_238438\" style=\"width: 1002px\" class=\"wp-caption aligncenter\"><img loading=\"lazy\" decoding=\"async\" aria-describedby=\"caption-attachment-238438\" class=\"size-full wp-image-238438\" src=\"https:\/\/jundiai.sp.gov.br\/noticias\/wp-content\/uploads\/sites\/32\/2019\/11\/festijun_cece_dal_santo-15.jpg\" alt=\"Quatro meninos com jaleco jogando futebol em quadra\" width=\"992\" height=\"675\" srcset=\"https:\/\/jundiai.sp.gov.br\/noticias\/wp-content\/uploads\/sites\/32\/2019\/11\/festijun_cece_dal_santo-15.jpg 992w, https:\/\/jundiai.sp.gov.br\/noticias\/wp-content\/uploads\/sites\/32\/2019\/11\/festijun_cece_dal_santo-15-300x204.jpg 300w, https:\/\/jundiai.sp.gov.br\/noticias\/wp-content\/uploads\/sites\/32\/2019\/11\/festijun_cece_dal_santo-15-768x523.jpg 768w\" sizes=\"auto, (max-width: 992px) 100vw, 992px\" \/><p id=\"caption-attachment-238438\" class=\"wp-caption-text\">S\u00f3 na manh\u00e3 desta ter\u00e7a (05), mais de 60 alunos participaram da atividade no Sal Santo<\/p><\/div>\n<p><strong>Assessoria de Imprensa<br \/>\nFoto: Fot\u00f3grafos PMJ<\/strong><\/p>\n","protected":false},"excerpt":{"rendered":"<p>Na quadra do Complexo Esportivo Francisco Dal Santo, na Vila Rami, foi dado o pontap\u00e9 inicial da 6\u00aa edi\u00e7\u00e3o dos Festivais TIME Jundia\u00ed (FESTIJUN), evento que deve atingir os cerca de cinco mil alunos do TIME Jundia\u00ed, que possuem idade entre cinco e 94 anos de idade. A programa\u00e7\u00e3o, que teve in\u00edcio na manh\u00e3 desta [&hellip;]<\/p>\n","protected":false},"author":14,"featured_media":0,"comment_status":"closed","ping_status":"closed","sticky":false,"template":"","format":"standard","meta":{"footnotes":""},"categories":[2],"tags":[1162,1045],"ods":[],"class_list":["post-238435","post","type-post","status-publish","format-standard","hentry","category-noticias","tag-festivais-time-jundiai-festijun","tag-time-jundiai"],"_links":{"self":[{"href":"https:\/\/jundiai.sp.gov.br\/noticias\/wp-json\/wp\/v2\/posts\/238435","targetHints":{"allow":["GET"]}}],"collection":[{"href":"https:\/\/jundiai.sp.gov.br\/noticias\/wp-json\/wp\/v2\/posts"}],"about":[{"href":"https:\/\/jundiai.sp.gov.br\/noticias\/wp-json\/wp\/v2\/types\/post"}],"author":[{"embeddable":true,"href":"https:\/\/jundiai.sp.gov.br\/noticias\/wp-json\/wp\/v2\/users\/14"}],"replies":[{"embeddable":true,"href":"https:\/\/jundiai.sp.gov.br\/noticias\/wp-json\/wp\/v2\/comments?post=238435"}],"version-history":[{"count":3,"href":"https:\/\/jundiai.sp.gov.br\/noticias\/wp-json\/wp\/v2\/posts\/238435\/revisions"}],"predecessor-version":[{"id":238457,"href":"https:\/\/jundiai.sp.gov.br\/noticias\/wp-json\/wp\/v2\/posts\/238435\/revisions\/238457"}],"wp:attachment":[{"href":"https:\/\/jundiai.sp.gov.br\/noticias\/wp-json\/wp\/v2\/media?parent=238435"}],"wp:term":[{"taxonomy":"category","embeddable":true,"href":"https:\/\/jundiai.sp.gov.br\/noticias\/wp-json\/wp\/v2\/categories?post=238435"},{"taxonomy":"post_tag","embeddable":true,"href":"https:\/\/jundiai.sp.gov.br\/noticias\/wp-json\/wp\/v2\/tags?post=238435"},{"taxonomy":"ods","embeddable":true,"href":"https:\/\/jundiai.sp.gov.br\/noticias\/wp-json\/wp\/v2\/ods?post=238435"}],"curies":[{"name":"wp","href":"https:\/\/api.w.org\/{rel}","templated":true}]}}