{"id":238580,"date":"2019-11-07T11:43:36","date_gmt":"2019-11-07T13:43:36","guid":{"rendered":"https:\/\/jundiai.sp.gov.br\/noticias\/?p=238580"},"modified":"2019-11-07T15:49:03","modified_gmt":"2019-11-07T17:49:03","slug":"polytheama-tem-dobradinha-da-cia-jovem-de-danca-neste-fim-de-semana","status":"publish","type":"post","link":"https:\/\/jundiai.sp.gov.br\/noticias\/2019\/11\/07\/polytheama-tem-dobradinha-da-cia-jovem-de-danca-neste-fim-de-semana\/","title":{"rendered":"Polytheama tem \u201cdobradinha\u201d da Cia. Jovem de Dan\u00e7a neste fim de semana"},"content":{"rendered":"<p>A Cia. Jovem de Dan\u00e7a traz duas apresenta\u00e7\u00f5es gratuitas no Teatro Polytheama neste fim de semana. Neste s\u00e1bado (09), a companhia faz uma participa\u00e7\u00e3o especial no concerto da Orquestra Municipal de Jundia\u00ed, a partir das 20h. J\u00e1 no domingo (10), \u00e0s 18h, a Cia. de Dan\u00e7a traz mais uma apresenta\u00e7\u00e3o do espet\u00e1culo \u201cInstagrimm\u201d.<\/p>\n<p><strong>Concerto<\/strong><br \/>\nNo espet\u00e1culo deste s\u00e1bado (09), os bailarinos da Cia. Jovem de Dan\u00e7a apresentam coreografias montadas pelo diretor art\u00edstico Alex Soares para o programa da noite, composto de obras de Luigi Boccherini, Tomaso Albinoni, Remo Giazotto, Johann Sebastian Bach, Antonio Vivaldi e Franz Schubert, sob a reg\u00eancia da maestrina Claudia Feres. Os ingressos gratuitos come\u00e7am a ser distribu\u00eddos j\u00e1 nesta sexta-feira (08), \u00e0s 10h, na bilheteria do teatro. Cada adulto em fila pode retirar at\u00e9 dois ingressos. <a href=\"https:\/\/jundiai.sp.gov.br\/noticias\/2019\/11\/05\/com-orquestra-e-cia-de-danca-polytheama-tem-concerto-gratuito-neste-sabado-09\/\">Mais informa\u00e7\u00f5es do programa da noite no site da Prefeitura<\/a>.<\/p>\n<p><strong>Instagrimm<\/strong><br \/>\nO espet\u00e1culo do domingo (10) traz uma mistura entre contos dos irm\u00e3os Grimm no formato de Stories de redes sociais. A narrativa mista do core\u00f3grafo Alex Sores, atrav\u00e9s da dan\u00e7a, videoproje\u00e7\u00f5es e teatro f\u00edsico, remete a um h\u00edbrido entre dan\u00e7a e cinema que tem gerado reconhecimento de cr\u00edtica e p\u00fablico nas suas cria\u00e7\u00f5es. De maneira l\u00fadica e com bastante humor, o espet\u00e1culo tamb\u00e9m traz um panorama dos estilos de dan\u00e7a, com o intuito de despertar em quem assiste uma vontade de dan\u00e7ar e praticar dan\u00e7a independentemente de qualquer preconceito.<\/p>\n<p>Cada adulto pode retirar at\u00e9 dois ingressos na bilheteria do teatro a partir das 10h deste s\u00e1bado (09).<\/p>\n<div id=\"attachment_238583\" style=\"width: 1034px\" class=\"wp-caption aligncenter\"><img loading=\"lazy\" decoding=\"async\" aria-describedby=\"caption-attachment-238583\" class=\"size-large wp-image-238583\" src=\"https:\/\/jundiai.sp.gov.br\/noticias\/wp-content\/uploads\/sites\/32\/2019\/11\/cia_de_danca-145-1280x788.jpg\" alt=\"Bailarinos em performance no palco, com travesseiros e len\u00e7\u00f3is gigantes\" width=\"1024\" height=\"630\" srcset=\"https:\/\/jundiai.sp.gov.br\/noticias\/wp-content\/uploads\/sites\/32\/2019\/11\/cia_de_danca-145-1280x788.jpg 1280w, https:\/\/jundiai.sp.gov.br\/noticias\/wp-content\/uploads\/sites\/32\/2019\/11\/cia_de_danca-145-300x185.jpg 300w, https:\/\/jundiai.sp.gov.br\/noticias\/wp-content\/uploads\/sites\/32\/2019\/11\/cia_de_danca-145-768x473.jpg 768w, https:\/\/jundiai.sp.gov.br\/noticias\/wp-content\/uploads\/sites\/32\/2019\/11\/cia_de_danca-145.jpg 2048w\" sizes=\"auto, (max-width: 1024px) 100vw, 1024px\" \/><p id=\"caption-attachment-238583\" class=\"wp-caption-text\">&#8220;Instagrimm&#8221; traz uma mistura entre contos dos irm\u00e3os Grimm no formato de Stories de redes sociais<\/p><\/div>\n<p>A Cia. Jovem de Dan\u00e7a \u00e9 um corpo art\u00edstico ligado ao Teatro Polytheama retomado em 2018, que visa ao est\u00edmulo dessa linguagem art\u00edstica e \u00e0 oferta de apresenta\u00e7\u00f5es em eventos do calend\u00e1rio municipal. Al\u00e9m da Cia. Jovem de Dan\u00e7a, s\u00e3o corpos art\u00edsticos da Unidade de Gest\u00e3o de Cultura a Orquestra Municipal de Jundia\u00ed (OMJ), a Cia. De Teatro e o Coral Municipal.<\/p>\n<p>O Polytheama fica na rua Bar\u00e3o de Jundia\u00ed, 176, Centro. Mais informa\u00e7\u00f5es podem ser obtidas pelos telefones 4586-2472 e 4522-0770.<\/p>\n<p><strong>Assessoria de Imprensa<br \/>\nFoto: Arquivo PMJ<\/strong><\/p>\n","protected":false},"excerpt":{"rendered":"<p>Companhia se apresenta no concerto da Orquestra do s\u00e1bado (09), \u00e0s 20h, e traz nova execu\u00e7\u00e3o de &#8220;Instagrimm&#8221; no domingo (10), \u00e0s 18h<\/p>\n","protected":false},"author":14,"featured_media":238583,"comment_status":"closed","ping_status":"closed","sticky":false,"template":"","format":"standard","meta":{"footnotes":""},"categories":[2],"tags":[1130,29,307,98],"ods":[],"class_list":["post-238580","post","type-post","status-publish","format-standard","has-post-thumbnail","hentry","category-noticias","tag-cia-jovem-de-danca","tag-cultura","tag-orquestra-municipal-de-jundiai","tag-teatro-polytheama"],"_links":{"self":[{"href":"https:\/\/jundiai.sp.gov.br\/noticias\/wp-json\/wp\/v2\/posts\/238580","targetHints":{"allow":["GET"]}}],"collection":[{"href":"https:\/\/jundiai.sp.gov.br\/noticias\/wp-json\/wp\/v2\/posts"}],"about":[{"href":"https:\/\/jundiai.sp.gov.br\/noticias\/wp-json\/wp\/v2\/types\/post"}],"author":[{"embeddable":true,"href":"https:\/\/jundiai.sp.gov.br\/noticias\/wp-json\/wp\/v2\/users\/14"}],"replies":[{"embeddable":true,"href":"https:\/\/jundiai.sp.gov.br\/noticias\/wp-json\/wp\/v2\/comments?post=238580"}],"version-history":[{"count":5,"href":"https:\/\/jundiai.sp.gov.br\/noticias\/wp-json\/wp\/v2\/posts\/238580\/revisions"}],"predecessor-version":[{"id":238622,"href":"https:\/\/jundiai.sp.gov.br\/noticias\/wp-json\/wp\/v2\/posts\/238580\/revisions\/238622"}],"wp:featuredmedia":[{"embeddable":true,"href":"https:\/\/jundiai.sp.gov.br\/noticias\/wp-json\/wp\/v2\/media\/238583"}],"wp:attachment":[{"href":"https:\/\/jundiai.sp.gov.br\/noticias\/wp-json\/wp\/v2\/media?parent=238580"}],"wp:term":[{"taxonomy":"category","embeddable":true,"href":"https:\/\/jundiai.sp.gov.br\/noticias\/wp-json\/wp\/v2\/categories?post=238580"},{"taxonomy":"post_tag","embeddable":true,"href":"https:\/\/jundiai.sp.gov.br\/noticias\/wp-json\/wp\/v2\/tags?post=238580"},{"taxonomy":"ods","embeddable":true,"href":"https:\/\/jundiai.sp.gov.br\/noticias\/wp-json\/wp\/v2\/ods?post=238580"}],"curies":[{"name":"wp","href":"https:\/\/api.w.org\/{rel}","templated":true}]}}