{"id":238902,"date":"2019-11-12T15:39:57","date_gmt":"2019-11-12T17:39:57","guid":{"rendered":"https:\/\/jundiai.sp.gov.br\/noticias\/?p=238902"},"modified":"2019-11-12T15:39:57","modified_gmt":"2019-11-12T17:39:57","slug":"prefeitura-apresenta-obras-e-servicos-para-a-regiao-do-jardim-taruma","status":"publish","type":"post","link":"https:\/\/jundiai.sp.gov.br\/noticias\/2019\/11\/12\/prefeitura-apresenta-obras-e-servicos-para-a-regiao-do-jardim-taruma\/","title":{"rendered":"Prefeitura apresenta obras e servi\u00e7os para a regi\u00e3o do Jardim Tarum\u00e3"},"content":{"rendered":"<p>Em mais uma Presta\u00e7\u00e3o de Contas, o prefeito Luiz Fernando Machado apresentou para cerca de 150 moradores do Jardim Tarum\u00e3 e regi\u00e3o as obras e servi\u00e7os da Prefeitura para o bairro e regi\u00e3o, tanto os j\u00e1 executados e em andamento, quanto os planejados para realiza\u00e7\u00e3o. No encontro, realizado na noite de segunda-feira (11) na EMEB Deodato Janski, Luiz Fernando falou sobre dados gerais referentes ao Munic\u00edpio e tomou conhecimento das demandas espec\u00edficas da popula\u00e7\u00e3o do bairro e entorno. \u201cIniciei meus compromissos desta segunda-feira logo pela manh\u00e3, na UBS do bairro, e encerro as atividades tamb\u00e9m aqui, dialogando com a comunidade\u201d.<\/p>\n<p>A apresenta\u00e7\u00e3o teve in\u00edcio com informa\u00e7\u00f5es sobre o novo modelo de gest\u00e3o por plataformas da Prefeitura, al\u00e9m das a\u00e7\u00f5es sobre a Sa\u00fade, Educa\u00e7\u00e3o, Seguran\u00e7a e Emprego no Munic\u00edpio, e das melhorias no Hospital S\u00e3o Vicente de Paulo, por meio do programa \u201cAcolha um Quarto, Conforte Vidas\u201d, que j\u00e1 entregou 18 dos 72 quartos previstos para melhorias. Em seguida, Luiz Fernando detalhou as obras que impactam mais diretamente o bairro e a regi\u00e3o.<\/p>\n<div id=\"attachment_238906\" style=\"width: 1034px\" class=\"wp-caption aligncenter\"><img loading=\"lazy\" decoding=\"async\" aria-describedby=\"caption-attachment-238906\" class=\"size-large wp-image-238906\" src=\"https:\/\/jundiai.sp.gov.br\/noticias\/wp-content\/uploads\/sites\/32\/2019\/11\/prestacao_de_contas_taruma-158-1280x661.jpg\" alt=\"\" width=\"1024\" height=\"529\" srcset=\"https:\/\/jundiai.sp.gov.br\/noticias\/wp-content\/uploads\/sites\/32\/2019\/11\/prestacao_de_contas_taruma-158-1280x661.jpg 1280w, https:\/\/jundiai.sp.gov.br\/noticias\/wp-content\/uploads\/sites\/32\/2019\/11\/prestacao_de_contas_taruma-158-300x155.jpg 300w, https:\/\/jundiai.sp.gov.br\/noticias\/wp-content\/uploads\/sites\/32\/2019\/11\/prestacao_de_contas_taruma-158-768x396.jpg 768w, https:\/\/jundiai.sp.gov.br\/noticias\/wp-content\/uploads\/sites\/32\/2019\/11\/prestacao_de_contas_taruma-158.jpg 1323w\" sizes=\"auto, (max-width: 1024px) 100vw, 1024px\" \/><p id=\"caption-attachment-238906\" class=\"wp-caption-text\">Cerca de 150 moradores do Jardim Tarum\u00e3 e regi\u00e3o participaram do encontro<\/p><\/div>\n<p>\u201cSomente em obras de recapeamento, pelo Avan\u00e7a Jundia\u00ed, foram mais de R$ 9,3 milh\u00f5es investidos, em quase 58 mil metros quadrados nas avenidas Fern\u00e3o Dias, Pedro Latance, Pedro Ravanhani, Benedito Bas\u00edlio, Rio de Janeiro, S\u00e3o camilo, Par\u00e1, Francisco Copelli. Na \u00e1rea da Sa\u00fade, podemos indicar tamb\u00e9m as reformas das UBS Vila Aparecida, o novo consult\u00f3rio odontol\u00f3gico na UBS Tarum\u00e3 e a fase final das obras na UBS Jundia\u00ed Mirim, uma demanda antiga da popula\u00e7\u00e3o. Tamb\u00e9m ser\u00e1 dado andamento aos projetos para constru\u00e7\u00e3o da Cl\u00ednica da Fam\u00edlia e da Unidade de Pronto Atendimento na Ponte S\u00e3o Jo\u00e3o, que passa por adequa\u00e7\u00e3o devido a problemas estruturais identificados ap\u00f3s a paralisa\u00e7\u00e3o das obras em 2016\u201d, apresentou o prefeito.<\/p>\n<p>Luiz Fernando tamb\u00e9m apresentou as melhorias nas \u00e1reas de Educa\u00e7\u00e3o e Infraestrutura. \u201cSomente nas unidades escolares da regi\u00e3o, em obras como pintura, substitui\u00e7\u00e3o de telhas, limpeza de telhado, manuten\u00e7\u00e3o hidr\u00e1ulica, podas e ro\u00e7adas, foram investidos quase R$ 180 mil. A regi\u00e3o recebeu tamb\u00e9m a primeira Pra\u00e7a que Acolhe, na Valdemar Lopes, com um novo conceito e com o Conect@do, rede de wi-fi gratuito, e est\u00e1 em andamento a revitaliza\u00e7\u00e3o da quadra da rua Rio de Janeiro\u201d.<\/p>\n<p>Sobre melhorias no Abastecimento, Luiz Fernando tratou da constru\u00e7\u00e3o no novo reservat\u00f3rio no Jardim Carlos Gomes. \u201cCom terraplenagem executada, o novo reservat\u00f3rio ter\u00e1 capacidade de armazenar cinco mil metros c\u00fabicos de \u00e1gua tratada, com investimento na casa dos R$ 3 milh\u00f5es. Tamb\u00e9m foi conclu\u00eddo em 2017 pela DAE o remanejamento da rede de esgoto, com a moderniza\u00e7\u00e3o do sistema nas avenidas Francisco Copelli e Ant\u00f4nio de Oliveira\u201d.<\/p>\n<div id=\"attachment_238908\" style=\"width: 940px\" class=\"wp-caption aligncenter\"><img loading=\"lazy\" decoding=\"async\" aria-describedby=\"caption-attachment-238908\" class=\"size-large wp-image-238908\" src=\"https:\/\/jundiai.sp.gov.br\/noticias\/wp-content\/uploads\/sites\/32\/2019\/11\/prestacao_de_contas_taruma-451-930x960.jpg\" alt=\"\" width=\"930\" height=\"960\" srcset=\"https:\/\/jundiai.sp.gov.br\/noticias\/wp-content\/uploads\/sites\/32\/2019\/11\/prestacao_de_contas_taruma-451-930x960.jpg 930w, https:\/\/jundiai.sp.gov.br\/noticias\/wp-content\/uploads\/sites\/32\/2019\/11\/prestacao_de_contas_taruma-451-300x310.jpg 300w, https:\/\/jundiai.sp.gov.br\/noticias\/wp-content\/uploads\/sites\/32\/2019\/11\/prestacao_de_contas_taruma-451-768x792.jpg 768w, https:\/\/jundiai.sp.gov.br\/noticias\/wp-content\/uploads\/sites\/32\/2019\/11\/prestacao_de_contas_taruma-451.jpg 1323w\" sizes=\"auto, (max-width: 930px) 100vw, 930px\" \/><p id=\"caption-attachment-238908\" class=\"wp-caption-text\">Ant\u00f4nio Belino apresentou ao prefeito suas demandas sobre acessibilidade<\/p><\/div>\n<p>Morador do Tarum\u00e3 h\u00e1 45 anos, Ant\u00f4nio Carlos Belino quis tomar conhecimento das a\u00e7\u00f5es da Prefeitura e levou questionamentos sobre acessibilidade, j\u00e1 que \u00e9 deficiente f\u00edsico, por conta de um acidente que sofreu h\u00e1 14 anos. \u201cO di\u00e1logo foi muito proveitoso. Quis participar tamb\u00e9m enquanto membro do Conselho Municipal dos Direitos da Pessoa com Defici\u00eancia. O espa\u00e7o adaptado ao deficiente \u00e9 bom para o idoso e para a crian\u00e7a, por isso quis participar e contribuir\u201d.<\/p>\n<p>Vilma Santiago tamb\u00e9m quis participar, e foi acompanhada da neta Kamilly Medeiros, que estuda na EMES Deodato, e da prima Maria Menezes. \u201cEsta \u00e9 a primeira Presta\u00e7\u00e3o de Contas de que participo. \u00c9 importante ficar por dentro de tudo. Hoje ouvi not\u00edcias sobre planejamento urbano e melhorias no Hospital S\u00e3o Vicente de que eu n\u00e3o tinha conhecimento. Isso tudo me alegrou, pois \u00e9 tamb\u00e9m em meu benef\u00edcio, para o meu uso.\u201d<\/p>\n<p>O vereador M\u00e1rcio Pentecostes foi respons\u00e1vel pela organiza\u00e7\u00e3o do encontro entre o Prefeito e os moradores no Tarum\u00e3.<\/p>\n<div id=\"attachment_238909\" style=\"width: 1034px\" class=\"wp-caption aligncenter\"><img loading=\"lazy\" decoding=\"async\" aria-describedby=\"caption-attachment-238909\" class=\"size-large wp-image-238909\" src=\"https:\/\/jundiai.sp.gov.br\/noticias\/wp-content\/uploads\/sites\/32\/2019\/11\/prestacao_de_contas_taruma-559-1280x878.jpg\" alt=\"\" width=\"1024\" height=\"702\" srcset=\"https:\/\/jundiai.sp.gov.br\/noticias\/wp-content\/uploads\/sites\/32\/2019\/11\/prestacao_de_contas_taruma-559-1280x878.jpg 1280w, https:\/\/jundiai.sp.gov.br\/noticias\/wp-content\/uploads\/sites\/32\/2019\/11\/prestacao_de_contas_taruma-559-300x206.jpg 300w, https:\/\/jundiai.sp.gov.br\/noticias\/wp-content\/uploads\/sites\/32\/2019\/11\/prestacao_de_contas_taruma-559-768x527.jpg 768w, https:\/\/jundiai.sp.gov.br\/noticias\/wp-content\/uploads\/sites\/32\/2019\/11\/prestacao_de_contas_taruma-559.jpg 1323w\" sizes=\"auto, (max-width: 1024px) 100vw, 1024px\" \/><p id=\"caption-attachment-238909\" class=\"wp-caption-text\">Kamilly teve uma noite diferente e de aprendizado na escola em que estuda<\/p><\/div>\n<p><strong>Assessoria de Imprensa<br \/>\nFotos: Fot\u00f3grafos PMJ<\/strong><\/p>\n","protected":false},"excerpt":{"rendered":"<p>Em mais uma Presta\u00e7\u00e3o de Contas, o prefeito Luiz Fernando Machado apresentou para cerca de 150 moradores do Jardim Tarum\u00e3 e regi\u00e3o as obras e servi\u00e7os da Prefeitura para o bairro e regi\u00e3o, tanto os j\u00e1 executados e em andamento, quanto os planejados para realiza\u00e7\u00e3o. No encontro, realizado na noite de segunda-feira (11) na EMEB [&hellip;]<\/p>\n","protected":false},"author":14,"featured_media":238906,"comment_status":"closed","ping_status":"closed","sticky":false,"template":"","format":"standard","meta":{"footnotes":""},"categories":[2],"tags":[1176,854,1385],"ods":[],"class_list":["post-238902","post","type-post","status-publish","format-standard","has-post-thumbnail","hentry","category-noticias","tag-prefeito-luiz-fernando-machado","tag-prestacao-de-contas","tag-taruma"],"_links":{"self":[{"href":"https:\/\/jundiai.sp.gov.br\/noticias\/wp-json\/wp\/v2\/posts\/238902","targetHints":{"allow":["GET"]}}],"collection":[{"href":"https:\/\/jundiai.sp.gov.br\/noticias\/wp-json\/wp\/v2\/posts"}],"about":[{"href":"https:\/\/jundiai.sp.gov.br\/noticias\/wp-json\/wp\/v2\/types\/post"}],"author":[{"embeddable":true,"href":"https:\/\/jundiai.sp.gov.br\/noticias\/wp-json\/wp\/v2\/users\/14"}],"replies":[{"embeddable":true,"href":"https:\/\/jundiai.sp.gov.br\/noticias\/wp-json\/wp\/v2\/comments?post=238902"}],"version-history":[{"count":7,"href":"https:\/\/jundiai.sp.gov.br\/noticias\/wp-json\/wp\/v2\/posts\/238902\/revisions"}],"predecessor-version":[{"id":238921,"href":"https:\/\/jundiai.sp.gov.br\/noticias\/wp-json\/wp\/v2\/posts\/238902\/revisions\/238921"}],"wp:featuredmedia":[{"embeddable":true,"href":"https:\/\/jundiai.sp.gov.br\/noticias\/wp-json\/wp\/v2\/media\/238906"}],"wp:attachment":[{"href":"https:\/\/jundiai.sp.gov.br\/noticias\/wp-json\/wp\/v2\/media?parent=238902"}],"wp:term":[{"taxonomy":"category","embeddable":true,"href":"https:\/\/jundiai.sp.gov.br\/noticias\/wp-json\/wp\/v2\/categories?post=238902"},{"taxonomy":"post_tag","embeddable":true,"href":"https:\/\/jundiai.sp.gov.br\/noticias\/wp-json\/wp\/v2\/tags?post=238902"},{"taxonomy":"ods","embeddable":true,"href":"https:\/\/jundiai.sp.gov.br\/noticias\/wp-json\/wp\/v2\/ods?post=238902"}],"curies":[{"name":"wp","href":"https:\/\/api.w.org\/{rel}","templated":true}]}}