{"id":238944,"date":"2019-11-13T13:08:36","date_gmt":"2019-11-13T15:08:36","guid":{"rendered":"https:\/\/jundiai.sp.gov.br\/noticias\/?p=238944"},"modified":"2020-11-30T11:17:36","modified_gmt":"2020-11-30T14:17:36","slug":"alunos-do-cidade-nova-aprendem-e-ensinam-educacao-ambiental","status":"publish","type":"post","link":"https:\/\/jundiai.sp.gov.br\/noticias\/2019\/11\/13\/alunos-do-cidade-nova-aprendem-e-ensinam-educacao-ambiental\/","title":{"rendered":"Alunos do Cidade Nova aprendem e ensinam educa\u00e7\u00e3o ambiental"},"content":{"rendered":"<p>Cerca de 175 alunos da Escola Municipal de Educa\u00e7\u00e3o B\u00e1sica (EMEB) Profa. Judith de Almeida Curado Arruda, no Cidade Nova, colocaram em pr\u00e1tica na manh\u00e3 desta quarta-feira (13) o que aprenderam sobre educa\u00e7\u00e3o ambiental e compartilharam os ensinamentos com a popula\u00e7\u00e3o do bairro. Os estudantes participaram de um mutir\u00e3o para conscientizar a popula\u00e7\u00e3o de Jundia\u00ed sobre a import\u00e2ncia da coleta, descarte correto e reciclagem dos res\u00edduos s\u00f3lidos.<\/p>\n<p>A a\u00e7\u00e3o fez parte do projeto RenovA\u00e7\u00e3o de Educa\u00e7\u00e3o Ambiental, uma iniciativa da Coca-Cola FEMSA Brasil em parceria com a Prefeitura de Jundia\u00ed, por meio da Unidade de Gest\u00e3o de Educa\u00e7\u00e3o (UGE). A execu\u00e7\u00e3o t\u00e9cnica foi do GAIA Social (institui\u00e7\u00e3o especializada em iniciativas socioambientais). O projeto foi articulado pela Rede Jundia\u00ed de Coopera\u00e7\u00e3o, vinculada \u00e0 Unidade de Gest\u00e3o de Governo e Finan\u00e7as (UGGF) de Jundia\u00ed, e faz parte do programa Escola Inovadora.<\/p>\n<div id=\"attachment_238952\" style=\"width: 1034px\" class=\"wp-caption aligncenter\"><img loading=\"lazy\" decoding=\"async\" aria-describedby=\"caption-attachment-238952\" class=\"size-large wp-image-238952\" src=\"https:\/\/jundiai.sp.gov.br\/noticias\/wp-content\/uploads\/sites\/32\/2019\/11\/renovacao_2-1-e1573657169654-1280x720.jpg\" alt=\"Alunos da EMEB Judith Arruda, no Cidade Nova, caminham pelas ruas do bairro\" width=\"1024\" height=\"576\" srcset=\"https:\/\/jundiai.sp.gov.br\/noticias\/wp-content\/uploads\/sites\/32\/2019\/11\/renovacao_2-1-e1573657169654-1280x720.jpg 1280w, https:\/\/jundiai.sp.gov.br\/noticias\/wp-content\/uploads\/sites\/32\/2019\/11\/renovacao_2-1-e1573657169654-300x169.jpg 300w, https:\/\/jundiai.sp.gov.br\/noticias\/wp-content\/uploads\/sites\/32\/2019\/11\/renovacao_2-1-e1573657169654-768x432.jpg 768w\" sizes=\"auto, (max-width: 1024px) 100vw, 1024px\" \/><p id=\"caption-attachment-238952\" class=\"wp-caption-text\">Alunos da EMEB Judith Arruda, no Cidade Nova, caminham pelas ruas do bairro<\/p><\/div>\n<p>Os alunos caminharam pelas ruas do Cidade Nova distribuindo um folder pl\u00e1stico para ser fixado em geladeiras, informando a import\u00e2ncia da reciclagem e dando dicas importantes a respeito do tema. Na parte de baixo do material, quem o recebe pode marcar o dia em que a coleta seletiva passar\u00e1 pelo bairro.<\/p>\n<p>O projeto RenovA\u00e7\u00e3o busca estimular entre os estudantes e a popula\u00e7\u00e3o do entorno das escolas a ado\u00e7\u00e3o de h\u00e1bitos capazes de promover a reutiliza\u00e7\u00e3o e a reciclagem de res\u00edduos s\u00f3lidos, bem como o consumo econ\u00f4mico de \u00e1gua. O mutir\u00e3o comunit\u00e1rio tem ainda a proposta de contribuir para a redu\u00e7\u00e3o dos casos de dengue nas regi\u00f5es das unidades de ensino.<\/p>\n<div id=\"attachment_238951\" style=\"width: 1034px\" class=\"wp-caption aligncenter\"><img loading=\"lazy\" decoding=\"async\" aria-describedby=\"caption-attachment-238951\" class=\"size-large wp-image-238951\" src=\"https:\/\/jundiai.sp.gov.br\/noticias\/wp-content\/uploads\/sites\/32\/2019\/11\/renovacao_1-2-1280x720.jpg\" alt=\"Antes de sair, estudantes se reuniram no p\u00e1tio para instru\u00e7\u00f5es dos professores\" width=\"1024\" height=\"576\" srcset=\"https:\/\/jundiai.sp.gov.br\/noticias\/wp-content\/uploads\/sites\/32\/2019\/11\/renovacao_1-2-1280x720.jpg 1280w, https:\/\/jundiai.sp.gov.br\/noticias\/wp-content\/uploads\/sites\/32\/2019\/11\/renovacao_1-2-300x169.jpg 300w, https:\/\/jundiai.sp.gov.br\/noticias\/wp-content\/uploads\/sites\/32\/2019\/11\/renovacao_1-2-768x432.jpg 768w\" sizes=\"auto, (max-width: 1024px) 100vw, 1024px\" \/><p id=\"caption-attachment-238951\" class=\"wp-caption-text\">Antes de sair, estudantes se reuniram no p\u00e1tio para ouvir instru\u00e7\u00f5es dos professores<\/p><\/div>\n<p>\u201cO RenovA\u00e7\u00e3o segue os tr\u00eas eixos do Escola Inovadora: a melhoria na qualidade do ensino dos alunos, a moderniza\u00e7\u00e3o da ambi\u00eancia e infraestrutura escolares e os investimentos na forma\u00e7\u00e3o dos educadores. Estamos formando agentes da transforma\u00e7\u00e3o e eles v\u00e3o para a rua chamando os mun\u00edcipes a participar das a\u00e7\u00f5es ambientais\u201d, destaca Marjorie Samira Ferreira Bolognani, diretora do Departamento de Ensino Fundamental da UGE.<\/p>\n<p>\u201cTemos o compromisso de contribuir com a educa\u00e7\u00e3o, o desenvolvimento local e o meio ambiente nas comunidades onde atuamos. Por isso, incentivamos a\u00e7\u00f5es em prol de transforma\u00e7\u00f5es essenciais para o futuro. Quanto mais cedo o tema for abordado, maiores ser\u00e3o as chances de despertar nos cidad\u00e3os a consci\u00eancia pela preserva\u00e7\u00e3o\u201d, afirma a gerente de Comunica\u00e7\u00e3o Externa e Sustentabilidade da Coca-Cola FEMSA Brasil, Wanessa Scabora.<\/p>\n<p><strong>Garoto engajado<\/strong><br \/>\nDavi Alves Silva tem nove anos e est\u00e1 no 3\u00ba ano do Fundamental I da EMEB Profa. Judith de Almeida Curado Arruda. \u201cGosto muito deste tipo de evento. \u00c9 importante as pessoas saberem da import\u00e2ncia da reciclagem\u201d, disse. \u201cEu j\u00e1 fa\u00e7o brinquedos com material reciclado e minha m\u00e3e cria vasos com garrafas PET\u201d, emendou Davi.<\/p>\n<p>O menino e os colegas entregaram muitos folders aos moradores, sempre acompanhados pelos professores e por guardas municipais. Os alunos tocavam a campainha das casas e, se n\u00e3o tinha ningu\u00e9m naquele momento, o material era depositado na caixa de correio.<\/p>\n<div id=\"attachment_238954\" style=\"width: 1034px\" class=\"wp-caption aligncenter\"><img loading=\"lazy\" decoding=\"async\" aria-describedby=\"caption-attachment-238954\" class=\"size-large wp-image-238954\" src=\"https:\/\/jundiai.sp.gov.br\/noticias\/wp-content\/uploads\/sites\/32\/2019\/11\/renovacao_4-1-1280x720.jpg\" alt=\"Davi Alves Silva se orgulha de ser um agente ambiental mirim\" width=\"1024\" height=\"576\" srcset=\"https:\/\/jundiai.sp.gov.br\/noticias\/wp-content\/uploads\/sites\/32\/2019\/11\/renovacao_4-1-1280x720.jpg 1280w, https:\/\/jundiai.sp.gov.br\/noticias\/wp-content\/uploads\/sites\/32\/2019\/11\/renovacao_4-1-300x169.jpg 300w, https:\/\/jundiai.sp.gov.br\/noticias\/wp-content\/uploads\/sites\/32\/2019\/11\/renovacao_4-1-768x432.jpg 768w\" sizes=\"auto, (max-width: 1024px) 100vw, 1024px\" \/><p id=\"caption-attachment-238954\" class=\"wp-caption-text\">Davi Alves Silva se orgulha de ser um agente ambiental mirim<\/p><\/div>\n<p>A moradora Maria do Carmo Duarte foi uma das que recebeu o folder e gostou do mutir\u00e3o realizado no Cidade Nova. \u201cA ideia \u00e9 muito boa. \u00c9 desde pequeno que se aprende este tipo de coisa, para que quando estes meninos e meninas forem adultos possam ser pessoas mais respons\u00e1veis e conscientes\u201d, finalizou.<\/p>\n<p>Desde o in\u00edcio do projeto, em setembro deste ano, j\u00e1 foram capacitados 1.614 alunos multiplicadores. Ao todo, o RenovA\u00e7\u00e3o busca sensibilizar um universo de seis mil pessoas em Jundia\u00ed, entre alunos, funcion\u00e1rios das EMEBs participantes e a comunidade no entorno.<\/p>\n<p><strong>Assessoria de Imprensa<\/strong><br \/>\n<strong>Fotos: Fot\u00f3grafos PMJ<\/strong><\/p>\n","protected":false},"excerpt":{"rendered":"<p>Cerca de 175 alunos da Escola Municipal de Educa\u00e7\u00e3o B\u00e1sica (EMEB) Profa. Judith de Almeida Curado Arruda, no Cidade Nova, colocaram em pr\u00e1tica na manh\u00e3 desta quarta-feira (13) o que aprenderam sobre educa\u00e7\u00e3o ambiental e compartilharam os ensinamentos com a popula\u00e7\u00e3o do bairro. Os estudantes participaram de um mutir\u00e3o para conscientizar a popula\u00e7\u00e3o de Jundia\u00ed [&hellip;]<\/p>\n","protected":false},"author":54,"featured_media":238952,"comment_status":"closed","ping_status":"closed","sticky":false,"template":"","format":"standard","meta":{"footnotes":""},"categories":[2],"tags":[6,1221,1061,983,1566],"ods":[],"class_list":["post-238944","post","type-post","status-publish","format-standard","has-post-thumbnail","hentry","category-noticias","tag-educacao","tag-educacao-ambiental","tag-escola-inovadora","tag-governo-e-financas","tag-projeto-renovacao"],"_links":{"self":[{"href":"https:\/\/jundiai.sp.gov.br\/noticias\/wp-json\/wp\/v2\/posts\/238944","targetHints":{"allow":["GET"]}}],"collection":[{"href":"https:\/\/jundiai.sp.gov.br\/noticias\/wp-json\/wp\/v2\/posts"}],"about":[{"href":"https:\/\/jundiai.sp.gov.br\/noticias\/wp-json\/wp\/v2\/types\/post"}],"author":[{"embeddable":true,"href":"https:\/\/jundiai.sp.gov.br\/noticias\/wp-json\/wp\/v2\/users\/54"}],"replies":[{"embeddable":true,"href":"https:\/\/jundiai.sp.gov.br\/noticias\/wp-json\/wp\/v2\/comments?post=238944"}],"version-history":[{"count":3,"href":"https:\/\/jundiai.sp.gov.br\/noticias\/wp-json\/wp\/v2\/posts\/238944\/revisions"}],"predecessor-version":[{"id":238956,"href":"https:\/\/jundiai.sp.gov.br\/noticias\/wp-json\/wp\/v2\/posts\/238944\/revisions\/238956"}],"wp:featuredmedia":[{"embeddable":true,"href":"https:\/\/jundiai.sp.gov.br\/noticias\/wp-json\/wp\/v2\/media\/238952"}],"wp:attachment":[{"href":"https:\/\/jundiai.sp.gov.br\/noticias\/wp-json\/wp\/v2\/media?parent=238944"}],"wp:term":[{"taxonomy":"category","embeddable":true,"href":"https:\/\/jundiai.sp.gov.br\/noticias\/wp-json\/wp\/v2\/categories?post=238944"},{"taxonomy":"post_tag","embeddable":true,"href":"https:\/\/jundiai.sp.gov.br\/noticias\/wp-json\/wp\/v2\/tags?post=238944"},{"taxonomy":"ods","embeddable":true,"href":"https:\/\/jundiai.sp.gov.br\/noticias\/wp-json\/wp\/v2\/ods?post=238944"}],"curies":[{"name":"wp","href":"https:\/\/api.w.org\/{rel}","templated":true}]}}