{"id":238971,"date":"2019-11-13T15:23:17","date_gmt":"2019-11-13T17:23:17","guid":{"rendered":"https:\/\/jundiai.sp.gov.br\/noticias\/?p=238971"},"modified":"2019-11-13T15:23:57","modified_gmt":"2019-11-13T17:23:57","slug":"zoonoses-realiza-acao-preventiva-no-jardim-fepasa","status":"publish","type":"post","link":"https:\/\/jundiai.sp.gov.br\/noticias\/2019\/11\/13\/zoonoses-realiza-acao-preventiva-no-jardim-fepasa\/","title":{"rendered":"Zoonoses realiza a\u00e7\u00e3o preventiva no Jardim Fepasa"},"content":{"rendered":"<p>A Unidade de Vigil\u00e2ncia de Zoonoses (UVZ) realizou nesta quarta-feira (13) a\u00e7\u00e3o preventiva contra raiva no Jardim Fepasa, em fun\u00e7\u00e3o de um morcego insit\u00edvoro recolhido morto e positivo para a doen\u00e7a. A equipe percorreu todas as casas, orientando os moradores e buscando col\u00f4nias de morcegos na regi\u00e3o. Al\u00e9m disso, foi efetuado o levantamento vacinal da popula\u00e7\u00e3o de c\u00e3es e gatos.<\/p>\n<p>\u201cSempre que ocorre o encontro de um morcego positivo para raiva, realizamos medidas preventivas contra a doen\u00e7a e atuamos ofertando informa\u00e7\u00f5es aos moradores do local. \u00c9 importante que a popula\u00e7\u00e3o mantenha os animais vacinados e saiba que apenas os morcegos com comportamento fora do normal necessitam de maior aten\u00e7\u00e3o. Eles s\u00e3o protegidos por lei e n\u00e3o devem ser ca\u00e7ados ou mortos. S\u00e3o importantes para a manuten\u00e7\u00e3o do equil\u00edbrio ambiental, ao fazer a poliniza\u00e7\u00e3o de plantas, disseminar sementes e controlar a popula\u00e7\u00e3o de insetos\u201d, esclarece o veterin\u00e1rio da UVZ Luis Gustavo Grijota Nascimento.<\/p>\n<p>Neste ano, a\u00e7\u00f5es preventivas semelhantes foram realizadas nos bairros Parque Centen\u00e1rio, Champirra, \u00c1gua Doce, Torres de S\u00e3o Jos\u00e9 e Ponte S\u00e3o Jo\u00e3o.<\/p>\n<div id=\"attachment_238970\" style=\"width: 1034px\" class=\"wp-caption aligncenter\"><img loading=\"lazy\" decoding=\"async\" aria-describedby=\"caption-attachment-238970\" class=\"wp-image-238970 size-large\" src=\"https:\/\/jundiai.sp.gov.br\/noticias\/wp-content\/uploads\/sites\/32\/2019\/11\/morcego-frugivoro-235-1138x960.jpg\" alt=\"Veterin\u00e1rio olhando morcego\" width=\"1024\" height=\"864\" srcset=\"https:\/\/jundiai.sp.gov.br\/noticias\/wp-content\/uploads\/sites\/32\/2019\/11\/morcego-frugivoro-235-1138x960.jpg 1138w, https:\/\/jundiai.sp.gov.br\/noticias\/wp-content\/uploads\/sites\/32\/2019\/11\/morcego-frugivoro-235-300x253.jpg 300w, https:\/\/jundiai.sp.gov.br\/noticias\/wp-content\/uploads\/sites\/32\/2019\/11\/morcego-frugivoro-235-768x648.jpg 768w, https:\/\/jundiai.sp.gov.br\/noticias\/wp-content\/uploads\/sites\/32\/2019\/11\/morcego-frugivoro-235.jpg 1299w\" sizes=\"auto, (max-width: 1024px) 100vw, 1024px\" \/><p id=\"caption-attachment-238970\" class=\"wp-caption-text\">O veterin\u00e1rio da UVZ destaca que apenas morcegos com comportamento fora do normal necessitam de maior aten\u00e7\u00e3o<\/p><\/div>\n<p><strong>Cuidados<\/strong><br \/>\n\u2022 Vacinar anualmente os c\u00e3es e gatos contra a raiva. A vacina\u00e7\u00e3o \u00e9 a melhor forma de preven\u00e7\u00e3o da doen\u00e7a;<br \/>\n\u2022 Procurar atendimento m\u00e9dico ap\u00f3s sofrerem qualquer agress\u00e3o provocada por um mam\u00edfero ou em caso de qualquer contato direto com um morcego;<br \/>\n\u2022 Contatar imediatamente a Unidade de Vigil\u00e2ncia de Zoonoses pelo telefone 4521-0660, caso seja encontrado algum morcego em situa\u00e7\u00e3o n\u00e3o usual (ca\u00eddo no ch\u00e3o, voando durante o dia, pendurado em cortinas e janelas, em contato com animais de estima\u00e7\u00e3o ou dentro de c\u00f4modos ou ve\u00edculos);<br \/>\n\u2022 Caso seja poss\u00edvel, isolar o c\u00f4modo em que o animal foi encontrado e\/ou imobiliz\u00e1-lo, colocando sobre ele um balde, pano ou uma caixa. N\u00e3o o toque nem o mate. \u00c9 importante ressaltar que ningu\u00e9m deve manusear os morcegos, mesmo quando encontrados mortos.<\/p>\n<p><strong>Assessoria de Imprensa<\/strong><br \/>\n<strong>Foto: Fot\u00f3grafos PMJ<\/strong><\/p>\n<p>&nbsp;<\/p>\n","protected":false},"excerpt":{"rendered":"<p>A Unidade de Vigil\u00e2ncia de Zoonoses (UVZ) realizou nesta quarta-feira (13) a\u00e7\u00e3o preventiva contra raiva no Jardim Fepasa, em fun\u00e7\u00e3o de um morcego insit\u00edvoro recolhido morto e positivo para a doen\u00e7a. A equipe percorreu todas as casas, orientando os moradores e buscando col\u00f4nias de morcegos na regi\u00e3o. Al\u00e9m disso, foi efetuado o levantamento vacinal da [&hellip;]<\/p>\n","protected":false},"author":50,"featured_media":238970,"comment_status":"closed","ping_status":"closed","sticky":false,"template":"","format":"standard","meta":{"footnotes":""},"categories":[2],"tags":[362,1104],"ods":[],"class_list":["post-238971","post","type-post","status-publish","format-standard","has-post-thumbnail","hentry","category-noticias","tag-unidade-de-vigilancia-de-zoonoses","tag-zoonoses"],"_links":{"self":[{"href":"https:\/\/jundiai.sp.gov.br\/noticias\/wp-json\/wp\/v2\/posts\/238971","targetHints":{"allow":["GET"]}}],"collection":[{"href":"https:\/\/jundiai.sp.gov.br\/noticias\/wp-json\/wp\/v2\/posts"}],"about":[{"href":"https:\/\/jundiai.sp.gov.br\/noticias\/wp-json\/wp\/v2\/types\/post"}],"author":[{"embeddable":true,"href":"https:\/\/jundiai.sp.gov.br\/noticias\/wp-json\/wp\/v2\/users\/50"}],"replies":[{"embeddable":true,"href":"https:\/\/jundiai.sp.gov.br\/noticias\/wp-json\/wp\/v2\/comments?post=238971"}],"version-history":[{"count":2,"href":"https:\/\/jundiai.sp.gov.br\/noticias\/wp-json\/wp\/v2\/posts\/238971\/revisions"}],"predecessor-version":[{"id":238977,"href":"https:\/\/jundiai.sp.gov.br\/noticias\/wp-json\/wp\/v2\/posts\/238971\/revisions\/238977"}],"wp:featuredmedia":[{"embeddable":true,"href":"https:\/\/jundiai.sp.gov.br\/noticias\/wp-json\/wp\/v2\/media\/238970"}],"wp:attachment":[{"href":"https:\/\/jundiai.sp.gov.br\/noticias\/wp-json\/wp\/v2\/media?parent=238971"}],"wp:term":[{"taxonomy":"category","embeddable":true,"href":"https:\/\/jundiai.sp.gov.br\/noticias\/wp-json\/wp\/v2\/categories?post=238971"},{"taxonomy":"post_tag","embeddable":true,"href":"https:\/\/jundiai.sp.gov.br\/noticias\/wp-json\/wp\/v2\/tags?post=238971"},{"taxonomy":"ods","embeddable":true,"href":"https:\/\/jundiai.sp.gov.br\/noticias\/wp-json\/wp\/v2\/ods?post=238971"}],"curies":[{"name":"wp","href":"https:\/\/api.w.org\/{rel}","templated":true}]}}