{"id":239019,"date":"2019-11-14T13:35:50","date_gmt":"2019-11-14T15:35:50","guid":{"rendered":"https:\/\/jundiai.sp.gov.br\/noticias\/?p=239019"},"modified":"2020-06-08T15:53:57","modified_gmt":"2020-06-08T18:53:57","slug":"familia-acolhedora-promove-palestra-em-comemoracao-aos-dez-anos-do-servico","status":"publish","type":"post","link":"https:\/\/jundiai.sp.gov.br\/noticias\/2019\/11\/14\/familia-acolhedora-promove-palestra-em-comemoracao-aos-dez-anos-do-servico\/","title":{"rendered":"\u201cFam\u00edlia Acolhedora\u201d promove palestra em comemora\u00e7\u00e3o aos dez anos do servi\u00e7o"},"content":{"rendered":"<p>Em novembro, o \u201cFam\u00edlia Acolhedora\u201d comemora dez anos. Para comemorar a data, a Prefeitura, por meio da Unidade de Gest\u00e3o de Assist\u00eancia e Desenvolvimento Social (UGADS), ir\u00e1 realizar uma palestra sobre os desafios do acolhimento familiar, com a assistente social Jane Valente. O evento ser\u00e1 realizado na sexta-feira (22), a partir das 8h30, na C\u00faria Diocesana (rua Engenheiro Roberto Mange, 400, Anhangaba\u00fa). A palestra \u00e9 aberta ao p\u00fablico, inclusive fam\u00edlias interessadas em se inscrever no servi\u00e7o. <a href=\"https:\/\/midi.as\/FamiliaAcolhedora\" target=\"_blank\" rel=\"noopener noreferrer\">Interessados na palestra devem se inscrever gratuitamente pela internet<\/a>.<\/p>\n<p>Buscando na internet alternativas para ajudar ao pr\u00f3ximo, o engenheiro de produ\u00e7\u00e3o Renato Sucupira e a pedagoga Karina ficaram sabendo do Fam\u00edlia Acolhedora, servi\u00e7o da Prefeitura de acolhimento de menores afastados do seio familiar por determina\u00e7\u00e3o judicial. Ap\u00f3s passarem pelos procedimentos de inclus\u00e3o no cadastro, h\u00e1 dois meses o casal e seus filhos Vitor, de 15 anos, e Alice, de quatro, abrigam em sua casa um bebezinho de quatro meses. \u201cO Fam\u00edlia Acolhedora exige doa\u00e7\u00e3o integral, de tempo, de amor e de responsabilidade. Quer\u00edamos fazer o bem e que nossos filhos conhecessem outras realidades\u201d.<\/p>\n<p>Segundo a diretora do Departamento de Prote\u00e7\u00e3o Social Especial da UGADS, Ariane Goim Rios, o evento \u00e9 uma oportunidade para os interessados em conhecer o servi\u00e7o. \u201cA proposta \u00e9 fortalecer e ampliar o servi\u00e7o no Munic\u00edpio. Gostar\u00edamos de trabalhar a mudan\u00e7a de paradigma, j\u00e1 que atendimento \u00e0 primeira inf\u00e2ncia (crian\u00e7as de at\u00e9 tr\u00eas anos) acabou por se fortalecer mais que o de outras faixas et\u00e1rias, sendo que tamb\u00e9m s\u00e3o exitosas as experi\u00eancias com crian\u00e7as mais velhas e adolescentes\u201d.<\/p>\n<p>Sobre a ades\u00e3o da fam\u00edlia ao beb\u00ea, Karina j\u00e1 adianta que tem inten\u00e7\u00e3o de novos acolhimentos. \u201cMuitos interessados no servi\u00e7o ficam receosos quanto ao momento da separa\u00e7\u00e3o. A guarda do beb\u00ea \u00e9 tempor\u00e1ria, mas n\u00e3o o amor que sentimos por ele. O amor que doamos hoje ele ir\u00e1 levar para sempre. Estamos contribuindo num momento de fragilidade na vida dele, mas quem ganha somos n\u00f3s e nossos filhos, que est\u00e3o passando por um momento de aprendizado muito significativo\u201d.<\/p>\n<div id=\"attachment_239020\" style=\"width: 1034px\" class=\"wp-caption aligncenter\"><img loading=\"lazy\" decoding=\"async\" aria-describedby=\"caption-attachment-239020\" class=\"size-large wp-image-239020\" src=\"https:\/\/jundiai.sp.gov.br\/noticias\/wp-content\/uploads\/sites\/32\/2019\/11\/familia_acolhedora-8-1280x843.jpg\" alt=\"Crian\u00e7as e adultos sentados em sof\u00e1, olhando para beb\u00ea de colo, com um beb\u00ea de colo, de costas \" width=\"1024\" height=\"674\" srcset=\"https:\/\/jundiai.sp.gov.br\/noticias\/wp-content\/uploads\/sites\/32\/2019\/11\/familia_acolhedora-8-1280x843.jpg 1280w, https:\/\/jundiai.sp.gov.br\/noticias\/wp-content\/uploads\/sites\/32\/2019\/11\/familia_acolhedora-8-300x198.jpg 300w, https:\/\/jundiai.sp.gov.br\/noticias\/wp-content\/uploads\/sites\/32\/2019\/11\/familia_acolhedora-8-768x506.jpg 768w, https:\/\/jundiai.sp.gov.br\/noticias\/wp-content\/uploads\/sites\/32\/2019\/11\/familia_acolhedora-8.jpg 1323w\" sizes=\"auto, (max-width: 1024px) 100vw, 1024px\" \/><p id=\"caption-attachment-239020\" class=\"wp-caption-text\">Ainda no primeiro acolhimento, fam\u00edlia Sucupira j\u00e1 considera receber novos beb\u00eas ema casa<\/p><\/div>\n<p><strong>O servi\u00e7o<\/strong><br \/>\nO Fam\u00edlia Acolhedora \u00e9 o servi\u00e7o respons\u00e1vel pelo encaminhamento sigiloso de crian\u00e7as rec\u00e9m-nascidas e de adolescentes at\u00e9 a idade de 17 anos para acolhimento provis\u00f3rio ap\u00f3s determina\u00e7\u00e3o do Poder Judici\u00e1rio pelo afastamento das fam\u00edlias de origem por causas distintas, como neglig\u00eancia, maus tratos, uso de subst\u00e2ncias psicoativas, viol\u00eancia e abandono.<\/p>\n<p>As pessoas interessadas no servi\u00e7o <a href=\"https:\/\/docs.google.com\/forms\/d\/e\/1FAIpQLScKEDckzeeyC32tZQPD-xa9XBhezEvgkNsPzlCNRoC92WKhCA\/viewform\" target=\"_blank\" rel=\"noopener noreferrer\">devem se inscrever pela internet<\/a>. Elas n\u00e3o podem estar na fila de ado\u00e7\u00e3o e passam por entrevistas, visitas domiciliares e encontros de capacita\u00e7\u00e3o. Os interessados devem residir em Jundia\u00ed, ter mais de 21 anos, n\u00e3o possuir antecedentes criminais e n\u00e3o apresentar problemas psiqui\u00e1tricos e\/ou depend\u00eancia de subst\u00e2ncias psicoativas.<\/p>\n<p>O servi\u00e7o em Jundia\u00ed fica na avenida Dr. Pedro Soares de Camargo, 587, Anhangaba\u00fa, e o telefone para contato \u00e9 o (11) 4521-5550, com atendimento de segunda a sexta-feira, das 8h \u00e0s 17h.<\/p>\n<p><strong>Assessoria de Imprensa<br \/>\nFoto: fot\u00f3grafos PMJ<\/strong><\/p>\n","protected":false},"excerpt":{"rendered":"<p>Em novembro, o \u201cFam\u00edlia Acolhedora\u201d comemora dez anos. Para comemorar a data, a Prefeitura, por meio da Unidade de Gest\u00e3o de Assist\u00eancia e Desenvolvimento Social (UGADS), ir\u00e1 realizar uma palestra sobre os desafios do acolhimento familiar, com a assistente social Jane Valente. O evento ser\u00e1 realizado na sexta-feira (22), a partir das 8h30, na C\u00faria [&hellip;]<\/p>\n","protected":false},"author":14,"featured_media":0,"comment_status":"closed","ping_status":"closed","sticky":false,"template":"","format":"standard","meta":{"footnotes":""},"categories":[2],"tags":[980,725],"ods":[],"class_list":["post-239019","post","type-post","status-publish","format-standard","hentry","category-noticias","tag-assistencia-e-desenvolvimento-social","tag-servico-de-acolhimento-em-familia-acolhedora"],"_links":{"self":[{"href":"https:\/\/jundiai.sp.gov.br\/noticias\/wp-json\/wp\/v2\/posts\/239019","targetHints":{"allow":["GET"]}}],"collection":[{"href":"https:\/\/jundiai.sp.gov.br\/noticias\/wp-json\/wp\/v2\/posts"}],"about":[{"href":"https:\/\/jundiai.sp.gov.br\/noticias\/wp-json\/wp\/v2\/types\/post"}],"author":[{"embeddable":true,"href":"https:\/\/jundiai.sp.gov.br\/noticias\/wp-json\/wp\/v2\/users\/14"}],"replies":[{"embeddable":true,"href":"https:\/\/jundiai.sp.gov.br\/noticias\/wp-json\/wp\/v2\/comments?post=239019"}],"version-history":[{"count":2,"href":"https:\/\/jundiai.sp.gov.br\/noticias\/wp-json\/wp\/v2\/posts\/239019\/revisions"}],"predecessor-version":[{"id":252051,"href":"https:\/\/jundiai.sp.gov.br\/noticias\/wp-json\/wp\/v2\/posts\/239019\/revisions\/252051"}],"wp:attachment":[{"href":"https:\/\/jundiai.sp.gov.br\/noticias\/wp-json\/wp\/v2\/media?parent=239019"}],"wp:term":[{"taxonomy":"category","embeddable":true,"href":"https:\/\/jundiai.sp.gov.br\/noticias\/wp-json\/wp\/v2\/categories?post=239019"},{"taxonomy":"post_tag","embeddable":true,"href":"https:\/\/jundiai.sp.gov.br\/noticias\/wp-json\/wp\/v2\/tags?post=239019"},{"taxonomy":"ods","embeddable":true,"href":"https:\/\/jundiai.sp.gov.br\/noticias\/wp-json\/wp\/v2\/ods?post=239019"}],"curies":[{"name":"wp","href":"https:\/\/api.w.org\/{rel}","templated":true}]}}