{"id":239082,"date":"2019-11-14T18:48:07","date_gmt":"2019-11-14T20:48:07","guid":{"rendered":"https:\/\/jundiai.sp.gov.br\/noticias\/?p=239082"},"modified":"2019-11-14T19:23:31","modified_gmt":"2019-11-14T21:23:31","slug":"grupo-de-monitoramento-de-endemias-planeja-acoes-para-o-proximo-verao","status":"publish","type":"post","link":"https:\/\/jundiai.sp.gov.br\/noticias\/2019\/11\/14\/grupo-de-monitoramento-de-endemias-planeja-acoes-para-o-proximo-verao\/","title":{"rendered":"Grupo de monitoramento de endemias planeja a\u00e7\u00f5es para o pr\u00f3ximo ver\u00e3o\u00a0"},"content":{"rendered":"<p>O Grupo Permanente de Monitoramento de Endemias na Sa\u00fade, formado por dez unidades de gest\u00e3o da administra\u00e7\u00e3o municipal \u2013 incluindo Sa\u00fade, Educa\u00e7\u00e3o, Mobilidade, Defesa Civil (pela Casa Civil) e Servi\u00e7os P\u00fablicos &#8211; se reuniu na tarde desta quinta (14), no Pa\u00e7o Municipal, para planejar as a\u00e7\u00f5es para o pr\u00f3ximo ver\u00e3o. O objetivo \u00e9 o combate \u00e0s arboviroses \u2013 como dengue, zika v\u00edrus, febre amarela e chikungunya, transmitidos pelo mosquito Aedes aegypti &#8211; que s\u00e3o mais comuns nesta esta\u00e7\u00e3o.<\/p>\n<div id=\"attachment_239083\" style=\"width: 1034px\" class=\"wp-caption aligncenter\"><img loading=\"lazy\" decoding=\"async\" aria-describedby=\"caption-attachment-239083\" class=\"size-large wp-image-239083\" src=\"https:\/\/jundiai.sp.gov.br\/noticias\/wp-content\/uploads\/sites\/32\/2019\/11\/grupo_monitoramento_edemias_saude_sala_de_situacao-11-1076x960.jpg\" alt=\"\" width=\"1024\" height=\"914\" srcset=\"https:\/\/jundiai.sp.gov.br\/noticias\/wp-content\/uploads\/sites\/32\/2019\/11\/grupo_monitoramento_edemias_saude_sala_de_situacao-11-1076x960.jpg 1076w, https:\/\/jundiai.sp.gov.br\/noticias\/wp-content\/uploads\/sites\/32\/2019\/11\/grupo_monitoramento_edemias_saude_sala_de_situacao-11-300x268.jpg 300w, https:\/\/jundiai.sp.gov.br\/noticias\/wp-content\/uploads\/sites\/32\/2019\/11\/grupo_monitoramento_edemias_saude_sala_de_situacao-11-768x685.jpg 768w, https:\/\/jundiai.sp.gov.br\/noticias\/wp-content\/uploads\/sites\/32\/2019\/11\/grupo_monitoramento_edemias_saude_sala_de_situacao-11.jpg 1323w\" sizes=\"auto, (max-width: 1024px) 100vw, 1024px\" \/><p id=\"caption-attachment-239083\" class=\"wp-caption-text\">Segundo Ozahata, participa\u00e7\u00e3o do cidad\u00e3o \u00e9 indispens\u00e1vel: mais de 80% dos criadouros s\u00e3o encontrados em im\u00f3veis particulares<\/p><\/div>\n<p>Jundia\u00ed registrou este ano mais de 2.800 casos confirmados de dengue, sendo mais de 2.600 deles aut\u00f3ctones \u2013 ou seja, contra\u00eddos aqui na cidade. Segundo o gerente da Vigil\u00e2ncia em Sa\u00fade Ambiental da Unidade de Gest\u00e3o de Promo\u00e7\u00e3o da Sa\u00fade (UGPS), Carlos Ozahata, a previs\u00e3o \u00e9 que no pr\u00f3ximo ver\u00e3o o surto seja ainda maior, devido ao aparecimento, este ano, do sorotipo 2, que h\u00e1 mais de dez anos n\u00e3o era registrado na cidade. \u201cCom isso, temos uma popula\u00e7\u00e3o mais suscet\u00edvel, o que demanda maior aten\u00e7\u00e3o tanto do poder p\u00fablico quanto do cidad\u00e3o\u201d, afirmou.<\/p>\n<div id=\"attachment_239084\" style=\"width: 1034px\" class=\"wp-caption aligncenter\"><img loading=\"lazy\" decoding=\"async\" aria-describedby=\"caption-attachment-239084\" class=\"size-large wp-image-239084\" src=\"https:\/\/jundiai.sp.gov.br\/noticias\/wp-content\/uploads\/sites\/32\/2019\/11\/grupo_monitoramento_edemias_saude_sala_de_situacao-67-1280x809.jpg\" alt=\"\" width=\"1024\" height=\"647\" srcset=\"https:\/\/jundiai.sp.gov.br\/noticias\/wp-content\/uploads\/sites\/32\/2019\/11\/grupo_monitoramento_edemias_saude_sala_de_situacao-67-1280x809.jpg 1280w, https:\/\/jundiai.sp.gov.br\/noticias\/wp-content\/uploads\/sites\/32\/2019\/11\/grupo_monitoramento_edemias_saude_sala_de_situacao-67-300x190.jpg 300w, https:\/\/jundiai.sp.gov.br\/noticias\/wp-content\/uploads\/sites\/32\/2019\/11\/grupo_monitoramento_edemias_saude_sala_de_situacao-67-768x485.jpg 768w, https:\/\/jundiai.sp.gov.br\/noticias\/wp-content\/uploads\/sites\/32\/2019\/11\/grupo_monitoramento_edemias_saude_sala_de_situacao-67.jpg 1323w\" sizes=\"auto, (max-width: 1024px) 100vw, 1024px\" \/><p id=\"caption-attachment-239084\" class=\"wp-caption-text\">Grupo Permanente de Monitoramento de Endemias na Sa\u00fade re\u00fane dez unidades de gest\u00e3o da administra\u00e7\u00e3o municipal<\/p><\/div>\n<p>A UGPS est\u00e1 organizando um plano de vigil\u00e2ncia das arboviroses para os pr\u00f3ximos dois anos, incluindo desde a aten\u00e7\u00e3o b\u00e1sica &#8211; mas a participa\u00e7\u00e3o de cada cidad\u00e3o \u00e9 indispens\u00e1vel. \u201cMais de 80% dos criadouros encontrados na cidade est\u00e1 em im\u00f3veis particulares. Os \u00f3rg\u00e3os p\u00fablicos far\u00e3o sua parte, mas cada morador \u00e9 parte essencial desse trabalho\u201d, ressalta.<\/p>\n<p>A recomenda\u00e7\u00e3o \u00e9 que cada pessoa fa\u00e7a uma vistoria em sua casa, im\u00f3vel ou local de trabalho semanalmente, verificando se existe algum tipo de dep\u00f3sito de \u00e1gua que possa servir como criadouro do mosquito.<\/p>\n<p><strong>Assessoria de Imprensa<\/strong><br \/>\n<strong>Fotos: Fot\u00f3grafos PMJ<\/strong><\/p>\n","protected":false},"excerpt":{"rendered":"<p>O Grupo Permanente de Monitoramento de Endemias na Sa\u00fade, formado por dez unidades de gest\u00e3o da administra\u00e7\u00e3o municipal \u2013 incluindo Sa\u00fade, Educa\u00e7\u00e3o, Mobilidade, Defesa Civil (pela Casa Civil) e Servi\u00e7os P\u00fablicos &#8211; se reuniu na tarde desta quinta (14), no Pa\u00e7o Municipal, para planejar as a\u00e7\u00f5es para o pr\u00f3ximo ver\u00e3o. O objetivo \u00e9 o combate [&hellip;]<\/p>\n","protected":false},"author":45,"featured_media":0,"comment_status":"closed","ping_status":"closed","sticky":false,"template":"","format":"standard","meta":{"footnotes":""},"categories":[2],"tags":[62,981,362],"ods":[],"class_list":["post-239082","post","type-post","status-publish","format-standard","hentry","category-noticias","tag-casa-civil","tag-promocao-da-saude","tag-unidade-de-vigilancia-de-zoonoses"],"_links":{"self":[{"href":"https:\/\/jundiai.sp.gov.br\/noticias\/wp-json\/wp\/v2\/posts\/239082","targetHints":{"allow":["GET"]}}],"collection":[{"href":"https:\/\/jundiai.sp.gov.br\/noticias\/wp-json\/wp\/v2\/posts"}],"about":[{"href":"https:\/\/jundiai.sp.gov.br\/noticias\/wp-json\/wp\/v2\/types\/post"}],"author":[{"embeddable":true,"href":"https:\/\/jundiai.sp.gov.br\/noticias\/wp-json\/wp\/v2\/users\/45"}],"replies":[{"embeddable":true,"href":"https:\/\/jundiai.sp.gov.br\/noticias\/wp-json\/wp\/v2\/comments?post=239082"}],"version-history":[{"count":1,"href":"https:\/\/jundiai.sp.gov.br\/noticias\/wp-json\/wp\/v2\/posts\/239082\/revisions"}],"predecessor-version":[{"id":239085,"href":"https:\/\/jundiai.sp.gov.br\/noticias\/wp-json\/wp\/v2\/posts\/239082\/revisions\/239085"}],"wp:attachment":[{"href":"https:\/\/jundiai.sp.gov.br\/noticias\/wp-json\/wp\/v2\/media?parent=239082"}],"wp:term":[{"taxonomy":"category","embeddable":true,"href":"https:\/\/jundiai.sp.gov.br\/noticias\/wp-json\/wp\/v2\/categories?post=239082"},{"taxonomy":"post_tag","embeddable":true,"href":"https:\/\/jundiai.sp.gov.br\/noticias\/wp-json\/wp\/v2\/tags?post=239082"},{"taxonomy":"ods","embeddable":true,"href":"https:\/\/jundiai.sp.gov.br\/noticias\/wp-json\/wp\/v2\/ods?post=239082"}],"curies":[{"name":"wp","href":"https:\/\/api.w.org\/{rel}","templated":true}]}}