{"id":239198,"date":"2019-11-18T17:32:29","date_gmt":"2019-11-18T19:32:29","guid":{"rendered":"https:\/\/jundiai.sp.gov.br\/noticias\/?p=239198"},"modified":"2019-11-18T17:34:46","modified_gmt":"2019-11-18T19:34:46","slug":"conselho-da-crianca-e-do-adolescente-abre-vagas-para-representantes-da-sociedade-civil","status":"publish","type":"post","link":"https:\/\/jundiai.sp.gov.br\/noticias\/2019\/11\/18\/conselho-da-crianca-e-do-adolescente-abre-vagas-para-representantes-da-sociedade-civil\/","title":{"rendered":"Conselho da Crian\u00e7a e do Adolescente abre vagas para representantes da sociedade civil"},"content":{"rendered":"<p>Est\u00e3o abertas at\u00e9 o dia 10 de dezembro as inscri\u00e7\u00f5es de interessados em representar a sociedade civil no Conselho Municipal dos Direitos da Crian\u00e7a e do Adolescente (CMDCA) durante o bi\u00eanio 2020 \u2013 2022, conforme indicado pelo <a href=\"https:\/\/imprensaoficial.jundiai.sp.gov.br\/wp-content\/uploads\/2019\/10\/20aca10c-53fd-4e20-a2d8-588c7a01d438_Edi%C3%A7%C3%A3o-4626-23-10-2019-1.pdf\" rel=\"noopener noreferrer\" target=\"_blank\">edital de convoca\u00e7\u00e3o n\u00ba 17\/2019, publicado entre as p\u00e1ginas 71 e 72 da edi\u00e7\u00e3o 4626 da Imprensa Oficial, do dia 23 de outubro de 2019<\/a>.<\/p>\n<p>Est\u00e3o dispon\u00edveis 20 vagas, sendo dez de titulares e dez de suplentes, representando 5 segmentos, divididos pelos objetivos dos movimentos, organiza\u00e7\u00f5es e entidades: atendimento a crian\u00e7as e adolescentes; assessoramento ou assessoria t\u00e9cnica; defesa e garantia de direitos; representa\u00e7\u00e3o de trabalhadores e profissionais da \u00e1rea; e representa\u00e7\u00e3o dos usu\u00e1rios dos servi\u00e7os.<\/p>\n<p>As inscri\u00e7\u00f5es podem ser feitas gratuitamente pela <a href=\"https:\/\/cmdca.jundiai.sp.gov.br\/2019\/11\/inscricoes-abertas-eleicao-da-sociedade-civil-para-gestao-2020-2022\/\" rel=\"noopener noreferrer\" target=\"_blank\">internet<\/a> ou pessoalmente, na secretaria executiva do Conselho, que fica na Unidade de Gest\u00e3o de Assist\u00eancia e Desenvolvimento Social (UGADS), que fica na rua Senador Fonseca, 605, Centro, e funciona de segunda a sexta-feira, exceto feriados e pontos facultativos, das 13h \u00e0s 17h.<\/p>\n<p>Al\u00e9m da indica\u00e7\u00e3o de candidatos \u00e0s vagas, as organiza\u00e7\u00f5es poder\u00e3o tamb\u00e9m apontar delegados para a elei\u00e7\u00e3o. No ato da inscri\u00e7\u00e3o, candidatos \u00e0s vagas e delegados dever\u00e3o anexar ou apresentar documentos, indicados no artigo 06 do edital.<\/p>\n<p>A plen\u00e1ria para composi\u00e7\u00e3o ser\u00e1 realizada no dia 24 de janeiro de 2020, \u00e0s 8h30, no audit\u00f3rio da Biblioteca Municipal, que fica na avenida Dr. Cavalcanti, 396, Complexo Argos.<\/p>\n<div id=\"attachment_239201\" style=\"width: 1250px\" class=\"wp-caption aligncenter\"><img loading=\"lazy\" decoding=\"async\" aria-describedby=\"caption-attachment-239201\" src=\"https:\/\/jundiai.sp.gov.br\/noticias\/wp-content\/uploads\/sites\/32\/2019\/11\/parque-da-uva-8.jpg\" alt=\"Tr\u00eas crian\u00e7as brincando em piscina de bolinhas\" width=\"1240\" height=\"768\" class=\"size-full wp-image-239201\" srcset=\"https:\/\/jundiai.sp.gov.br\/noticias\/wp-content\/uploads\/sites\/32\/2019\/11\/parque-da-uva-8.jpg 1240w, https:\/\/jundiai.sp.gov.br\/noticias\/wp-content\/uploads\/sites\/32\/2019\/11\/parque-da-uva-8-300x186.jpg 300w, https:\/\/jundiai.sp.gov.br\/noticias\/wp-content\/uploads\/sites\/32\/2019\/11\/parque-da-uva-8-768x476.jpg 768w\" sizes=\"auto, (max-width: 1240px) 100vw, 1240px\" \/><p id=\"caption-attachment-239201\" class=\"wp-caption-text\">Est\u00e3o dispon\u00edveis 20 vagas, voltadas a representantes de movimentos, organiza\u00e7\u00f5es e entidades voltadas \u00e0s crian\u00e7as e adolescentes<\/p><\/div>\n<p><strong>Assessoria de Imprensa<br \/>\nFoto: Arquivo PMJ<\/strong><\/p>\n","protected":false},"excerpt":{"rendered":"<p>Est\u00e3o abertas at\u00e9 o dia 10 de dezembro as inscri\u00e7\u00f5es de interessados em representar a sociedade civil no Conselho Municipal dos Direitos da Crian\u00e7a e do Adolescente (CMDCA) durante o bi\u00eanio 2020 \u2013 2022, conforme indicado pelo edital de convoca\u00e7\u00e3o n\u00ba 17\/2019, publicado entre as p\u00e1ginas 71 e 72 da edi\u00e7\u00e3o 4626 da Imprensa Oficial, [&hellip;]<\/p>\n","protected":false},"author":14,"featured_media":0,"comment_status":"closed","ping_status":"closed","sticky":false,"template":"","format":"standard","meta":{"footnotes":""},"categories":[2],"tags":[980,448],"ods":[],"class_list":["post-239198","post","type-post","status-publish","format-standard","hentry","category-noticias","tag-assistencia-e-desenvolvimento-social","tag-conselho-dos-direitos-da-crianca-e-do-adolescente-cmdca"],"_links":{"self":[{"href":"https:\/\/jundiai.sp.gov.br\/noticias\/wp-json\/wp\/v2\/posts\/239198","targetHints":{"allow":["GET"]}}],"collection":[{"href":"https:\/\/jundiai.sp.gov.br\/noticias\/wp-json\/wp\/v2\/posts"}],"about":[{"href":"https:\/\/jundiai.sp.gov.br\/noticias\/wp-json\/wp\/v2\/types\/post"}],"author":[{"embeddable":true,"href":"https:\/\/jundiai.sp.gov.br\/noticias\/wp-json\/wp\/v2\/users\/14"}],"replies":[{"embeddable":true,"href":"https:\/\/jundiai.sp.gov.br\/noticias\/wp-json\/wp\/v2\/comments?post=239198"}],"version-history":[{"count":4,"href":"https:\/\/jundiai.sp.gov.br\/noticias\/wp-json\/wp\/v2\/posts\/239198\/revisions"}],"predecessor-version":[{"id":239204,"href":"https:\/\/jundiai.sp.gov.br\/noticias\/wp-json\/wp\/v2\/posts\/239198\/revisions\/239204"}],"wp:attachment":[{"href":"https:\/\/jundiai.sp.gov.br\/noticias\/wp-json\/wp\/v2\/media?parent=239198"}],"wp:term":[{"taxonomy":"category","embeddable":true,"href":"https:\/\/jundiai.sp.gov.br\/noticias\/wp-json\/wp\/v2\/categories?post=239198"},{"taxonomy":"post_tag","embeddable":true,"href":"https:\/\/jundiai.sp.gov.br\/noticias\/wp-json\/wp\/v2\/tags?post=239198"},{"taxonomy":"ods","embeddable":true,"href":"https:\/\/jundiai.sp.gov.br\/noticias\/wp-json\/wp\/v2\/ods?post=239198"}],"curies":[{"name":"wp","href":"https:\/\/api.w.org\/{rel}","templated":true}]}}