{"id":239328,"date":"2019-11-20T13:05:58","date_gmt":"2019-11-20T15:05:58","guid":{"rendered":"https:\/\/jundiai.sp.gov.br\/noticias\/?p=239328"},"modified":"2019-11-20T13:20:24","modified_gmt":"2019-11-20T15:20:24","slug":"centro-de-linguas-inscritos-por-renda-devem-realizar-matricula","status":"publish","type":"post","link":"https:\/\/jundiai.sp.gov.br\/noticias\/2019\/11\/20\/centro-de-linguas-inscritos-por-renda-devem-realizar-matricula\/","title":{"rendered":"Centro de L\u00ednguas: inscritos por renda devem realizar matr\u00edcula"},"content":{"rendered":"<p>Os candidatos que ser inscreveram para as vagas oferecidas nos cursos de l\u00edngua estrangeira &#8211; Ingl\u00eas, Espanhol, Franc\u00eas e Italiano &#8211; no Centro de L\u00ednguas Antonio Houaiss, da Prefeitura de Jundia\u00ed, pela categoria &#8216;Renda&#8217;, t\u00eam at\u00e9 sexta-feira (22) para realizar a matr\u00edcula no curso especificado. O chamamento foi feito na <a href=\"https:\/\/imprensaoficial.jundiai.sp.gov.br\/edicao-4636\/\">Imprensa Oficial 4636<\/a>, publicada no dia 13 de novembro.<\/p>\n<p>&#8220;Al\u00e9m da publica\u00e7\u00e3o oficial, tamb\u00e9m foi encaminhado e-mail avisando sobre os prazos e documenta\u00e7\u00f5es necess\u00e1rias para a matr\u00edcula, que deve ser feita presencialmente, no pr\u00e9dio do Centro de L\u00ednguas, no Complexo Argos, das 8h \u00e0s 18h30, na quinta e na sexta-feira das 8h \u00e0s 17h, com os documentos RG e CPF, originais e c\u00f3pias, comprovantes de endere\u00e7o, de escolaridade e de renda declarada na inscri\u00e7\u00e3o&#8221;, explica a supervisora do Centro de L\u00ednguas Antonio Houaiss, C\u00edcera Escoura Bueno.<\/p>\n<p>Os candidatos que se inscreveram para a modalidade sorteio, ter\u00e3o os nomes sorteados no dia 9 de dezembro, com a previs\u00e3o de publica\u00e7\u00e3o dos contemplados no dia 11.<\/p>\n<div id=\"attachment_239334\" style=\"width: 4810px\" class=\"wp-caption aligncenter\"><img loading=\"lazy\" decoding=\"async\" aria-describedby=\"caption-attachment-239334\" class=\"size-full wp-image-239334\" src=\"https:\/\/jundiai.sp.gov.br\/noticias\/wp-content\/uploads\/sites\/32\/2019\/11\/curso_de-linguas_argos_centro_de_linguas-49.jpg\" alt=\"\" width=\"4800\" height=\"3200\" srcset=\"https:\/\/jundiai.sp.gov.br\/noticias\/wp-content\/uploads\/sites\/32\/2019\/11\/curso_de-linguas_argos_centro_de_linguas-49.jpg 4800w, https:\/\/jundiai.sp.gov.br\/noticias\/wp-content\/uploads\/sites\/32\/2019\/11\/curso_de-linguas_argos_centro_de_linguas-49-300x200.jpg 300w, https:\/\/jundiai.sp.gov.br\/noticias\/wp-content\/uploads\/sites\/32\/2019\/11\/curso_de-linguas_argos_centro_de_linguas-49-768x512.jpg 768w, https:\/\/jundiai.sp.gov.br\/noticias\/wp-content\/uploads\/sites\/32\/2019\/11\/curso_de-linguas_argos_centro_de_linguas-49-1280x853.jpg 1280w, https:\/\/jundiai.sp.gov.br\/noticias\/wp-content\/uploads\/sites\/32\/2019\/11\/curso_de-linguas_argos_centro_de_linguas-49-450x300.jpg 450w\" sizes=\"auto, (max-width: 4800px) 100vw, 4800px\" \/><p id=\"caption-attachment-239334\" class=\"wp-caption-text\">Candidatos interessados em cursar Ingl\u00eas, Espanhol, Italiano ou Franc\u00eas no Centro de L\u00ednguas Antonio Houaiss, que se inscreveram na categoria &#8216;Renda&#8217; tem at\u00e9 sexta-feira (22) para fazer a matr\u00edcula<\/p><\/div>\n<p>Assessoria de Imprensa<br \/>\nFotos: Fot\u00f3grafos PMJ<\/p>\n","protected":false},"excerpt":{"rendered":"<p>Os candidatos que ser inscreveram para as vagas oferecidas nos cursos de l\u00edngua estrangeira &#8211; Ingl\u00eas, Espanhol, Franc\u00eas e Italiano &#8211; no Centro de L\u00ednguas Antonio Houaiss, da Prefeitura de Jundia\u00ed, pela categoria &#8216;Renda&#8217;, t\u00eam at\u00e9 sexta-feira (22) para realizar a matr\u00edcula no curso especificado. O chamamento foi feito na Imprensa Oficial 4636, publicada no [&hellip;]<\/p>\n","protected":false},"author":39,"featured_media":239333,"comment_status":"closed","ping_status":"closed","sticky":false,"template":"","format":"standard","meta":{"footnotes":""},"categories":[2],"tags":[336,6],"ods":[],"class_list":["post-239328","post","type-post","status-publish","format-standard","has-post-thumbnail","hentry","category-noticias","tag-centro-de-linguas-e-tecnologia-da-informacao","tag-educacao"],"_links":{"self":[{"href":"https:\/\/jundiai.sp.gov.br\/noticias\/wp-json\/wp\/v2\/posts\/239328","targetHints":{"allow":["GET"]}}],"collection":[{"href":"https:\/\/jundiai.sp.gov.br\/noticias\/wp-json\/wp\/v2\/posts"}],"about":[{"href":"https:\/\/jundiai.sp.gov.br\/noticias\/wp-json\/wp\/v2\/types\/post"}],"author":[{"embeddable":true,"href":"https:\/\/jundiai.sp.gov.br\/noticias\/wp-json\/wp\/v2\/users\/39"}],"replies":[{"embeddable":true,"href":"https:\/\/jundiai.sp.gov.br\/noticias\/wp-json\/wp\/v2\/comments?post=239328"}],"version-history":[{"count":7,"href":"https:\/\/jundiai.sp.gov.br\/noticias\/wp-json\/wp\/v2\/posts\/239328\/revisions"}],"predecessor-version":[{"id":239371,"href":"https:\/\/jundiai.sp.gov.br\/noticias\/wp-json\/wp\/v2\/posts\/239328\/revisions\/239371"}],"wp:featuredmedia":[{"embeddable":true,"href":"https:\/\/jundiai.sp.gov.br\/noticias\/wp-json\/wp\/v2\/media\/239333"}],"wp:attachment":[{"href":"https:\/\/jundiai.sp.gov.br\/noticias\/wp-json\/wp\/v2\/media?parent=239328"}],"wp:term":[{"taxonomy":"category","embeddable":true,"href":"https:\/\/jundiai.sp.gov.br\/noticias\/wp-json\/wp\/v2\/categories?post=239328"},{"taxonomy":"post_tag","embeddable":true,"href":"https:\/\/jundiai.sp.gov.br\/noticias\/wp-json\/wp\/v2\/tags?post=239328"},{"taxonomy":"ods","embeddable":true,"href":"https:\/\/jundiai.sp.gov.br\/noticias\/wp-json\/wp\/v2\/ods?post=239328"}],"curies":[{"name":"wp","href":"https:\/\/api.w.org\/{rel}","templated":true}]}}