{"id":239503,"date":"2019-11-22T13:14:19","date_gmt":"2019-11-22T15:14:19","guid":{"rendered":"https:\/\/jundiai.sp.gov.br\/noticias\/?p=239503"},"modified":"2020-06-08T15:52:13","modified_gmt":"2020-06-08T18:52:13","slug":"palestra-marca-comemoracao-pelos-10-anos-do-servico-familia-acolhedora","status":"publish","type":"post","link":"https:\/\/jundiai.sp.gov.br\/noticias\/2019\/11\/22\/palestra-marca-comemoracao-pelos-10-anos-do-servico-familia-acolhedora\/","title":{"rendered":"Palestra marca comemora\u00e7\u00e3o pelos 10 anos do servi\u00e7o \u201cFam\u00edlia Acolhedora\u201d"},"content":{"rendered":"<p>Em comemora\u00e7\u00e3o pelos 10 anos do Fam\u00edlia Acolhedora, a Unidade de Gest\u00e3o de Assist\u00eancia e Desenvolvimento Social (UGADS) da Prefeitura e a rede socioassistencial promoveram um encontro, com palestra sobre os desafios do acolhimento familiar, com a assistente social Jane Valente. Participaram do evento realizado na C\u00faria Diocesana cerca de 100 pessoas, entre servidores da UGADS, conselheiros tutelares, membros do Conselho Municipal dos Direitos da Crian\u00e7a e do Adolescente (CMDCA), Minist\u00e9rio P\u00fablico, Vara da Inf\u00e2ncia e Juventude de Jundia\u00ed e outros dez Munic\u00edpios da regi\u00e3o, al\u00e9m de algumas das 18 fam\u00edlias atualmente inscritas no servi\u00e7o em Jundia\u00ed.<\/p>\n<p>O prefeito Luiz Fernando Machado destacou a import\u00e2ncia do abrigamento familiar como op\u00e7\u00e3o ao institucional no estabelecimento de v\u00ednculos afetivos para a crian\u00e7a. \u201cPor seus n\u00fameros e \u00edndices, Jundia\u00ed \u00e9 uma cidade de refer\u00eancia para as demais e isso se deve \u00e0 contribui\u00e7\u00e3o que os jundiaienses d\u00e3o para o seu crescimento. E n\u00e3o \u00e9 diferente no caso deste servi\u00e7o, em que as pessoas contribuem para a vida destas crian\u00e7as, que, por alguma triste ocasi\u00e3o, tiveram de se afastar de suas fam\u00edlias de origem. Fica aqui o meu reconhecimento pessoal a essas pessoas, \u00e0quelas que tiveram a iniciativa h\u00e1 dez anos e aos profissionais envolvidos\u201d.<\/p>\n<div id=\"attachment_239507\" style=\"width: 1034px\" class=\"wp-caption aligncenter\"><img loading=\"lazy\" decoding=\"async\" aria-describedby=\"caption-attachment-239507\" class=\"size-large wp-image-239507\" src=\"https:\/\/jundiai.sp.gov.br\/noticias\/wp-content\/uploads\/sites\/32\/2019\/11\/10_anos_familia_acolhedora_curia-27-1280x831.jpg\" alt=\"Audit\u00f3rio com pessoas sentadas e autoridades sentadas em palanque\" width=\"1024\" height=\"665\" srcset=\"https:\/\/jundiai.sp.gov.br\/noticias\/wp-content\/uploads\/sites\/32\/2019\/11\/10_anos_familia_acolhedora_curia-27-1280x831.jpg 1280w, https:\/\/jundiai.sp.gov.br\/noticias\/wp-content\/uploads\/sites\/32\/2019\/11\/10_anos_familia_acolhedora_curia-27-300x195.jpg 300w, https:\/\/jundiai.sp.gov.br\/noticias\/wp-content\/uploads\/sites\/32\/2019\/11\/10_anos_familia_acolhedora_curia-27-768x499.jpg 768w, https:\/\/jundiai.sp.gov.br\/noticias\/wp-content\/uploads\/sites\/32\/2019\/11\/10_anos_familia_acolhedora_curia-27.jpg 1323w\" sizes=\"auto, (max-width: 1024px) 100vw, 1024px\" \/><p id=\"caption-attachment-239507\" class=\"wp-caption-text\">Luiz Fernando destacou a alegria de poder comemorar a data<\/p><\/div>\n<p>A gestora da UGADS, N\u00e1dia Taffarello Soares, estende o convite para as pessoas interessadas em entrar para o servi\u00e7o. \u201cJundia\u00ed conta com o servi\u00e7o, que agora batizamos de \u2018Travessia\u2019, muito antes de ele virar uma pol\u00edtica p\u00fablica tipificada pela Assist\u00eancia. Com este encontro, espero fortalecer ainda mais o servi\u00e7o e o trabalho preventivo junto \u00e0s fam\u00edlias. Estendo o convite a mais pessoas interessadas, que podem se inscrever, aprender sobre o seu funcionamento, passar pelas capacita\u00e7\u00f5es oferecidas pela Prefeitura e, no futuro, contribuir para as crian\u00e7as e adolescentes nos momentos em que mais precisam\u201d.<\/p>\n<p>Moradores do Eloy Chaves, Anderson e Tatiane Catharin est\u00e3o em seu segundo acolhimento. \u201cSoubemos do servi\u00e7o por meio de amigos e, depois de muito di\u00e1logo, nos inscrevemos. Cada crian\u00e7a traz consigo sua hist\u00f3ria e seus sentimentos, o que torna o acolhimento algo desafiador, mas cheio de amor e carinho. Sabemos que \u00e9 algo tempor\u00e1rio e o desprendimento traz suas dificuldades, mas a sensa\u00e7\u00e3o de dever cumprido e de ter feito o bem s\u00e3o superiores\u201d, explica Tatiane.<\/p>\n<p>O vereador Ant\u00f4nio Carlos Albino representou a C\u00e2mara Municipal.<\/p>\n<div id=\"attachment_239505\" style=\"width: 1034px\" class=\"wp-caption aligncenter\"><img loading=\"lazy\" decoding=\"async\" aria-describedby=\"caption-attachment-239505\" class=\"size-large wp-image-239505\" src=\"https:\/\/jundiai.sp.gov.br\/noticias\/wp-content\/uploads\/sites\/32\/2019\/11\/10_anos_familia_acolhedora_curia-121-1280x877.jpg\" alt=\"Homem e mulher abaixados, brincando com beb\u00ea dentro de carrinho\" width=\"1024\" height=\"702\" srcset=\"https:\/\/jundiai.sp.gov.br\/noticias\/wp-content\/uploads\/sites\/32\/2019\/11\/10_anos_familia_acolhedora_curia-121-1280x877.jpg 1280w, https:\/\/jundiai.sp.gov.br\/noticias\/wp-content\/uploads\/sites\/32\/2019\/11\/10_anos_familia_acolhedora_curia-121-300x205.jpg 300w, https:\/\/jundiai.sp.gov.br\/noticias\/wp-content\/uploads\/sites\/32\/2019\/11\/10_anos_familia_acolhedora_curia-121-768x526.jpg 768w, https:\/\/jundiai.sp.gov.br\/noticias\/wp-content\/uploads\/sites\/32\/2019\/11\/10_anos_familia_acolhedora_curia-121.jpg 1323w\" sizes=\"auto, (max-width: 1024px) 100vw, 1024px\" \/><p id=\"caption-attachment-239505\" class=\"wp-caption-text\">A vontade de fazer o bem levou o casal Anderson e Tatiane a procurar o servi\u00e7o<\/p><\/div>\n<p><strong>O servi\u00e7o<\/strong><br \/>\nO Fam\u00edlia Acolhedora \u00e9 o servi\u00e7o respons\u00e1vel pelo encaminhamento sigiloso de crian\u00e7as rec\u00e9m-nascidas e de adolescentes at\u00e9 a idade de 17 anos para acolhimento provis\u00f3rio ap\u00f3s determina\u00e7\u00e3o do Poder Judici\u00e1rio pelo afastamento das fam\u00edlias de origem por causas distintas, como neglig\u00eancia, maus tratos, uso de subst\u00e2ncias psicoativas, viol\u00eancia e abandono. Atualmente h\u00e1 18 fam\u00edlias cadastradas no servi\u00e7o em Jundia\u00ed.<\/p>\n<p>As pessoas interessadas no servi\u00e7o <a href=\"https:\/\/docs.google.com\/forms\/d\/e\/1FAIpQLScKEDckzeeyC32tZQPD-xa9XBhezEvgkNsPzlCNRoC92WKhCA\/viewform\" target=\"_blank\" rel=\"noopener noreferrer\">devem se inscrever pela internet<\/a> e n\u00e3o podem estar na fila de ado\u00e7\u00e3o, devendo passar por entrevistas, visitas domiciliares e encontros de capacita\u00e7\u00e3o. Os interessados devem residir em Jundia\u00ed, ter mais de 21 anos, n\u00e3o possuir antecedentes criminais e n\u00e3o apresentar problemas psiqui\u00e1tricos e\/ou depend\u00eancia de subst\u00e2ncias psicoativas.<\/p>\n<p>O servi\u00e7o em Jundia\u00ed fica na avenida Dr. Pedro Soares de Camargo, 587, Anhangaba\u00fa, e o telefone para contato \u00e9 o (11) 4521-5550, com atendimento de segunda a sexta-feira, das 8h \u00e0s 17h.<\/p>\n<p><strong>Assessoria de Imprensa<br \/>\nFotos: Fot\u00f3grafos PMJ<\/strong><\/p>\n","protected":false},"excerpt":{"rendered":"<p>Em comemora\u00e7\u00e3o pelos 10 anos do Fam\u00edlia Acolhedora, a Unidade de Gest\u00e3o de Assist\u00eancia e Desenvolvimento Social (UGADS) da Prefeitura e a rede socioassistencial promoveram um encontro, com palestra sobre os desafios do acolhimento familiar, com a assistente social Jane Valente. Participaram do evento realizado na C\u00faria Diocesana cerca de 100 pessoas, entre servidores da [&hellip;]<\/p>\n","protected":false},"author":14,"featured_media":0,"comment_status":"closed","ping_status":"closed","sticky":false,"template":"","format":"standard","meta":{"footnotes":""},"categories":[2],"tags":[980,448,1176,725],"ods":[],"class_list":["post-239503","post","type-post","status-publish","format-standard","hentry","category-noticias","tag-assistencia-e-desenvolvimento-social","tag-conselho-dos-direitos-da-crianca-e-do-adolescente-cmdca","tag-prefeito-luiz-fernando-machado","tag-servico-de-acolhimento-em-familia-acolhedora"],"_links":{"self":[{"href":"https:\/\/jundiai.sp.gov.br\/noticias\/wp-json\/wp\/v2\/posts\/239503","targetHints":{"allow":["GET"]}}],"collection":[{"href":"https:\/\/jundiai.sp.gov.br\/noticias\/wp-json\/wp\/v2\/posts"}],"about":[{"href":"https:\/\/jundiai.sp.gov.br\/noticias\/wp-json\/wp\/v2\/types\/post"}],"author":[{"embeddable":true,"href":"https:\/\/jundiai.sp.gov.br\/noticias\/wp-json\/wp\/v2\/users\/14"}],"replies":[{"embeddable":true,"href":"https:\/\/jundiai.sp.gov.br\/noticias\/wp-json\/wp\/v2\/comments?post=239503"}],"version-history":[{"count":5,"href":"https:\/\/jundiai.sp.gov.br\/noticias\/wp-json\/wp\/v2\/posts\/239503\/revisions"}],"predecessor-version":[{"id":252050,"href":"https:\/\/jundiai.sp.gov.br\/noticias\/wp-json\/wp\/v2\/posts\/239503\/revisions\/252050"}],"wp:attachment":[{"href":"https:\/\/jundiai.sp.gov.br\/noticias\/wp-json\/wp\/v2\/media?parent=239503"}],"wp:term":[{"taxonomy":"category","embeddable":true,"href":"https:\/\/jundiai.sp.gov.br\/noticias\/wp-json\/wp\/v2\/categories?post=239503"},{"taxonomy":"post_tag","embeddable":true,"href":"https:\/\/jundiai.sp.gov.br\/noticias\/wp-json\/wp\/v2\/tags?post=239503"},{"taxonomy":"ods","embeddable":true,"href":"https:\/\/jundiai.sp.gov.br\/noticias\/wp-json\/wp\/v2\/ods?post=239503"}],"curies":[{"name":"wp","href":"https:\/\/api.w.org\/{rel}","templated":true}]}}