{"id":239551,"date":"2019-11-22T18:38:46","date_gmt":"2019-11-22T20:38:46","guid":{"rendered":"https:\/\/jundiai.sp.gov.br\/noticias\/?p=239551"},"modified":"2019-11-22T18:38:46","modified_gmt":"2019-11-22T20:38:46","slug":"pacientes-comemoram-doacao-de-mesa-de-jogos-para-radioterapia","status":"publish","type":"post","link":"https:\/\/jundiai.sp.gov.br\/noticias\/2019\/11\/22\/pacientes-comemoram-doacao-de-mesa-de-jogos-para-radioterapia\/","title":{"rendered":"Pacientes comemoram doa\u00e7\u00e3o de mesa de jogos para Radioterapia"},"content":{"rendered":"<div id=\"attachment_239553\" style=\"width: 947px\" class=\"wp-caption aligncenter\"><img loading=\"lazy\" decoding=\"async\" aria-describedby=\"caption-attachment-239553\" class=\"size-large wp-image-239553\" src=\"https:\/\/jundiai.sp.gov.br\/noticias\/wp-content\/uploads\/sites\/32\/2019\/11\/foto-01-dr-flavio-doro-cunha-o-arquiteto-leandro-o-marceneiro-mario-e-o-dr-cesar-com-a-mesa-que-agora-fica-a-disposicao-dos-pacientes-na-recepcao-937x960.jpg\" alt=\"\" width=\"937\" height=\"960\" srcset=\"https:\/\/jundiai.sp.gov.br\/noticias\/wp-content\/uploads\/sites\/32\/2019\/11\/foto-01-dr-flavio-doro-cunha-o-arquiteto-leandro-o-marceneiro-mario-e-o-dr-cesar-com-a-mesa-que-agora-fica-a-disposicao-dos-pacientes-na-recepcao-937x960.jpg 937w, https:\/\/jundiai.sp.gov.br\/noticias\/wp-content\/uploads\/sites\/32\/2019\/11\/foto-01-dr-flavio-doro-cunha-o-arquiteto-leandro-o-marceneiro-mario-e-o-dr-cesar-com-a-mesa-que-agora-fica-a-disposicao-dos-pacientes-na-recepcao-300x307.jpg 300w, https:\/\/jundiai.sp.gov.br\/noticias\/wp-content\/uploads\/sites\/32\/2019\/11\/foto-01-dr-flavio-doro-cunha-o-arquiteto-leandro-o-marceneiro-mario-e-o-dr-cesar-com-a-mesa-que-agora-fica-a-disposicao-dos-pacientes-na-recepcao-768x787.jpg 768w, https:\/\/jundiai.sp.gov.br\/noticias\/wp-content\/uploads\/sites\/32\/2019\/11\/foto-01-dr-flavio-doro-cunha-o-arquiteto-leandro-o-marceneiro-mario-e-o-dr-cesar-com-a-mesa-que-agora-fica-a-disposicao-dos-pacientes-na-recepcao.jpg 1280w\" sizes=\"auto, (max-width: 937px) 100vw, 937px\" \/><p id=\"caption-attachment-239553\" class=\"wp-caption-text\">Dr. Fl\u00e1vio, Dor\u00f4 Cunha, o arquiteto Leandro, o marceneiro M\u00e1rio e o Dr. Cesar com a mesa que agora fica \u00e0 disposi\u00e7\u00e3o dos pacientes na recep\u00e7\u00e3o<\/p><\/div>\n<p>A tarde desta sexta-feira, dia 22, foi muito especial para os pacientes em tratamento na Radioterapia do Hospital de Caridade S\u00e3o Vicente de Paulo (HSV). A partir de uma campanha da ex-paciente oncol\u00f3gica Dor\u00f4 Cunha, o setor recebeu a doa\u00e7\u00e3o de uma mesa de jogos, na qual os pacientes poder\u00e3o aguardar suas sess\u00f5es jogando domin\u00f3, xadrez, jogo da velha, fazendo palavras cruzadas e principalmente construindo la\u00e7os de amizade. A doa\u00e7\u00e3o foi recebida pelos f\u00edsicos m\u00e9dicos do setor, Dr. Fl\u00e1vio Vermiglio e Dr. Cesar Magiolino.<\/p>\n<p>&nbsp;<\/p>\n<p>\u201cEssa iniciativa \u00e9, no m\u00ednimo, maravilhosa. Querendo ou n\u00e3o, a gente chega para fazer o tratamento triste e pensativo, estamos sofrendo e com muitas d\u00favidas. Essa a\u00e7\u00e3o, que parece simples, permitir\u00e1 n\u00e3o pensar tanto na doen\u00e7a e interagir com as outras pessoas. Ficaremos mais relaxados para a hora do procedimento\u201d, comemora a paciente Sueli Ap. da Silva In\u00e1cio, 57 anos.<\/p>\n<p>&nbsp;<\/p>\n<p>Outra paciente, Vera L\u00facia Bissaro, 64 anos, que est\u00e1 na fase final de seu tratamento aprova. \u201cEstou muito feliz pelos outros. Eu fui muito bem tratada aqui neste hospital e agora as horas de espera para as sess\u00f5es de radioterapia ser\u00e3o melhores ainda\u201d, enfatiza ela prestes a entrar no consult\u00f3rio m\u00e9dico para avalia\u00e7\u00e3o dos resultados finais.<\/p>\n<p>&nbsp;<\/p>\n<p>A mesa foi doada e desenvolvida especialmente pelo arquiteto Leandro Alegria e constru\u00edda pelo marceneiro M\u00e1rio Muniz. \u201cPensamos no projeto de forma que fosse adequado ao espa\u00e7o, com dimens\u00f5es ideais. Os banquinhos funcionam para armazenar os jogos e ficam sob a mesa, uma ideia bem simples e funcional, mas que garantir\u00e1 um pouco de divers\u00e3o aos pacientes\u201d, diz o arquiteto que \u00e9 de Embu das Artes.<\/p>\n<p>&nbsp;<\/p>\n<p>Dor\u00f4 est\u00e1 muito feliz com a conquista. \u201cEu fui paciente e estando do outro lado, a gente tem uma percep\u00e7\u00e3o diferente da doen\u00e7a. Percebi que se tivesse algo para ativar a mem\u00f3ria, interagir e passar o tempo enquanto os pacientes esperavam o atendimento, seria uma forma mais leve de enfrentar o problema. Ent\u00e3o eu fiz um v\u00eddeo pedindo ajuda das pessoas para conseguir uma mesa adequada ao local. Em um grupo de arquitetos, o Leandro se prop\u00f4s a ajudar. Apresentei o projeto para o coordenador da Radioterapia e logo tivemos a aprova\u00e7\u00e3o da diretoria. A loja Box Brinquedos doou os jogos e hoje estamos aqui, comemorando\u201d, diz ela sorrindo.<\/p>\n<p>&nbsp;<\/p>\n<p>O f\u00edsico m\u00e9dico Dr. Fl\u00e1vio ressalta os benef\u00edcios da iniciativa. \u201cOs pacientes aqui est\u00e3o vivendo um momento da vida deles em que est\u00e3o vulner\u00e1veis e sens\u00edveis. Toda a\u00e7\u00e3o que traga acolhimento faz muito bem para eles e influencia de forma positiva no tratamento\u201d, afirma.<\/p>\n<p>&nbsp;<\/p>\n<p>A Radioterapia do HSV funciona das 5h \u00e0 meia-noite, diariamente atende 90 pacientes, que realizam em m\u00e9dia de 25 a 30 sess\u00f5es do tratamento.<\/p>\n<div id=\"attachment_239554\" style=\"width: 849px\" class=\"wp-caption aligncenter\"><img loading=\"lazy\" decoding=\"async\" aria-describedby=\"caption-attachment-239554\" class=\"size-large wp-image-239554\" src=\"https:\/\/jundiai.sp.gov.br\/noticias\/wp-content\/uploads\/sites\/32\/2019\/11\/foto-02-a-paciente-sueli-afirma-que-depois-dos-jogos-todos-estarao-mais-relaxados-para-o-tratamento-839x960.jpg\" alt=\"\" width=\"839\" height=\"960\" srcset=\"https:\/\/jundiai.sp.gov.br\/noticias\/wp-content\/uploads\/sites\/32\/2019\/11\/foto-02-a-paciente-sueli-afirma-que-depois-dos-jogos-todos-estarao-mais-relaxados-para-o-tratamento-839x960.jpg 839w, https:\/\/jundiai.sp.gov.br\/noticias\/wp-content\/uploads\/sites\/32\/2019\/11\/foto-02-a-paciente-sueli-afirma-que-depois-dos-jogos-todos-estarao-mais-relaxados-para-o-tratamento-300x343.jpg 300w, https:\/\/jundiai.sp.gov.br\/noticias\/wp-content\/uploads\/sites\/32\/2019\/11\/foto-02-a-paciente-sueli-afirma-que-depois-dos-jogos-todos-estarao-mais-relaxados-para-o-tratamento-768x879.jpg 768w, https:\/\/jundiai.sp.gov.br\/noticias\/wp-content\/uploads\/sites\/32\/2019\/11\/foto-02-a-paciente-sueli-afirma-que-depois-dos-jogos-todos-estarao-mais-relaxados-para-o-tratamento.jpg 1280w\" sizes=\"auto, (max-width: 839px) 100vw, 839px\" \/><p id=\"caption-attachment-239554\" class=\"wp-caption-text\">A paciente Sueli afirma que depois dos jogos, todos estar\u00e3o mais relaxados para o tratamento<\/p><\/div>\n<div id=\"attachment_239556\" style=\"width: 667px\" class=\"wp-caption aligncenter\"><img loading=\"lazy\" decoding=\"async\" aria-describedby=\"caption-attachment-239556\" class=\"size-large wp-image-239556\" src=\"https:\/\/jundiai.sp.gov.br\/noticias\/wp-content\/uploads\/sites\/32\/2019\/11\/foto-03-vera-que-esta-terminando-o-tratamento-comemora-a-conquista-pelos-amigos-657x960.jpg\" alt=\"\" width=\"657\" height=\"960\" srcset=\"https:\/\/jundiai.sp.gov.br\/noticias\/wp-content\/uploads\/sites\/32\/2019\/11\/foto-03-vera-que-esta-terminando-o-tratamento-comemora-a-conquista-pelos-amigos-657x960.jpg 657w, https:\/\/jundiai.sp.gov.br\/noticias\/wp-content\/uploads\/sites\/32\/2019\/11\/foto-03-vera-que-esta-terminando-o-tratamento-comemora-a-conquista-pelos-amigos-300x439.jpg 300w, https:\/\/jundiai.sp.gov.br\/noticias\/wp-content\/uploads\/sites\/32\/2019\/11\/foto-03-vera-que-esta-terminando-o-tratamento-comemora-a-conquista-pelos-amigos-768x1123.jpg 768w, https:\/\/jundiai.sp.gov.br\/noticias\/wp-content\/uploads\/sites\/32\/2019\/11\/foto-03-vera-que-esta-terminando-o-tratamento-comemora-a-conquista-pelos-amigos.jpg 1280w\" sizes=\"auto, (max-width: 657px) 100vw, 657px\" \/><p id=\"caption-attachment-239556\" class=\"wp-caption-text\">Vera, que est\u00e1 terminando o tratamento, comemora a conquista pelos amigos<\/p><\/div>\n<p>&nbsp;<\/p>\n<div id=\"attachment_239557\" style=\"width: 1290px\" class=\"wp-caption aligncenter\"><img loading=\"lazy\" decoding=\"async\" aria-describedby=\"caption-attachment-239557\" class=\"size-full wp-image-239557\" src=\"https:\/\/jundiai.sp.gov.br\/noticias\/wp-content\/uploads\/sites\/32\/2019\/11\/foto-04-pacientes-e-acompanhantes-inauguram-a-mesa.jpg\" alt=\"\" width=\"1280\" height=\"960\" srcset=\"https:\/\/jundiai.sp.gov.br\/noticias\/wp-content\/uploads\/sites\/32\/2019\/11\/foto-04-pacientes-e-acompanhantes-inauguram-a-mesa.jpg 1280w, https:\/\/jundiai.sp.gov.br\/noticias\/wp-content\/uploads\/sites\/32\/2019\/11\/foto-04-pacientes-e-acompanhantes-inauguram-a-mesa-300x225.jpg 300w, https:\/\/jundiai.sp.gov.br\/noticias\/wp-content\/uploads\/sites\/32\/2019\/11\/foto-04-pacientes-e-acompanhantes-inauguram-a-mesa-768x576.jpg 768w\" sizes=\"auto, (max-width: 1280px) 100vw, 1280px\" \/><p id=\"caption-attachment-239557\" class=\"wp-caption-text\">Pacientes e acompanhantes inauguram a mesa<\/p><\/div>\n<p>&nbsp;<\/p>\n<p>Fotos: Assessoria de Imprensa do HSV<\/p>\n<p><strong>Assessoria de Imprensa<\/strong><\/p>\n<p><strong>Hospital de Caridade S\u00e3o Vicente de Paulo <\/strong><\/p>\n<p><strong>\u00c9rica Fabiola Barlera G\u00e1spari<\/strong> \u2013 <a href=\"mailto:assessoria.imprensa@hsvicente.org.br\">assessoria.imprensa@hsvicente.org.br<\/a><\/p>\n<p><strong>Patr\u00edcia Pessoto<\/strong> \u2013 <a href=\"mailto:imprensa@hsvicente.org.br\">imprensa@hsvicente.org.br<\/a><\/p>\n<p>Telefone: (11)4583-8256<\/p>\n","protected":false},"excerpt":{"rendered":"<p>A tarde desta sexta-feira, dia 22, foi muito especial para os pacientes em tratamento na Radioterapia do Hospital de Caridade S\u00e3o Vicente de Paulo (HSV). A partir de uma campanha da ex-paciente oncol\u00f3gica Dor\u00f4 Cunha, o setor recebeu a doa\u00e7\u00e3o de uma mesa de jogos, na qual os pacientes poder\u00e3o aguardar suas sess\u00f5es jogando domin\u00f3, [&hellip;]<\/p>\n","protected":false},"author":53,"featured_media":0,"comment_status":"closed","ping_status":"closed","sticky":false,"template":"","format":"standard","meta":{"footnotes":""},"categories":[2],"tags":[321],"ods":[],"class_list":["post-239551","post","type-post","status-publish","format-standard","hentry","category-noticias","tag-hospital-de-caridade-sao-vicente-de-paulo"],"_links":{"self":[{"href":"https:\/\/jundiai.sp.gov.br\/noticias\/wp-json\/wp\/v2\/posts\/239551","targetHints":{"allow":["GET"]}}],"collection":[{"href":"https:\/\/jundiai.sp.gov.br\/noticias\/wp-json\/wp\/v2\/posts"}],"about":[{"href":"https:\/\/jundiai.sp.gov.br\/noticias\/wp-json\/wp\/v2\/types\/post"}],"author":[{"embeddable":true,"href":"https:\/\/jundiai.sp.gov.br\/noticias\/wp-json\/wp\/v2\/users\/53"}],"replies":[{"embeddable":true,"href":"https:\/\/jundiai.sp.gov.br\/noticias\/wp-json\/wp\/v2\/comments?post=239551"}],"version-history":[{"count":1,"href":"https:\/\/jundiai.sp.gov.br\/noticias\/wp-json\/wp\/v2\/posts\/239551\/revisions"}],"predecessor-version":[{"id":239558,"href":"https:\/\/jundiai.sp.gov.br\/noticias\/wp-json\/wp\/v2\/posts\/239551\/revisions\/239558"}],"wp:attachment":[{"href":"https:\/\/jundiai.sp.gov.br\/noticias\/wp-json\/wp\/v2\/media?parent=239551"}],"wp:term":[{"taxonomy":"category","embeddable":true,"href":"https:\/\/jundiai.sp.gov.br\/noticias\/wp-json\/wp\/v2\/categories?post=239551"},{"taxonomy":"post_tag","embeddable":true,"href":"https:\/\/jundiai.sp.gov.br\/noticias\/wp-json\/wp\/v2\/tags?post=239551"},{"taxonomy":"ods","embeddable":true,"href":"https:\/\/jundiai.sp.gov.br\/noticias\/wp-json\/wp\/v2\/ods?post=239551"}],"curies":[{"name":"wp","href":"https:\/\/api.w.org\/{rel}","templated":true}]}}