{"id":239632,"date":"2019-11-27T13:00:53","date_gmt":"2019-11-27T16:00:53","guid":{"rendered":"https:\/\/jundiai.sp.gov.br\/noticias\/?p=239632"},"modified":"2023-04-18T10:38:39","modified_gmt":"2023-04-18T13:38:39","slug":"jundiai-vira-case-de-transformacao-digital-em-ribeirao-preto-e-brasilia","status":"publish","type":"post","link":"https:\/\/jundiai.sp.gov.br\/noticias\/2019\/11\/27\/jundiai-vira-case-de-transformacao-digital-em-ribeirao-preto-e-brasilia\/","title":{"rendered":"Jundia\u00ed vira case de &#8216;transforma\u00e7\u00e3o digital&#8217; em Ribeir\u00e3o Preto e Bras\u00edlia"},"content":{"rendered":"<p><span style=\"font-weight: 400;\">O uso da tecnologia em Jundia\u00ed ser\u00e1 tema de discuss\u00e3o em dois importantes encontros que v\u00e3o acontecer em Ribeir\u00e3o Preto e Bras\u00edlia, dias 29 de novembro e 5 de dezembro, respectivamente. Para mostrar a transforma\u00e7\u00e3o digital da cidade, o presidente da Companhia de Inform\u00e1tica de Jundia\u00ed (Cijun), Amauri Marquezi, falar\u00e1 das solu\u00e7\u00f5es tecnol\u00f3gicas desenvolvidas e como est\u00e3o se tornando refer\u00eancia para diferentes munic\u00edpios. Marquezi vai mostrar as experi\u00eancias de sucesso voltadas ao poder p\u00fablico, como o APP Jundia\u00ed, Sistema de Gerenciamento de Projetos, Saepro 2.0, entre outros projetos desenvolvidos na cidade e, falar\u00e1 ainda da Lei de Estatais e como a Companhia se adequou \u00e0s novas normas.<\/span><\/p>\n<p><span style=\"font-weight: 400;\">No pr\u00f3ximo dia 29, acontece o Semin\u00e1rio \u2018Desafios e Oportunidades para Estatais de TIC na Sociedade 5.0\u2019, em Ribeir\u00e3o Preto, com a participa\u00e7\u00e3o de outras grandes empresas do ramo do Brasil. J\u00e1 dia 5 de dezembro, a experi\u00eancia de Jundia\u00ed ser\u00e1 levada para um grande evento organizado pela Oracle, desta vez em Bras\u00edlia &#8211; o \u2018Transformation Day For Public Sector\u2019.\u00a0<\/span><\/p>\n<div id=\"attachment_239668\" style=\"width: 1034px\" class=\"wp-caption aligncenter\"><img loading=\"lazy\" decoding=\"async\" aria-describedby=\"caption-attachment-239668\" class=\"wp-image-239668 size-large\" src=\"https:\/\/jundiai.sp.gov.br\/noticias\/wp-content\/uploads\/sites\/32\/2019\/11\/aplicativo-_c_-1-1280x853.jpg\" alt=\"\" width=\"1024\" height=\"682\" srcset=\"https:\/\/jundiai.sp.gov.br\/noticias\/wp-content\/uploads\/sites\/32\/2019\/11\/aplicativo-_c_-1-1280x853.jpg 1280w, https:\/\/jundiai.sp.gov.br\/noticias\/wp-content\/uploads\/sites\/32\/2019\/11\/aplicativo-_c_-1-300x200.jpg 300w, https:\/\/jundiai.sp.gov.br\/noticias\/wp-content\/uploads\/sites\/32\/2019\/11\/aplicativo-_c_-1-768x512.jpg 768w, https:\/\/jundiai.sp.gov.br\/noticias\/wp-content\/uploads\/sites\/32\/2019\/11\/aplicativo-_c_-1-450x300.jpg 450w, https:\/\/jundiai.sp.gov.br\/noticias\/wp-content\/uploads\/sites\/32\/2019\/11\/aplicativo-_c_-1.jpg 1323w\" sizes=\"auto, (max-width: 1024px) 100vw, 1024px\" \/><p id=\"caption-attachment-239668\" class=\"wp-caption-text\">O Aplicativo Jundia\u00ed ser\u00e1 um dos destaques do Semin\u00e1rio<\/p><\/div>\n<p><span style=\"font-weight: 400;\">O evento de Ribeir\u00e3o Preto est\u00e1 sendo organizado pela Companhia de Desenvolvimento Econ\u00f4mico e ser\u00e1 na Associa\u00e7\u00e3o Comercial e Industrial daquela cidade.\u00a0 <\/span><span style=\"font-weight: 400;\">O objetivo do semin\u00e1rio \u00e9 discutir os rumos da TIC, as estruturas necess\u00e1rias para os novos desafios em uma cidade inteligente e as oportunidades de estruturar novas parcerias estrat\u00e9gicas entre empresas p\u00fablicas e privadas abertas pela Lei das Estatais. <\/span><span style=\"font-weight: 400;\">Deve reunir dirigentes de empresas p\u00fablicas municipais e estaduais, empres\u00e1rios que oferecem solu\u00e7\u00f5es para o setor p\u00fablico, comunidade acad\u00eamica, colaboradores de empresas estatais, etc. <\/span><span style=\"font-weight: 400;\">A abertura ser\u00e1 feita pelo prefeito de Ribeir\u00e3o Preto, Duarte Nogueira, seguida de palestras. <\/span><\/p>\n<p><span style=\"font-weight: 400;\">Marquezi falar\u00e1 sobre o processo de \u2018Transforma\u00e7\u00e3o: Experi\u00eancia de algumas Estatais\u2019, junto com Carlos Andr\u00e9 de Maria de Arruda, presidente da Companhia de Processamento de Dados do Estado de S\u00e3o Paulo (PRODESP);\u00a0 Kleber Geraldino R. dos Santos, da Empresa Matogrossense de Tecnologia da Informa\u00e7\u00e3o (MTI) e Maur\u00edcio Jorge Freitas Superintendente Jur\u00eddico da Companhia de Saneamento B\u00e1sico do Estado de S\u00e3o Paulo (SABESP). <\/span><span style=\"font-weight: 400;\">A tarde, ser\u00e1 a vez de pain\u00e9is com o professor de Inova\u00e7\u00e3o, Gil Giardelli, Aur\u00edlio S\u00e9rgio Caiado, diretor-presidente da Coderp e\u00a0 Fabr\u00edcio da Mota Alves, advogado e ex-assessor T\u00e9cnico no Senado Federal.<\/span><\/p>\n<p><strong>Em Bras\u00edlia<br \/>\n<\/strong><span style=\"font-weight: 400;\">No \u2018Transformation Day For Public Sector\u2019 ser\u00e1 discutido os pr\u00f3ximos passos na inova\u00e7\u00e3o do setor p\u00fablico e quais os impactos da cultura organizacional na transforma\u00e7\u00e3o das empresas e \u00f3rg\u00e3os. Nesse evento, Marquezi tamb\u00e9m vai apresentar as solu\u00e7\u00f5es desenvolvidas em Jundia\u00ed, especialmente, os projetos em parceria com a Oracle, empresa mundial de tecnologia. <\/span><\/p>\n<p><span style=\"font-weight: 400;\">\u201cNosso trabalho est\u00e1 se tornando refer\u00eancia e muitas cidades t\u00eam nos procurado para conhecer nossas solu\u00e7\u00f5es. A transforma\u00e7\u00e3o digital na administra\u00e7\u00e3o p\u00fablica, especialmente em Jundia\u00ed, tem um \u00fanico objetivo: melhorar a vida do cidad\u00e3o. Isso faz parte do plano de governo do prefeito Luiz Fernando Machado que estamos, desde 2017, colocando em pr\u00e1tica. O empoderamento das pessoas com a tecnologia garante maior responsabilidade com os gastos p\u00fablicos e efici\u00eancia ao servi\u00e7o prestado\u201d, finaliza Marquezi.\u00a0\u00a0<\/span><\/p>\n<p><strong>Assessoria de Imprensa<\/strong><br \/>\n<strong>Fotos: Fot\u00f3grafos PMJ<\/strong><\/p>\n","protected":false},"excerpt":{"rendered":"<p>O uso da tecnologia em Jundia\u00ed ser\u00e1 tema de discuss\u00e3o em dois importantes encontros que v\u00e3o acontecer em Ribeir\u00e3o Preto e Bras\u00edlia, dias 29 de novembro e 5 de dezembro, respectivamente. Para mostrar a transforma\u00e7\u00e3o digital da cidade, o presidente da Companhia de Inform\u00e1tica de Jundia\u00ed (Cijun), Amauri Marquezi, falar\u00e1 das solu\u00e7\u00f5es tecnol\u00f3gicas desenvolvidas e [&hellip;]<\/p>\n","protected":false},"author":58,"featured_media":234107,"comment_status":"closed","ping_status":"closed","sticky":false,"template":"","format":"standard","meta":{"footnotes":""},"categories":[2],"tags":[235,1414],"ods":[],"class_list":["post-239632","post","type-post","status-publish","format-standard","has-post-thumbnail","hentry","category-noticias","tag-companhia-de-informatica-de-jundiai-cijun","tag-tic"],"_links":{"self":[{"href":"https:\/\/jundiai.sp.gov.br\/noticias\/wp-json\/wp\/v2\/posts\/239632","targetHints":{"allow":["GET"]}}],"collection":[{"href":"https:\/\/jundiai.sp.gov.br\/noticias\/wp-json\/wp\/v2\/posts"}],"about":[{"href":"https:\/\/jundiai.sp.gov.br\/noticias\/wp-json\/wp\/v2\/types\/post"}],"author":[{"embeddable":true,"href":"https:\/\/jundiai.sp.gov.br\/noticias\/wp-json\/wp\/v2\/users\/58"}],"replies":[{"embeddable":true,"href":"https:\/\/jundiai.sp.gov.br\/noticias\/wp-json\/wp\/v2\/comments?post=239632"}],"version-history":[{"count":14,"href":"https:\/\/jundiai.sp.gov.br\/noticias\/wp-json\/wp\/v2\/posts\/239632\/revisions"}],"predecessor-version":[{"id":239643,"href":"https:\/\/jundiai.sp.gov.br\/noticias\/wp-json\/wp\/v2\/posts\/239632\/revisions\/239643"}],"wp:featuredmedia":[{"embeddable":true,"href":"https:\/\/jundiai.sp.gov.br\/noticias\/wp-json\/wp\/v2\/media\/234107"}],"wp:attachment":[{"href":"https:\/\/jundiai.sp.gov.br\/noticias\/wp-json\/wp\/v2\/media?parent=239632"}],"wp:term":[{"taxonomy":"category","embeddable":true,"href":"https:\/\/jundiai.sp.gov.br\/noticias\/wp-json\/wp\/v2\/categories?post=239632"},{"taxonomy":"post_tag","embeddable":true,"href":"https:\/\/jundiai.sp.gov.br\/noticias\/wp-json\/wp\/v2\/tags?post=239632"},{"taxonomy":"ods","embeddable":true,"href":"https:\/\/jundiai.sp.gov.br\/noticias\/wp-json\/wp\/v2\/ods?post=239632"}],"curies":[{"name":"wp","href":"https:\/\/api.w.org\/{rel}","templated":true}]}}