{"id":239752,"date":"2019-11-26T19:00:51","date_gmt":"2019-11-26T21:00:51","guid":{"rendered":"https:\/\/jundiai.sp.gov.br\/noticias\/?p=239752"},"modified":"2019-11-26T19:02:18","modified_gmt":"2019-11-26T21:02:18","slug":"jundiai-364-anos-polytheama-traz-programacao-especial-em-dezembro","status":"publish","type":"post","link":"https:\/\/jundiai.sp.gov.br\/noticias\/2019\/11\/26\/jundiai-364-anos-polytheama-traz-programacao-especial-em-dezembro\/","title":{"rendered":"Jundia\u00ed 364 anos: Polytheama traz programa\u00e7\u00e3o especial em dezembro"},"content":{"rendered":"<p>Para comemorar os anivers\u00e1rios de 364 anos de Jundia\u00ed e os 108 anos do Polytheama, o teatro preparou uma programa\u00e7\u00e3o especial para o m\u00eas de dezembro, que traz espet\u00e1culos de dan\u00e7a, m\u00fasica, cantata e teatro.<\/p>\n<p>Al\u00e9m dos espet\u00e1culos das academias de dan\u00e7a pelo programa \u201cVitrine da Dan\u00e7a 2019\u201d e demais atra\u00e7\u00f5es, ser\u00e1 destaque o espet\u00e1culo em comemora\u00e7\u00e3o ao anivers\u00e1rio do Teatro e de Jundia\u00ed, que ser\u00e1 apresentado no dia 13 e reapresentado no dia 14, \u00e0s 20h. Para o espet\u00e1culo, Coral Municipal, Orquestra Municipal de Jundia\u00ed (OMJ), Cia. de Teatro e Cia. Jovem de Dan\u00e7a se unem para uma apresenta\u00e7\u00e3o especial em homenagem aos aniversariantes.<\/p>\n<p>Os ingressos gratuitos para o espet\u00e1culo ser\u00e3o distribu\u00eddos na bilheteria do teatro a partir do dia 12, \u00e0s 10h e nos dias 13 e 14, tamb\u00e9m a partir das 10h at\u00e9 o hor\u00e1rio do espet\u00e1culo ou enquanto durarem os ingressos. Cada adulto na fila poder\u00e1 retirar at\u00e9 duas entradas.<\/p>\n<p>O Teatro Polytheama fica na rua Bar\u00e3o de Jundia\u00ed, 176, Centro, e os telefones para contato s\u00e3o (11) 4586-2472 e 4522-0770. A bilheteria do teatro fica aberta de ter\u00e7a a sexta-feira, das 10h \u00e0s 20h, e ao s\u00e1bados, domingos e feriados, das 10h \u00e0s 17h, somente em dias de espet\u00e1culo.<\/p>\n<div id=\"attachment_239763\" style=\"width: 1034px\" class=\"wp-caption aligncenter\"><img loading=\"lazy\" decoding=\"async\" aria-describedby=\"caption-attachment-239763\" class=\"size-large wp-image-239763\" src=\"https:\/\/jundiai.sp.gov.br\/noticias\/wp-content\/uploads\/sites\/32\/2019\/11\/concerto_orquestra_com_a_cia_danca-283-1280x874.jpg\" alt=\"Palco de teatro, com apresenta\u00e7\u00e3o de bailarinos, e de orquestra abaixo\" width=\"1024\" height=\"699\" srcset=\"https:\/\/jundiai.sp.gov.br\/noticias\/wp-content\/uploads\/sites\/32\/2019\/11\/concerto_orquestra_com_a_cia_danca-283-1280x874.jpg 1280w, https:\/\/jundiai.sp.gov.br\/noticias\/wp-content\/uploads\/sites\/32\/2019\/11\/concerto_orquestra_com_a_cia_danca-283-300x205.jpg 300w, https:\/\/jundiai.sp.gov.br\/noticias\/wp-content\/uploads\/sites\/32\/2019\/11\/concerto_orquestra_com_a_cia_danca-283-768x524.jpg 768w, https:\/\/jundiai.sp.gov.br\/noticias\/wp-content\/uploads\/sites\/32\/2019\/11\/concerto_orquestra_com_a_cia_danca-283.jpg 1323w\" sizes=\"auto, (max-width: 1024px) 100vw, 1024px\" \/><p id=\"caption-attachment-239763\" class=\"wp-caption-text\">Corpos art\u00edsticos se unem em apresenta\u00e7\u00e3o para homenagear os anivers\u00e1rios do Polytheama e de Jundia\u00ed<\/p><\/div>\n<p><strong>Confira a programa\u00e7\u00e3o completa<\/strong><\/p>\n<p><strong>01\/12 (domingo) \u2013 19h<\/strong><br \/>\nVitrine da Dan\u00e7a: A Volta ao Mundo \u2013 Monalisa Pizzolato<br \/>\nClassifica\u00e7\u00e3o: Livre \/ Dura\u00e7\u00e3o: 165 minutos \/ G\u00eanero: Dan\u00e7a<br \/>\nIngressos: Plateia, Frisa e Camarote R$ 60,00 \/ Arquibancada R$ 40,00 &#8211; Desconto: Comprando antecipado na plateia o ingresso sai por R$ 50,00;<\/p>\n<p><strong>02\/12 (segunda feira) \u2013 20h<\/strong><br \/>\nS\u00edtio do Pica Pau Amarelo: Narizinho no Reino das \u00c1guas Claras &#8211; Apae<br \/>\nClassifica\u00e7\u00e3o: Livre \/ Dura\u00e7\u00e3o: 60 minutos \/ G\u00eanero: Dan\u00e7a<br \/>\nIngressos: Entrada Gratuita;<\/p>\n<p><strong>03\/12 (ter\u00e7a feira) \u2013 19h30<\/strong><br \/>\nVitrine da Dan\u00e7a: O Quebra Nozes \u2013 Dance Company<br \/>\nClassifica\u00e7\u00e3o: Livre \/ Dura\u00e7\u00e3o: 120 minutos \/ G\u00eanero: Dan\u00e7a<br \/>\nIngressos: Plateia R$ 34,00 \/ Frisas e camarotes R$ 40,00 \/ Arquibancada R$ 26,00<br \/>\nDescontos: R$ 4,00 nas compras antecipadas (meia entrada no valor do dia). Antecipados at\u00e9 02\/12;<\/p>\n<p><strong>04\/12 (quarta feira) \u2013 19h30<\/strong><br \/>\nCantata de Natal: O Verdadeiro do Natal \u2013 Escola Adventista<br \/>\nClassifica\u00e7\u00e3o: Livre \/ Dura\u00e7\u00e3o: 150 minutos \/ G\u00eanero: Dan\u00e7a<br \/>\nIngressos: Doa\u00e7\u00e3o de 1kg de alimento;<\/p>\n<p><strong>05\/12 (quinta feira) &#8211; 19h30<\/strong><br \/>\nVitrine da Dan\u00e7a: Contos da Floresta \u2013 Clube Jundiaiense<br \/>\nClassifica\u00e7\u00e3o: Livre \/ Dura\u00e7\u00e3o: 90 minutos \/ G\u00eanero: Dan\u00e7a<br \/>\nIngressos: Plateia R$45,00 \/ Frisas e Camarotes R$ 60,00 \/ Arquibancada R$ 30,00;<\/p>\n<p><strong>06\/12 (sexta feira) &#8211; 19h30<\/strong><br \/>\nVitrine da Dan\u00e7a: Nem Tudo Est\u00e1 Azul no Pa\u00eds Azul \u2013 Ballet Teatro<br \/>\nClassifica\u00e7\u00e3o: Livre \/ Dura\u00e7\u00e3o: 120 minutos \/ G\u00eanero: Dan\u00e7a<br \/>\nIngressos: Plateia R$50,00 \/ Frisas e camarotes R$55,00 \/ Arquibancada R$ 40,00<br \/>\nDescontos: 50% de desconto de 07 a 22\/11. A partir de 23\/11 valor inteiro;<\/p>\n<p><strong>07\/12 (s\u00e1bado) &#8211; 19h30<\/strong><br \/>\nVitrine da Dan\u00e7a: Ess\u00eancia \u2013 Col\u00e9gio Ser!<br \/>\nClassifica\u00e7\u00e3o: Livre \/ Dura\u00e7\u00e3o: 120 minutos \/ G\u00eanero: Dan\u00e7a<br \/>\nIngressos: Plateia R$50,00 \/ Frisas e camarotes R$ 65,00 \/ Arquibancada R$ 40,00;<\/p>\n<p><strong>08\/12 (domingo) &#8211; 19h<\/strong><br \/>\nVitrine da Dan\u00e7a: Tarzan, A Lenda da Floresta Encantada \u2013 Baillare<br \/>\nClassifica\u00e7\u00e3o: Livre \/ Dura\u00e7\u00e3o: 150 minutos \/ G\u00eanero: Dan\u00e7a<br \/>\nIngressos: Plateia e Arquibancada R$58,00 \/ Frisas e Camarotes R$70,00;<\/p>\n<p><strong>13\/12 (sexta feira) \u2013 20h<\/strong><br \/>\nEspet\u00e1culo Especial de Anivers\u00e1rio<br \/>\nIngressos: Entrada Gratuita. Entrega dos ingressos na bilheteria do teatro um dia antes, a partir das 10h;<\/p>\n<p><strong>14\/12 (s\u00e1bado) \u2013 20h<\/strong><br \/>\nReapresenta\u00e7\u00e3o \u2013 Espet\u00e1culo Especial de Anivers\u00e1rio<br \/>\nIngressos: Entrada Gratuita. Entrega dos ingressos na bilheteria do teatro um dia antes, a partir das 10h;<\/p>\n<p><strong>15\/12 (domingo) &#8211; 19h<\/strong><br \/>\nVitrine da Dan\u00e7a: Elas e Suas Mem\u00f3rias \u2013 Studio La Danse<br \/>\nClassifica\u00e7\u00e3o: Livre \/ Dura\u00e7\u00e3o: 120 minutos \/ G\u00eanero: Dan\u00e7a<br \/>\nIngressos: Plateia R$ 60,00 \/ Frisas e Camarotes R$ 70,00 \/ Arquibancada R$ 40,00;<\/p>\n<p><strong>16\/12 (segunda-feira) &#8211; 20h<\/strong><br \/>\nTributo ao Queen \u2013 Bem Te Vi<br \/>\nClassifica\u00e7\u00e3o: Livre \/ Dura\u00e7\u00e3o: 120 minutos \/ G\u00eanero: Musical<br \/>\nIngressos: Entrada Gratuita;<\/p>\n<p><strong>17\/12 (ter\u00e7a-feira) &#8211; 20h<\/strong><br \/>\nConcerto Natalino \u2013 Assembleia de Deus<br \/>\nClassifica\u00e7\u00e3o: Livre \/ Dura\u00e7\u00e3o: 120 minutos \/ G\u00eanero: Musical<br \/>\nIngressos: Entrada Gratuita;<\/p>\n<p><strong>18\/12 (quarta-feira) &#8211; 19h30<\/strong><br \/>\nVitrine da Dan\u00e7a: Meu Pedacinho de Ch\u00e3o \u2013 Premiere Studio de Dan\u00e7a<br \/>\nClassifica\u00e7\u00e3o: Livre \/ Dura\u00e7\u00e3o: 120 minutos \/ G\u00eanero: Dan\u00e7a<br \/>\nIngressos: Plateia R$ 50,00 \/ Frisas e Camarotes R$60,00 \/ Arquibancada R$40,00;<\/p>\n<p><strong>19\/12 (quinta feira) &#8211; 19h30<\/strong><br \/>\nVitrine da Dan\u00e7a: Ent\u00e3o \u00e9 Natal! \u2013 Ana Paula Aguiar Dan\u00e7a<br \/>\nClassifica\u00e7\u00e3o: Livre \/ Dura\u00e7\u00e3o: 90 minutos \/ G\u00eanero: Dan\u00e7a<br \/>\nIngressos: Plateia R$40,00 \/ Frisas e Camarotes R$ 50,00 \/ Arquibancada R$30,00;<\/p>\n<p><strong>20\/12 (sexta-feira) &#8211; 19h30<\/strong><br \/>\nVitrine da Dan\u00e7a: Branca de Neve e as 7 Bailarinas \u2013 PIO X<br \/>\nClassifica\u00e7\u00e3o: Livre \/ Dura\u00e7\u00e3o: 110 minutos \/ G\u00eanero: Dan\u00e7a<br \/>\nIngressos: Plateia R$55,00 \/ Frisas e Camarotes R$65,00 \/ Arquibancada R$30,00;<\/p>\n<p><strong>21\/12 (s\u00e1bado) \u2013 20h30<\/strong><br \/>\nF\u00e1bio Zanon convida Nicolas Porto &#8211; Projeto Viol\u00f5es Brasileiros<br \/>\nClassifica\u00e7\u00e3o: Livre \/G\u00eanero: Show<br \/>\nIngressos: Entrada Gratuita. Entrega dos ingressos na bilheteria do teatro um dia antes, a partir das 10h.<\/p>\n<p><strong>Assessoria de Imprensa<br \/>\nFoto: Arquivo PMJ<\/strong><\/p>\n","protected":false},"excerpt":{"rendered":"<p>Coral, Orquestra, Cia. de Teatro e Cia. Jovem de Dan\u00e7a fazem uma apresenta\u00e7\u00e3o juntos em homenagem ao teatro e \u00e0 cidade, que comemoram anivers\u00e1rio nos dias 13 e 14<\/p>\n","protected":false},"author":14,"featured_media":239763,"comment_status":"closed","ping_status":"closed","sticky":false,"template":"","format":"standard","meta":{"footnotes":""},"categories":[2],"tags":[1130,812,275,29,1415,307,98,867],"ods":[],"class_list":["post-239752","post","type-post","status-publish","format-standard","has-post-thumbnail","hentry","category-noticias","tag-cia-jovem-de-danca","tag-companhia-de-teatro-de-jundiai","tag-coral-municipal-de-jundiai","tag-cultura","tag-jundiai-364-anos","tag-orquestra-municipal-de-jundiai","tag-teatro-polytheama","tag-vitrine-da-danca"],"_links":{"self":[{"href":"https:\/\/jundiai.sp.gov.br\/noticias\/wp-json\/wp\/v2\/posts\/239752","targetHints":{"allow":["GET"]}}],"collection":[{"href":"https:\/\/jundiai.sp.gov.br\/noticias\/wp-json\/wp\/v2\/posts"}],"about":[{"href":"https:\/\/jundiai.sp.gov.br\/noticias\/wp-json\/wp\/v2\/types\/post"}],"author":[{"embeddable":true,"href":"https:\/\/jundiai.sp.gov.br\/noticias\/wp-json\/wp\/v2\/users\/14"}],"replies":[{"embeddable":true,"href":"https:\/\/jundiai.sp.gov.br\/noticias\/wp-json\/wp\/v2\/comments?post=239752"}],"version-history":[{"count":9,"href":"https:\/\/jundiai.sp.gov.br\/noticias\/wp-json\/wp\/v2\/posts\/239752\/revisions"}],"predecessor-version":[{"id":239828,"href":"https:\/\/jundiai.sp.gov.br\/noticias\/wp-json\/wp\/v2\/posts\/239752\/revisions\/239828"}],"wp:featuredmedia":[{"embeddable":true,"href":"https:\/\/jundiai.sp.gov.br\/noticias\/wp-json\/wp\/v2\/media\/239763"}],"wp:attachment":[{"href":"https:\/\/jundiai.sp.gov.br\/noticias\/wp-json\/wp\/v2\/media?parent=239752"}],"wp:term":[{"taxonomy":"category","embeddable":true,"href":"https:\/\/jundiai.sp.gov.br\/noticias\/wp-json\/wp\/v2\/categories?post=239752"},{"taxonomy":"post_tag","embeddable":true,"href":"https:\/\/jundiai.sp.gov.br\/noticias\/wp-json\/wp\/v2\/tags?post=239752"},{"taxonomy":"ods","embeddable":true,"href":"https:\/\/jundiai.sp.gov.br\/noticias\/wp-json\/wp\/v2\/ods?post=239752"}],"curies":[{"name":"wp","href":"https:\/\/api.w.org\/{rel}","templated":true}]}}