{"id":239883,"date":"2019-11-27T17:38:55","date_gmt":"2019-11-27T19:38:55","guid":{"rendered":"https:\/\/jundiai.sp.gov.br\/noticias\/?p=239883"},"modified":"2019-11-27T17:55:16","modified_gmt":"2019-11-27T19:55:16","slug":"patrulha-maria-da-penha-ganha-destaque-durante-forum-regional-de-seguranca-municipal","status":"publish","type":"post","link":"https:\/\/jundiai.sp.gov.br\/noticias\/2019\/11\/27\/patrulha-maria-da-penha-ganha-destaque-durante-forum-regional-de-seguranca-municipal\/","title":{"rendered":"Patrulha Maria da Penha ganha destaque durante F\u00f3rum Regional de Seguran\u00e7a Municipal"},"content":{"rendered":"<div id=\"attachment_239884\" style=\"width: 970px\" class=\"wp-caption aligncenter\"><img loading=\"lazy\" decoding=\"async\" aria-describedby=\"caption-attachment-239884\" class=\"size-full wp-image-239884\" src=\"https:\/\/jundiai.sp.gov.br\/noticias\/wp-content\/uploads\/sites\/32\/2019\/11\/gm-melo-forum-de-seguranca-2-novembro-de-2019.jpg\" alt=\"\" width=\"960\" height=\"1280\" srcset=\"https:\/\/jundiai.sp.gov.br\/noticias\/wp-content\/uploads\/sites\/32\/2019\/11\/gm-melo-forum-de-seguranca-2-novembro-de-2019.jpg 960w, https:\/\/jundiai.sp.gov.br\/noticias\/wp-content\/uploads\/sites\/32\/2019\/11\/gm-melo-forum-de-seguranca-2-novembro-de-2019-300x400.jpg 300w, https:\/\/jundiai.sp.gov.br\/noticias\/wp-content\/uploads\/sites\/32\/2019\/11\/gm-melo-forum-de-seguranca-2-novembro-de-2019-768x1024.jpg 768w, https:\/\/jundiai.sp.gov.br\/noticias\/wp-content\/uploads\/sites\/32\/2019\/11\/gm-melo-forum-de-seguranca-2-novembro-de-2019-720x960.jpg 720w\" sizes=\"auto, (max-width: 960px) 100vw, 960px\" \/><p id=\"caption-attachment-239884\" class=\"wp-caption-text\">GM Melo, coordenadora do Programa, conta com mais tr\u00eas integrantes na equipe que atuam diariamente no cumprimento de medidas protetivas \u00e0 mulher v\u00edtima de viol\u00eancia dom\u00e9stica<\/p><\/div>\n<p>Evento realizado pelo F\u00f3rum Regional de Com\u00e9rcio Ind\u00fastria e Servi\u00e7os de Jundia\u00ed e Regi\u00e3o (Forcis), na Universidade Paulista, em Jundia\u00ed, reuniu 29 entidades da sociedade civil, abordando o tema \u201cF\u00f3rum Regional de Seguran\u00e7a P\u00fablica \u2013 Pertencimento\u201d \u2013 para discutir quatro eixos tem\u00e1ticos, diretamente relacionados ao dia a dia na regi\u00e3o (assuntos de abordagem nacional) &#8211;\u00a0 mostrar a import\u00e2ncia do envolvimento do poder p\u00fablico e tamb\u00e9m a sociedade civil, e que contou com as presen\u00e7as do titular da Unidade de Gest\u00e3o de Seguran\u00e7a P\u00fablica, Paulo Sergio de Lemos Giacomelli Stel (Jac\u00f3), e o inspetor Benedito Marcos Moreno \u2013 comandante da Guarda Municipal de Jundia\u00ed. A Patrulha Guardi\u00e3 Maria da Penha apresentou o Painel Medidas de Prote\u00e7\u00e3o \u00e0 Mulher.<\/p>\n<p>Representantes de diferentes segmentos e for\u00e7as policiais debateram temas de seguran\u00e7a e sa\u00fade p\u00fablica nos sete munic\u00edpios que comp\u00f5em o Aglomerado Urbano de Jundia\u00ed: Cabre\u00fava, Campo Limpo Paulista, Itupeva, Jarinu, Jundia\u00ed, Louveira e V\u00e1rzea Paulista.<\/p>\n<p>Criada h\u00e1 quatro meses em Jundia\u00ed, o grupamento especializado da Guarda Municipal de Jundia\u00ed \u2013 a Patrulha Guardi\u00e3 Maria da Penha &#8211; j\u00e1 registra resultados muito significativos, inclusive com repercuss\u00e3o na regi\u00e3o que integra o Aglomerado: de 15 de julho a 22 de novembro, foram conferidas 108 Medidas Protetivas relacionadas \u00e0s mulheres v\u00edtimas de viol\u00eancia dom\u00e9stica \u2013 com 25 descumprimentos por parte dos agressores; 12 autores em flagrante conduzidos ao Distrito Policial, com 3 pris\u00f5es; numa rotina di\u00e1ria que resultou em 882 patrulhamentos efetivados pela equipe coordenada pela GM Melo, tamb\u00e9m com a GM Dur\u00e3es, e os GMs Pontes e Carvalho.<\/p>\n<p>\u201cAl\u00e9m da equipe especializada, a Guarda Municipal de Jundia\u00ed capacitou em 100% todo o restante de seu efetivo para o atendimento \u00e0s meninas e mulheres v\u00edtimas de viol\u00eancia ou familiar, em conformidade com as diretrizes internacionais dos Direitos Humanos das Mulheres. O Minist\u00e9rio P\u00fablico \u00e9 o idealizador da proposta, tendo a Guarda Municipal como executora, e a Rede de Atendimento no apoio: Sa\u00fade, Educa\u00e7\u00e3o, Assist\u00eancia e Desenvolvimento Social; e os importantes parceiros: Pol\u00edcia Civil (Delegacia de Defesa da Mulher, Delegacias de \u00c1rea e Plant\u00e3o Policial), Defensoria P\u00fablica, Poder Judici\u00e1rio. Participando ativamente da realidade preocupante que assola as mulheres agredidas, atuando em tempo real, pode-se afirmar que a viol\u00eancia dom\u00e9stica \u00e9 democr\u00e1tica: n\u00e3o escolhe situa\u00e7\u00e3o, grau de escolaridade, local onde se mora, enfim, \u00e9 muito preocupante.<\/p>\n<p>\u00c9 poss\u00edvel mudar este cen\u00e1rio, reverter uma situa\u00e7\u00e3o que se instalou devido a uma cultura que vem se agravando ao longo da hist\u00f3ria; o enfrentamento \u00e0 viol\u00eancia contra a mulher. \u00c9 preciso que os homens olhem para as mulheres como companheiras, saibam escutar e compreender\u201d, destacou a GM Melo que esteve acompanhada da advogada Sueli Amoedo \u2013 coordenadora dos Direitos da Mulher\/Secretaria Municipal da Sa\u00fade\/Prefeitura Municipal de Tabo\u00e3o da Serra, coordenadora da equipe t\u00e9cnica do projeto Tempo de Despertar, para ressocializa\u00e7\u00e3o do autor de viol\u00eancia dom\u00e9stica e familiar contra a mulher. A equipe Patrulha Guardi\u00e3 Maria da Penha, de Jundia\u00ed passou por capacita\u00e7\u00e3o e aperfei\u00e7oamento profissional em Tabo\u00e3o da Serra para a cria\u00e7\u00e3o do setor especializado.<\/p>\n<p>&nbsp;<\/p>\n<p><strong>Assessoria de Imprensa GMJ<\/strong><\/p>\n<p><strong>Foto: Patrulha Guardi\u00e3 Maria da Penha\u00a0 \u00a0 \u00a0<\/strong><\/p>\n","protected":false},"excerpt":{"rendered":"<p>Evento realizado pelo F\u00f3rum Regional de Com\u00e9rcio Ind\u00fastria e Servi\u00e7os de Jundia\u00ed e Regi\u00e3o (Forcis), na Universidade Paulista, em Jundia\u00ed, reuniu 29 entidades da sociedade civil, abordando o tema \u201cF\u00f3rum Regional de Seguran\u00e7a P\u00fablica \u2013 Pertencimento\u201d \u2013 para discutir quatro eixos tem\u00e1ticos, diretamente relacionados ao dia a dia na regi\u00e3o (assuntos de abordagem nacional) &#8211;\u00a0 [&hellip;]<\/p>\n","protected":false},"author":48,"featured_media":0,"comment_status":"closed","ping_status":"closed","sticky":false,"template":"","format":"standard","meta":{"footnotes":""},"categories":[2],"tags":[1419,1164,1231],"ods":[],"class_list":["post-239883","post","type-post","status-publish","format-standard","hentry","category-noticias","tag-aglomerado-urbano-de-jundiai-auj","tag-patrulha-guardia-maria-da-penha","tag-unidade-de-gestao-de-seguranca-municipal-ugsm"],"_links":{"self":[{"href":"https:\/\/jundiai.sp.gov.br\/noticias\/wp-json\/wp\/v2\/posts\/239883","targetHints":{"allow":["GET"]}}],"collection":[{"href":"https:\/\/jundiai.sp.gov.br\/noticias\/wp-json\/wp\/v2\/posts"}],"about":[{"href":"https:\/\/jundiai.sp.gov.br\/noticias\/wp-json\/wp\/v2\/types\/post"}],"author":[{"embeddable":true,"href":"https:\/\/jundiai.sp.gov.br\/noticias\/wp-json\/wp\/v2\/users\/48"}],"replies":[{"embeddable":true,"href":"https:\/\/jundiai.sp.gov.br\/noticias\/wp-json\/wp\/v2\/comments?post=239883"}],"version-history":[{"count":9,"href":"https:\/\/jundiai.sp.gov.br\/noticias\/wp-json\/wp\/v2\/posts\/239883\/revisions"}],"predecessor-version":[{"id":239898,"href":"https:\/\/jundiai.sp.gov.br\/noticias\/wp-json\/wp\/v2\/posts\/239883\/revisions\/239898"}],"wp:attachment":[{"href":"https:\/\/jundiai.sp.gov.br\/noticias\/wp-json\/wp\/v2\/media?parent=239883"}],"wp:term":[{"taxonomy":"category","embeddable":true,"href":"https:\/\/jundiai.sp.gov.br\/noticias\/wp-json\/wp\/v2\/categories?post=239883"},{"taxonomy":"post_tag","embeddable":true,"href":"https:\/\/jundiai.sp.gov.br\/noticias\/wp-json\/wp\/v2\/tags?post=239883"},{"taxonomy":"ods","embeddable":true,"href":"https:\/\/jundiai.sp.gov.br\/noticias\/wp-json\/wp\/v2\/ods?post=239883"}],"curies":[{"name":"wp","href":"https:\/\/api.w.org\/{rel}","templated":true}]}}