{"id":239922,"date":"2019-11-27T19:32:39","date_gmt":"2019-11-27T21:32:39","guid":{"rendered":"https:\/\/jundiai.sp.gov.br\/noticias\/?p=239922"},"modified":"2019-11-27T19:33:31","modified_gmt":"2019-11-27T21:33:31","slug":"cultura-realiza-capacitacao-para-inclusao-de-projetos-do-cadastro-de-artistas","status":"publish","type":"post","link":"https:\/\/jundiai.sp.gov.br\/noticias\/2019\/11\/27\/cultura-realiza-capacitacao-para-inclusao-de-projetos-do-cadastro-de-artistas\/","title":{"rendered":"Cultura realiza capacita\u00e7\u00e3o para inclus\u00e3o de projetos do \u201cCadastro de Artistas\u201d"},"content":{"rendered":"<p>A Unidade de Gest\u00e3o de Cultura (UGC) realiza na pr\u00f3xima ter\u00e7a-feira (03), \u00e0s 19h, mas uma edi\u00e7\u00e3o do Caf\u00e9 com Artistas. O encontro, que ser\u00e1 realizado no Complexo Fepasa, ser\u00e1 uma ocasi\u00e3o para que artistas e produtores culturais possam tirar suas d\u00favidas em rela\u00e7\u00e3o ao Cadastro de Artistas e \u00e0 inclus\u00e3o de projetos para contrata\u00e7\u00e3o da Prefeitura para eventos da agenda cultural do Munic\u00edpio. <\/p>\n<p>Lan\u00e7ado pela Prefeitura em fevereiro de 2017, o Cadastro de Artistas era uma antiga reivindica\u00e7\u00e3o da classe art\u00edstica da cidade e foi desenvolvido pela Cultura em parceria com a Companhia de Inform\u00e1tica de Jundia\u00ed (Cijun). Por meio desse banco de projetos art\u00edsticos de variadas linguagens, n\u00e3o s\u00f3 os artistas divulgam seu trabalho, mas tamb\u00e9m interessados em contrat\u00e1-los podem visitar seu perfil, trabalho desenvolvido e portf\u00f3lio. Atualmente, h\u00e1 mais de 1200 artistas inscritos.<\/p>\n<p>Segundo o diretor do Departamento de Cultura da UGC, Jo\u00e3o Carlos De Luca, a proposta \u00e9 garantir o uso otimizado da ferramenta online. \u201cPara que a Prefeitura contrate os artistas, \u00e9 necess\u00e1rio que eles, al\u00e9m de fazerem o registro no site, incluam o trabalho deles no ambiente de \u2018projetos\u2019. E notamos que muitos dos artistas cadastrados se esquecem de incluir seus projetos. Por isso, com a Festa da Uva chegando, esta ser\u00e1 uma oportunidade para que os artistas tirem suas d\u00favidas e incluam seus projetos do modo adequado para contrata\u00e7\u00e3o\u201d.<\/p>\n<div id=\"attachment_239924\" style=\"width: 1034px\" class=\"wp-caption aligncenter\"><img loading=\"lazy\" decoding=\"async\" aria-describedby=\"caption-attachment-239924\" src=\"https:\/\/jundiai.sp.gov.br\/noticias\/wp-content\/uploads\/sites\/32\/2019\/11\/festa_da_uva-1280x853.jpg\" alt=\"Plateia assistindo a uma apresenta\u00e7\u00e3o musical em palco\" width=\"1024\" height=\"682\" class=\"size-large wp-image-239924\" srcset=\"https:\/\/jundiai.sp.gov.br\/noticias\/wp-content\/uploads\/sites\/32\/2019\/11\/festa_da_uva-1280x853.jpg 1280w, https:\/\/jundiai.sp.gov.br\/noticias\/wp-content\/uploads\/sites\/32\/2019\/11\/festa_da_uva-300x200.jpg 300w, https:\/\/jundiai.sp.gov.br\/noticias\/wp-content\/uploads\/sites\/32\/2019\/11\/festa_da_uva-768x512.jpg 768w, https:\/\/jundiai.sp.gov.br\/noticias\/wp-content\/uploads\/sites\/32\/2019\/11\/festa_da_uva-450x300.jpg 450w, https:\/\/jundiai.sp.gov.br\/noticias\/wp-content\/uploads\/sites\/32\/2019\/11\/festa_da_uva.jpg 1323w\" sizes=\"auto, (max-width: 1024px) 100vw, 1024px\" \/><p id=\"caption-attachment-239924\" class=\"wp-caption-text\">Contrata\u00e7\u00f5es de artistas para a Festa da Uva, por exemplo, s\u00e3o feitas a partir dos projetos do Cadastro<\/p><\/div>\n<p><strong>Assessoria de Imprensa<br \/>\nFoto: Fot\u00f3grafos PMJ<\/strong><\/p>\n","protected":false},"excerpt":{"rendered":"<p>Contrata\u00e7\u00f5es de artistas para a Festa da Uva, por exemplo, s\u00e3o feitas a partir dos projetos do Cadastro. Encontro ser\u00e1 no Complexo Fepasa nesta ter\u00e7a (03), \u00e0s 19h<\/p>\n","protected":false},"author":14,"featured_media":239924,"comment_status":"closed","ping_status":"closed","sticky":false,"template":"","format":"standard","meta":{"footnotes":""},"categories":[2],"tags":[1174,1421,1420,29,449],"ods":[],"class_list":["post-239922","post","type-post","status-publish","format-standard","has-post-thumbnail","hentry","category-noticias","tag-37a-festa-da-uva-e-8a-expo-vinhos","tag-cadastro-de-artistas","tag-cafe-com-artistas","tag-cultura","tag-espaco-expressa"],"_links":{"self":[{"href":"https:\/\/jundiai.sp.gov.br\/noticias\/wp-json\/wp\/v2\/posts\/239922","targetHints":{"allow":["GET"]}}],"collection":[{"href":"https:\/\/jundiai.sp.gov.br\/noticias\/wp-json\/wp\/v2\/posts"}],"about":[{"href":"https:\/\/jundiai.sp.gov.br\/noticias\/wp-json\/wp\/v2\/types\/post"}],"author":[{"embeddable":true,"href":"https:\/\/jundiai.sp.gov.br\/noticias\/wp-json\/wp\/v2\/users\/14"}],"replies":[{"embeddable":true,"href":"https:\/\/jundiai.sp.gov.br\/noticias\/wp-json\/wp\/v2\/comments?post=239922"}],"version-history":[{"count":3,"href":"https:\/\/jundiai.sp.gov.br\/noticias\/wp-json\/wp\/v2\/posts\/239922\/revisions"}],"predecessor-version":[{"id":239926,"href":"https:\/\/jundiai.sp.gov.br\/noticias\/wp-json\/wp\/v2\/posts\/239922\/revisions\/239926"}],"wp:featuredmedia":[{"embeddable":true,"href":"https:\/\/jundiai.sp.gov.br\/noticias\/wp-json\/wp\/v2\/media\/239924"}],"wp:attachment":[{"href":"https:\/\/jundiai.sp.gov.br\/noticias\/wp-json\/wp\/v2\/media?parent=239922"}],"wp:term":[{"taxonomy":"category","embeddable":true,"href":"https:\/\/jundiai.sp.gov.br\/noticias\/wp-json\/wp\/v2\/categories?post=239922"},{"taxonomy":"post_tag","embeddable":true,"href":"https:\/\/jundiai.sp.gov.br\/noticias\/wp-json\/wp\/v2\/tags?post=239922"},{"taxonomy":"ods","embeddable":true,"href":"https:\/\/jundiai.sp.gov.br\/noticias\/wp-json\/wp\/v2\/ods?post=239922"}],"curies":[{"name":"wp","href":"https:\/\/api.w.org\/{rel}","templated":true}]}}