{"id":239973,"date":"2019-11-28T16:05:11","date_gmt":"2019-11-28T18:05:11","guid":{"rendered":"https:\/\/jundiai.sp.gov.br\/noticias\/?p=239973"},"modified":"2019-11-28T16:32:46","modified_gmt":"2019-11-28T18:32:46","slug":"escola-inovadora-criancas-visitam-prefeito-e-contam-sobre-conquista-na-china","status":"publish","type":"post","link":"https:\/\/jundiai.sp.gov.br\/noticias\/2019\/11\/28\/escola-inovadora-criancas-visitam-prefeito-e-contam-sobre-conquista-na-china\/","title":{"rendered":"Escola Inovadora: Crian\u00e7as visitam prefeito e contam sobre conquista na China"},"content":{"rendered":"<p>Desde que desembarcaram, na ter\u00e7a-feira (26), no Aeroporto Internacional de Guarulhos, o dia a dia das seis crian\u00e7as jundiaienses medalhistas de bronze na 10\u00b0 World Mathematics Team Championship (WMTC), realizada em Beijing, na China, est\u00e3o de agenda cheia. Com entrevistas, grava\u00e7\u00f5es e visitas, como a de quinta-feira (28), ao Prefeito de Jundia\u00ed, Luiz Fernando Machado e equipe de gestores, no Pa\u00e7o Municipal. Empolgados, contaram como foi a viagem e conheceram as iniciativas educacionais da Prefeitura de Jundia\u00ed, a partir do Programa Escola Inovadora e da participa\u00e7\u00e3o do Munic\u00edpio na Rede Latino-Americana &#8211; Cidade das Crian\u00e7as.<\/p>\n<p>Acompanhados dos pais, Beatriz Alves Pereira, Melissa Isis Arcuri Marafante e Juan Pablo Fornaro dos Santos, estudantes do 4\u00ba Ano da EMEB Professor Joaquim Candel\u00e1rio de Freitas e Vict\u00f3ria Cristina Rodrigues, Camila Castilho Vieira e Arthur Oliveira da Silva, do 5\u00ba Ano da EMEB Aparecido Garcia foram recepcionados pelo Prefeito Luiz Fernando Machado e os gestores da Unidade de Gest\u00e3o de Governo e Finan\u00e7as (UGGF) Jos\u00e9 Antonio Parimoschi, Unidade de Gest\u00e3o de Educa\u00e7\u00e3o (UGE) Vasti Ferrari Marques e da Unidade de Gest\u00e3o de Inova\u00e7\u00e3o e Rela\u00e7\u00e3o com o Cidad\u00e3o (UGIRC) Thiago Maia. O vereador Arnaldo Ferreira de Moraes tamb\u00e9m participou do encontro.<\/p>\n<div id=\"attachment_240004\" style=\"width: 1333px\" class=\"wp-caption aligncenter\"><img loading=\"lazy\" decoding=\"async\" aria-describedby=\"caption-attachment-240004\" class=\"size-full wp-image-240004\" src=\"https:\/\/jundiai.sp.gov.br\/noticias\/wp-content\/uploads\/sites\/32\/2019\/11\/gabinete_missao_china-125.jpg\" alt=\"\" width=\"1323\" height=\"836\" srcset=\"https:\/\/jundiai.sp.gov.br\/noticias\/wp-content\/uploads\/sites\/32\/2019\/11\/gabinete_missao_china-125.jpg 1323w, https:\/\/jundiai.sp.gov.br\/noticias\/wp-content\/uploads\/sites\/32\/2019\/11\/gabinete_missao_china-125-300x190.jpg 300w, https:\/\/jundiai.sp.gov.br\/noticias\/wp-content\/uploads\/sites\/32\/2019\/11\/gabinete_missao_china-125-768x485.jpg 768w, https:\/\/jundiai.sp.gov.br\/noticias\/wp-content\/uploads\/sites\/32\/2019\/11\/gabinete_missao_china-125-1280x809.jpg 1280w\" sizes=\"auto, (max-width: 1323px) 100vw, 1323px\" \/><p id=\"caption-attachment-240004\" class=\"wp-caption-text\">Crian\u00e7as jundiaienses que participaram da Olimp\u00edada de Matem\u00e1tica na China foram recepcionadas pelo Prefeito Luiz Fernando Machado e gestores da Prefeitura de Jundia\u00ed<\/p><\/div>\n<p>&#8220;Voc\u00eas s\u00e3o orgulho de toda a cidade de Jundia\u00ed e a conquista da medalha de bronze tem impacto de ouro, promovendo a autoestima, servindo de exemplo e incentivo para toda uma gera\u00e7\u00e3o. S\u00e3o conquistas que mostram a qualidade do ensino municipalizado, que \u00e9 um sonho estend\u00ea-lo para al\u00e9m do ensino fundamental&#8221;, comentou o Prefeito Luiz Fernando Machado, que recebeu um broche de presente dos alunos e se interessou sobre as percep\u00e7\u00f5es das crian\u00e7as em rela\u00e7\u00e3o ao pa\u00eds asi\u00e1tico e demais competidores.<\/p>\n<p>Cada medalhista emplacou uma an\u00e1lise sobre aspectos diversos, passando pela alimenta\u00e7\u00e3o, cultura, costumes e educa\u00e7\u00e3o. Arthur, por exemplo, lembrou que naquele pa\u00eds n\u00e3o existe \u00e1gua gelada. &#8220;Para ser um ch\u00e1, s\u00f3 faltava o saquinho&#8221;, brincou o garoto. Victoria identificou outras caracter\u00edsticas nos demais competidores. &#8220;Quando fiquei sabendo que tinha recebido a medalha, gritei muito de felicidade. Os brasileiros se destacam tamb\u00e9m na comemora\u00e7\u00e3o em rela\u00e7\u00e3o \u00e0s demais nacionalidades&#8221;, relembrou a menina, que, pouco antes havia sido entrevistada junto com Melissa, no Est\u00fadio da R\u00e1dio Cidade Jundia\u00ed.<\/p>\n<div id=\"attachment_240005\" style=\"width: 1333px\" class=\"wp-caption aligncenter\"><img loading=\"lazy\" decoding=\"async\" aria-describedby=\"caption-attachment-240005\" class=\"size-full wp-image-240005\" src=\"https:\/\/jundiai.sp.gov.br\/noticias\/wp-content\/uploads\/sites\/32\/2019\/11\/entrevista_radio_cidade_missao_china-23.jpg\" alt=\"\" width=\"1323\" height=\"842\" srcset=\"https:\/\/jundiai.sp.gov.br\/noticias\/wp-content\/uploads\/sites\/32\/2019\/11\/entrevista_radio_cidade_missao_china-23.jpg 1323w, https:\/\/jundiai.sp.gov.br\/noticias\/wp-content\/uploads\/sites\/32\/2019\/11\/entrevista_radio_cidade_missao_china-23-300x191.jpg 300w, https:\/\/jundiai.sp.gov.br\/noticias\/wp-content\/uploads\/sites\/32\/2019\/11\/entrevista_radio_cidade_missao_china-23-768x489.jpg 768w, https:\/\/jundiai.sp.gov.br\/noticias\/wp-content\/uploads\/sites\/32\/2019\/11\/entrevista_radio_cidade_missao_china-23-1280x815.jpg 1280w\" sizes=\"auto, (max-width: 1323px) 100vw, 1323px\" \/><p id=\"caption-attachment-240005\" class=\"wp-caption-text\">Victoria e Melissa foram entrevistadas na R\u00e1dio Cidade, na manh\u00e3 de quinta-feira (28) para contar sobre a participa\u00e7\u00e3o em evento internacional<\/p><\/div>\n<p>Elogios<br \/>\nO pai de Arthur, Erivelton Mizini, comentou sobre a qualidade de Educa\u00e7\u00e3o das Escolas Municipais de Educa\u00e7\u00e3o B\u00e1sica (EMEBs). &#8220;O ensino municipal de Jundia\u00ed est\u00e1 no mesmo patamar que escolas particulares. Tenho a experi\u00eancia com o meu filho mais velho, que estudou na rede e passou em curso t\u00e9cnico da Unicamp em Campinas. O Arthur, que estuda na EMEB Aparecido Garcia, j\u00e1 conquistou uma medalha em evento internacional em matem\u00e1tica. Prova a qualidade do que \u00e9 investido em Jundia\u00ed.<\/p>\n<p>Juliana Castilho Vieira, m\u00e3e de Camila, tamb\u00e9m elogiou a estrutura da rede municipal de Educa\u00e7\u00e3o de Jundia\u00ed. &#8220;Tenho dois filhos nas escolas do Munic\u00edpio. A aten\u00e7\u00e3o, o cuidado e a excel\u00eancia no ensino s\u00e3o diferenciais. S\u00f3 temos elogios pelo servi\u00e7o prestado por toda a equipe, que est\u00e1 em constante capacita\u00e7\u00e3o&#8221;, salientou a m\u00e3e.<\/p>\n<p>A gestora Vasti Ferrari Marques detalhou as forma\u00e7\u00f5es, que s\u00e3o feitas semanalmente, entre os educadores. &#8220;Todas as semanas as equipes se re\u00fanem para detalhar o planejamento e estudar. A forma\u00e7\u00e3o faz parte dos pilares do Programa Escola Inovadora&#8221;, argumentou.<\/p>\n<p>Assessoria de Imprensa<br \/>\nFotos: Fot\u00f3grafos PMJ<\/p>\n","protected":false},"excerpt":{"rendered":"<p>Desde que desembarcaram, na ter\u00e7a-feira (26), no Aeroporto Internacional de Guarulhos, o dia a dia das seis crian\u00e7as jundiaienses medalhistas de bronze na 10\u00b0 World Mathematics Team Championship (WMTC), realizada em Beijing, na China, est\u00e3o de agenda cheia. Com entrevistas, grava\u00e7\u00f5es e visitas, como a de quinta-feira (28), ao Prefeito de Jundia\u00ed, Luiz Fernando Machado [&hellip;]<\/p>\n","protected":false},"author":39,"featured_media":240006,"comment_status":"closed","ping_status":"closed","sticky":false,"template":"","format":"standard","meta":{"footnotes":""},"categories":[2],"tags":[6,1061],"ods":[],"class_list":["post-239973","post","type-post","status-publish","format-standard","has-post-thumbnail","hentry","category-noticias","tag-educacao","tag-escola-inovadora"],"_links":{"self":[{"href":"https:\/\/jundiai.sp.gov.br\/noticias\/wp-json\/wp\/v2\/posts\/239973","targetHints":{"allow":["GET"]}}],"collection":[{"href":"https:\/\/jundiai.sp.gov.br\/noticias\/wp-json\/wp\/v2\/posts"}],"about":[{"href":"https:\/\/jundiai.sp.gov.br\/noticias\/wp-json\/wp\/v2\/types\/post"}],"author":[{"embeddable":true,"href":"https:\/\/jundiai.sp.gov.br\/noticias\/wp-json\/wp\/v2\/users\/39"}],"replies":[{"embeddable":true,"href":"https:\/\/jundiai.sp.gov.br\/noticias\/wp-json\/wp\/v2\/comments?post=239973"}],"version-history":[{"count":26,"href":"https:\/\/jundiai.sp.gov.br\/noticias\/wp-json\/wp\/v2\/posts\/239973\/revisions"}],"predecessor-version":[{"id":240020,"href":"https:\/\/jundiai.sp.gov.br\/noticias\/wp-json\/wp\/v2\/posts\/239973\/revisions\/240020"}],"wp:featuredmedia":[{"embeddable":true,"href":"https:\/\/jundiai.sp.gov.br\/noticias\/wp-json\/wp\/v2\/media\/240006"}],"wp:attachment":[{"href":"https:\/\/jundiai.sp.gov.br\/noticias\/wp-json\/wp\/v2\/media?parent=239973"}],"wp:term":[{"taxonomy":"category","embeddable":true,"href":"https:\/\/jundiai.sp.gov.br\/noticias\/wp-json\/wp\/v2\/categories?post=239973"},{"taxonomy":"post_tag","embeddable":true,"href":"https:\/\/jundiai.sp.gov.br\/noticias\/wp-json\/wp\/v2\/tags?post=239973"},{"taxonomy":"ods","embeddable":true,"href":"https:\/\/jundiai.sp.gov.br\/noticias\/wp-json\/wp\/v2\/ods?post=239973"}],"curies":[{"name":"wp","href":"https:\/\/api.w.org\/{rel}","templated":true}]}}