{"id":240042,"date":"2019-11-29T13:24:44","date_gmt":"2019-11-29T15:24:44","guid":{"rendered":"https:\/\/jundiai.sp.gov.br\/noticias\/?p=240042"},"modified":"2019-11-29T17:30:46","modified_gmt":"2019-11-29T19:30:46","slug":"prefeitura-reune-propostas-para-novo-portal-da-empregabilidade","status":"publish","type":"post","link":"https:\/\/jundiai.sp.gov.br\/noticias\/2019\/11\/29\/prefeitura-reune-propostas-para-novo-portal-da-empregabilidade\/","title":{"rendered":"Governo avan\u00e7a na constru\u00e7\u00e3o de Portal de Empregabilidade\u00a0"},"content":{"rendered":"<div dir=\"auto\">Um portal que coloque em contato empresas, ag\u00eancias de emprego, Posto de Atendimento ao Trabalhador &#8211; PAT e candidatos a uma vaga de emprego: essa \u00e9 a proposta do Portal da Empregabilidade, que est\u00e1 sendo constru\u00eddo pela administra\u00e7\u00e3o Luiz Fernando Machado, por meio da Unidade de Gest\u00e3o de Governo e Finan\u00e7as (UGGF). O assunto foi tema de\u00a0 um novo encontro nesta quinta-feira (28) no Pa\u00e7o Municipal, reunindo gestores e representantes da administra\u00e7\u00e3o municipal e de ag\u00eancias de recrutamento e sele\u00e7\u00e3o de pessoal.<\/div>\n<div dir=\"auto\"><\/div>\n<div dir=\"auto\">O gestor da UGGF, Jos\u00e9 Ant\u00f4nio Parimoschi, destacou que a meta \u00e9 entregar a nova ferramenta no in\u00edcio do pr\u00f3ximo ano. \u201cA crise est\u00e1 passando, mas deixou uma legi\u00e3o de desempregados no Pa\u00eds e precisamos tomar medidas na dire\u00e7\u00e3o de ajudar a reverter este quadro. Apesar das medidas relacionadas \u00e0 gera\u00e7\u00e3o de emprego terem mais energia no \u00e2mbito da atua\u00e7\u00e3o do governo federal, a administra\u00e7\u00e3o municipal tem tomado a dianteira para oferecer solu\u00e7\u00f5es que melhorem a situa\u00e7\u00e3o da economia local e contribuam para a cria\u00e7\u00e3o de novas oportunidades de emprego, trabalho e renda. E isso s\u00f3 se consegue se o poder p\u00fablico articular os diversos atores que podem contribuir nessa dire\u00e7\u00e3o. J\u00e1 ouvimos as empresas, as escolas t\u00e9cnicas e as faculdades. Agora estamos ouvindo as ag\u00eancias de emprego para reunir o m\u00e1ximo de informa\u00e7\u00f5es num \u00fanico local para facilitar a vida daquele trabalhador que est\u00e1 chegando ao mercado de trabalho pela primeira vez ou que est\u00e1 buscando uma recoloca\u00e7\u00e3o&#8221;, afirmou. Tamb\u00e9m participou da reuni\u00e3o o gestor da Unidade de Gest\u00e3o de Desenvolvimento Econ\u00f4mico, Ci\u00eancia e Tecnologia, Messias Mercadante, que apresentou n\u00fameros sobre o mercado de trabalho em Jundia\u00ed.<\/div>\n<div dir=\"auto\"><\/div>\n<div dir=\"auto\">O portal, que est\u00e1 sendo desenvolvido pela Companhia de Inform\u00e1tica de Jundia\u00ed (Cijun),\u00a0 permitir\u00e1 que o candidato fa\u00e7a um breve cadastro, inserindo um \u2018mini-curr\u00edculo\u2019 e sua \u00e1rea de interesse. Ao mesmo tempo, as empresas ter\u00e3o acesso a essas informa\u00e7\u00f5es e divulgar\u00e3o suas vagas e necessidades espec\u00edficas, quando for o caso. Tamb\u00e9m haver\u00e1 um conjunto de informa\u00e7\u00f5es b\u00e1sicas para orientar o trabalhador a se preparar de forma adequada para a vaga de emprego, desde a elabora\u00e7\u00e3o do curr\u00edculo, documenta\u00e7\u00e3o necess\u00e1ria at\u00e9 dicas de postura, comportamento, atributos profissionais que podem ser destacados, entre outras. Al\u00e9m disso, o portal disponibilizar\u00e1 not\u00edcias e links relacionados ao mercado de trabalho e dicas para os candidatos terem sucesso na confec\u00e7\u00e3o de curr\u00edculos e durante entrevistas.<\/div>\n<div dir=\"auto\"><\/div>\n<div dir=\"auto\"><\/div>\n<div id=\"attachment_240045\" style=\"width: 1034px\" class=\"wp-caption aligncenter\"><img loading=\"lazy\" decoding=\"async\" aria-describedby=\"caption-attachment-240045\" class=\"size-large wp-image-240045\" src=\"https:\/\/jundiai.sp.gov.br\/noticias\/wp-content\/uploads\/sites\/32\/2019\/11\/sala_de_situacao-3-1280x710.jpg\" alt=\"\" width=\"1024\" height=\"568\" srcset=\"https:\/\/jundiai.sp.gov.br\/noticias\/wp-content\/uploads\/sites\/32\/2019\/11\/sala_de_situacao-3-1280x710.jpg 1280w, https:\/\/jundiai.sp.gov.br\/noticias\/wp-content\/uploads\/sites\/32\/2019\/11\/sala_de_situacao-3-300x166.jpg 300w, https:\/\/jundiai.sp.gov.br\/noticias\/wp-content\/uploads\/sites\/32\/2019\/11\/sala_de_situacao-3-768x426.jpg 768w, https:\/\/jundiai.sp.gov.br\/noticias\/wp-content\/uploads\/sites\/32\/2019\/11\/sala_de_situacao-3.jpg 1323w\" sizes=\"auto, (max-width: 1024px) 100vw, 1024px\" \/><p id=\"caption-attachment-240045\" class=\"wp-caption-text\">No encontro desta quinta, representantes das ag\u00eancias de RH puderam dar sugest\u00f5es sobre o que poderia constar no portal e como torn\u00e1-lo mais eficiente<\/p><\/div>\n<div dir=\"auto\"><\/div>\n<div dir=\"auto\">No encontro de quinta-feira, os representantes das ag\u00eancias de RH puderam dar sugest\u00f5es para a constru\u00e7\u00e3o deste novo portal, bem como para tornar o projeto o mais eficiente poss\u00edvel. Participaram representantes das ag\u00eancias Nova RH, Luandre, CV.Com, WCA, Rhadar, People e Expert, al\u00e9m de representantes das Unidades de Gest\u00e3o de Assist\u00eancia e Desenvolvimento Social (UGADS), Unidade de Gest\u00e3o de Cultura (UGC), Assessoria de Pol\u00edticas para a Juventude (ligada \u00e0 Unidade de Gest\u00e3o da Casa Civil &#8211; UGCC) e Centro Municipal de Educa\u00e7\u00e3o de Jovens e Adultos (CMEJA) da Unidade de Gest\u00e3o de Educa\u00e7\u00e3o (UGE).<\/div>\n<div><\/div>\n<div dir=\"auto\">\u00a0\u201cO portal est\u00e1 quase pronto; veremos agora como cada um pode contribuir para coloc\u00e1-lo no ar em breve. Afinal, uma das principais metas do governo Luiz Fernando Machado \u00e9 melhorar o ambiente de neg\u00f3cios da cidade, atrair mais empreendimentos produtivos e gerar emprego e renda para os trabalhadores da cidade\u201d, afirmou o gestor da UGGF, refor\u00e7ando o protagonismo do poder p\u00fablico municipal. \u201cA maior parte das prefeituras n\u00e3o \u00e9 proativa desta forma; n\u00f3s estamos nos antecipando, e j\u00e1 obtendo sugest\u00f5es de diversas \u00e1reas, para oferecer um servi\u00e7o que possa alavancar a economia e melhor a vida das pessoas e ajudar o Brasil a superar essa crise\u201d.<\/div>\n<p><strong>Assessoria de Imprensa<br \/>\nFotos: Fot\u00f3grafos PMJ<\/strong><\/p>\n","protected":false},"excerpt":{"rendered":"<p>Um portal que coloque em contato empresas, ag\u00eancias de emprego, Posto de Atendimento ao Trabalhador &#8211; PAT e candidatos a uma vaga de emprego: essa \u00e9 a proposta do Portal da Empregabilidade, que est\u00e1 sendo constru\u00eddo pela administra\u00e7\u00e3o Luiz Fernando Machado, por meio da Unidade de Gest\u00e3o de Governo e Finan\u00e7as (UGGF). O assunto foi [&hellip;]<\/p>\n","protected":false},"author":45,"featured_media":240137,"comment_status":"closed","ping_status":"closed","sticky":false,"template":"","format":"standard","meta":{"footnotes":""},"categories":[2],"tags":[983],"ods":[],"class_list":["post-240042","post","type-post","status-publish","format-standard","has-post-thumbnail","hentry","category-noticias","tag-governo-e-financas"],"_links":{"self":[{"href":"https:\/\/jundiai.sp.gov.br\/noticias\/wp-json\/wp\/v2\/posts\/240042","targetHints":{"allow":["GET"]}}],"collection":[{"href":"https:\/\/jundiai.sp.gov.br\/noticias\/wp-json\/wp\/v2\/posts"}],"about":[{"href":"https:\/\/jundiai.sp.gov.br\/noticias\/wp-json\/wp\/v2\/types\/post"}],"author":[{"embeddable":true,"href":"https:\/\/jundiai.sp.gov.br\/noticias\/wp-json\/wp\/v2\/users\/45"}],"replies":[{"embeddable":true,"href":"https:\/\/jundiai.sp.gov.br\/noticias\/wp-json\/wp\/v2\/comments?post=240042"}],"version-history":[{"count":6,"href":"https:\/\/jundiai.sp.gov.br\/noticias\/wp-json\/wp\/v2\/posts\/240042\/revisions"}],"predecessor-version":[{"id":240135,"href":"https:\/\/jundiai.sp.gov.br\/noticias\/wp-json\/wp\/v2\/posts\/240042\/revisions\/240135"}],"wp:featuredmedia":[{"embeddable":true,"href":"https:\/\/jundiai.sp.gov.br\/noticias\/wp-json\/wp\/v2\/media\/240137"}],"wp:attachment":[{"href":"https:\/\/jundiai.sp.gov.br\/noticias\/wp-json\/wp\/v2\/media?parent=240042"}],"wp:term":[{"taxonomy":"category","embeddable":true,"href":"https:\/\/jundiai.sp.gov.br\/noticias\/wp-json\/wp\/v2\/categories?post=240042"},{"taxonomy":"post_tag","embeddable":true,"href":"https:\/\/jundiai.sp.gov.br\/noticias\/wp-json\/wp\/v2\/tags?post=240042"},{"taxonomy":"ods","embeddable":true,"href":"https:\/\/jundiai.sp.gov.br\/noticias\/wp-json\/wp\/v2\/ods?post=240042"}],"curies":[{"name":"wp","href":"https:\/\/api.w.org\/{rel}","templated":true}]}}