{"id":240051,"date":"2019-11-28T20:26:18","date_gmt":"2019-11-28T22:26:18","guid":{"rendered":"https:\/\/jundiai.sp.gov.br\/noticias\/?p=240051"},"modified":"2019-11-28T20:26:18","modified_gmt":"2019-11-28T22:26:18","slug":"trofeu-destaque-esportivo-ja-recebeu-7-mil-votos","status":"publish","type":"post","link":"https:\/\/jundiai.sp.gov.br\/noticias\/2019\/11\/28\/trofeu-destaque-esportivo-ja-recebeu-7-mil-votos\/","title":{"rendered":"Trof\u00e9u Destaque Esportivo j\u00e1 recebeu 7 mil votos"},"content":{"rendered":"<p>Pela primeira vez com a vota\u00e7\u00e3o aberta \u00e0 popula\u00e7\u00e3o e a nova categoria &#8220;Destaque Esportivo&#8221;, a Noite do Esporte, se destaca pelo engajamento do voto popular aos candidatos das classes individual e coletiva. At\u00e9 a tarde de quinta-feira (28), 7 mil votos foram contabilizados no link dispon\u00edvel no Portal da da <a href=\"https:\/\/docs.google.com\/forms\/d\/e\/1FAIpQLSevQx5elw0k9FeRJCQheQcyZvy_NOyZ8D_r9UjeREB2TywAhg\/viewform\">Prefeitura de Jundia\u00ed<\/a>. A vota\u00e7\u00e3o se encerra no domingo (1), \u00e0s 23h59. Os selecionados ser\u00e3o conhecidos durante a comemora\u00e7\u00e3o, que ser\u00e1 realizada no dia 2 de dezembro, no Parque da Uva, \u00e0s 19h, com entrada gratuita para o popula\u00e7\u00e3o.<\/p>\n<p><a href=\"https:\/\/docs.google.com\/forms\/d\/e\/1FAIpQLSevQx5elw0k9FeRJCQheQcyZvy_NOyZ8D_r9UjeREB2TywAhg\/viewform\" target=\"_blank\" rel=\"noopener noreferrer\">VOTE NO \u201cDESTAQUE ESPORTIVO\u201d<\/a><\/p>\n<p>De acordo com o assessor de Projetos Esportivos da UGEL, Felipe Cunha, o trof\u00e9u \u00e9 a inova\u00e7\u00e3o do ano trazida pela Unidade de Gest\u00e3o de Esporte e Lazer (UGEL). \u201cA ades\u00e3o ao voto mostra a import\u00e2ncia da pr\u00e1tica esportiva na nossa cidade. Essa \u00e9 a forma de celebrar as conquistas e a participa\u00e7\u00e3o&#8221;, comenta.<\/p>\n<p>Em 2017 a premia\u00e7\u00e3o era exclusiva para atletas. J\u00e1 em 2018 a UGEL ampliou para os praticantes das atividades nos Complexos Educacionais, Culturais e Esportivos (CECEs) da cidade, e, neste ano, a ado\u00e7\u00e3o da nova categoria para voto popular. &#8220;Todas as pessoas que praticam atividade f\u00edsica s\u00e3o integrantes do TIME Jundia\u00ed, e seguem o Esporte por toda a vida para uma vida ativa e saud\u00e1vel&#8221;, argumenta o assessor.<\/p>\n<div id=\"attachment_240071\" style=\"width: 1333px\" class=\"wp-caption aligncenter\"><img loading=\"lazy\" decoding=\"async\" aria-describedby=\"caption-attachment-240071\" class=\"size-full wp-image-240071\" src=\"https:\/\/jundiai.sp.gov.br\/noticias\/wp-content\/uploads\/sites\/32\/2019\/11\/cece-bolao_c_-24-1.jpg\" alt=\"\" width=\"1323\" height=\"744\" srcset=\"https:\/\/jundiai.sp.gov.br\/noticias\/wp-content\/uploads\/sites\/32\/2019\/11\/cece-bolao_c_-24-1.jpg 1323w, https:\/\/jundiai.sp.gov.br\/noticias\/wp-content\/uploads\/sites\/32\/2019\/11\/cece-bolao_c_-24-1-300x169.jpg 300w, https:\/\/jundiai.sp.gov.br\/noticias\/wp-content\/uploads\/sites\/32\/2019\/11\/cece-bolao_c_-24-1-768x432.jpg 768w, https:\/\/jundiai.sp.gov.br\/noticias\/wp-content\/uploads\/sites\/32\/2019\/11\/cece-bolao_c_-24-1-1280x720.jpg 1280w\" sizes=\"auto, (max-width: 1323px) 100vw, 1323px\" \/><p id=\"caption-attachment-240071\" class=\"wp-caption-text\">Noite em comemora\u00e7\u00e3o esportiva ser\u00e1 realizada no Complexo Educacional, Cultural e Esportivo (CECE) Dr. Nicolino de Luca, o Bol\u00e3o<\/p><\/div>\n<p>Confira o perfil dos candidatos:<\/p>\n<p><strong>Esporte Individual<\/strong><\/p>\n<p>Carlos Magno Pezzatto, 56: Em 2019, como t\u00e9cnico da sele\u00e7\u00e3o brasileira nos Jogos Mundiais Special Olympics em Abu Dhabi, medalha de ouro masculino individual, feminino individual e dupla unificada, medalha de prata quarteto unificado.<\/p>\n<p>Valdecir Benedicto da Silva, 55: Em 2019, correu 11 km em 51 minutos, participante de maratonas e meia maratonas, come\u00e7ou a correr com 38 anos, inspira\u00e7\u00e3o para os mais jovens.<\/p>\n<p>Nicol\u00e1s de Zaval\u00eda, 47: Em 2019, medalha de prata no individual e por equipe no Campeonato Paulista de Hipismo, medalha de bronze individual no Campeonato Brasileiro de Hipismo.<\/p>\n<p><strong>Esporte Coletivo<\/strong><\/p>\n<p>Futebol Feminino | Jogamigas FC: Em 2019, em competi\u00e7\u00f5es amadoras foram campe\u00e3s em Itupeva e terceira colocadas em Cajamar, destaque para a inclus\u00e3o de mais de 180 mulheres no esporte pela maneira diferenciada que apresentam o futebol \u00e0s mulheres.<\/p>\n<p>Futebol Masculino | Paulista FC:\u00a0 Em 2019, Campe\u00e3o Paulista da 2\u00aa divis\u00e3o, garantiu acesso para a s\u00e9rie A3.<\/p>\n<p>Paintball | Caveiras Paintball Jundia\u00ed: Em 2019, segundo lugar em duas etapas e terceiro lugar em outras duas etapas do Campeonato Paulista na categoria cen\u00e1rio, promove diversas a\u00e7\u00f5es sociais e divulga a modalidade em escolas.<\/p>\n<p>Assessoria de Imprensa<br \/>\nFotos: Fot\u00f3grafos PMJ<\/p>\n","protected":false},"excerpt":{"rendered":"<p>Pela primeira vez com a vota\u00e7\u00e3o aberta \u00e0 popula\u00e7\u00e3o e a nova categoria &#8220;Destaque Esportivo&#8221;, a Noite do Esporte, se destaca pelo engajamento do voto popular aos candidatos das classes individual e coletiva. At\u00e9 a tarde de quinta-feira (28), 7 mil votos foram contabilizados no link dispon\u00edvel no Portal da da Prefeitura de Jundia\u00ed. A [&hellip;]<\/p>\n","protected":false},"author":39,"featured_media":240071,"comment_status":"closed","ping_status":"closed","sticky":false,"template":"","format":"standard","meta":{"footnotes":""},"categories":[2],"tags":[1290],"ods":[],"class_list":["post-240051","post","type-post","status-publish","format-standard","has-post-thumbnail","hentry","category-noticias","tag-unidade-de-gestao-de-esporte-e-lazer-ugel"],"_links":{"self":[{"href":"https:\/\/jundiai.sp.gov.br\/noticias\/wp-json\/wp\/v2\/posts\/240051","targetHints":{"allow":["GET"]}}],"collection":[{"href":"https:\/\/jundiai.sp.gov.br\/noticias\/wp-json\/wp\/v2\/posts"}],"about":[{"href":"https:\/\/jundiai.sp.gov.br\/noticias\/wp-json\/wp\/v2\/types\/post"}],"author":[{"embeddable":true,"href":"https:\/\/jundiai.sp.gov.br\/noticias\/wp-json\/wp\/v2\/users\/39"}],"replies":[{"embeddable":true,"href":"https:\/\/jundiai.sp.gov.br\/noticias\/wp-json\/wp\/v2\/comments?post=240051"}],"version-history":[{"count":10,"href":"https:\/\/jundiai.sp.gov.br\/noticias\/wp-json\/wp\/v2\/posts\/240051\/revisions"}],"predecessor-version":[{"id":240074,"href":"https:\/\/jundiai.sp.gov.br\/noticias\/wp-json\/wp\/v2\/posts\/240051\/revisions\/240074"}],"wp:featuredmedia":[{"embeddable":true,"href":"https:\/\/jundiai.sp.gov.br\/noticias\/wp-json\/wp\/v2\/media\/240071"}],"wp:attachment":[{"href":"https:\/\/jundiai.sp.gov.br\/noticias\/wp-json\/wp\/v2\/media?parent=240051"}],"wp:term":[{"taxonomy":"category","embeddable":true,"href":"https:\/\/jundiai.sp.gov.br\/noticias\/wp-json\/wp\/v2\/categories?post=240051"},{"taxonomy":"post_tag","embeddable":true,"href":"https:\/\/jundiai.sp.gov.br\/noticias\/wp-json\/wp\/v2\/tags?post=240051"},{"taxonomy":"ods","embeddable":true,"href":"https:\/\/jundiai.sp.gov.br\/noticias\/wp-json\/wp\/v2\/ods?post=240051"}],"curies":[{"name":"wp","href":"https:\/\/api.w.org\/{rel}","templated":true}]}}