{"id":240075,"date":"2019-11-29T10:44:35","date_gmt":"2019-11-29T12:44:35","guid":{"rendered":"https:\/\/jundiai.sp.gov.br\/noticias\/?p=240075"},"modified":"2019-11-29T10:44:46","modified_gmt":"2019-11-29T12:44:46","slug":"tvtec-abre-inscricoes-em-fotografia-digital-para-surdos-nesta-sexta-29","status":"publish","type":"post","link":"https:\/\/jundiai.sp.gov.br\/noticias\/2019\/11\/29\/tvtec-abre-inscricoes-em-fotografia-digital-para-surdos-nesta-sexta-29\/","title":{"rendered":"TVTEC abre inscri\u00e7\u00f5es em Fotografia Digital para surdos nesta sexta (29)"},"content":{"rendered":"<p>Apurar os sentidos, integrar e valorizar pessoas com necessidades especiais est\u00e1 dentro da proposta da TVTEC Jundia\u00ed, que passa a ofertar cursos b\u00e1sicos gratuitos, com carga hor\u00e1ria de 40 horas para surdos e deficientes auditivos usu\u00e1rios da L\u00edngua Brasileira de Sinais (acess\u00edvel em LIBRAS). Os interessados poder\u00e3o se qualificar em Fotografia Digital, Produ\u00e7\u00e3o de V\u00eddeo, M\u00eddias Sociais e muito mais.<\/p>\n<p>Esta \u00e9 mais uma parceria firmada entre a Prefeitura de Jundia\u00ed, em conv\u00eanio com o Centro Paula Souza. O primeiro lote, com 10 vagas dispon\u00edveis, ser\u00e1 para o curso de Fotografia Digital e acontece na sexta-feira (29), \u00e0s 11 horas da manh\u00e3, no link de inscri\u00e7\u00e3o que estar\u00e1 dispon\u00edvel no site da TVTEC.<\/p>\n<h3><strong><a href=\"https:\/\/tvtecjundiai.com.br\/inscricoes-abertas-tvtec\/\">Clique aqui para acessar a p\u00e1gina de inscri\u00e7\u00e3o!<\/a><\/strong><\/h3>\n<p><strong>Atente-se \u00e0 programa\u00e7\u00e3o de aulas:\u00a0<\/strong>03, 04, 05, 06, 09, 10, 11, 12, 13, 16 e 18\/12, das 14h \u00e0s 18h.<\/p>\n<p><strong>SOBRE A TVTEC Jundia\u00ed<\/strong><br \/>\nAt\u00e9 o momento, j\u00e1 ofertou mais de 4.000 vagas pela Prefeitura Municipal de Jundia\u00ed, em parceria com o Centro Paula Souza desde o lan\u00e7amento da TVTEC em 2017. Hoje o cat\u00e1logo completa mais de 40 t\u00edtulos entre cursos b\u00e1sicos e gratuitos, sendo muitos destes criados pela pr\u00f3pria institui\u00e7\u00e3o e aprovados pelo Comit\u00ea de Cursos do Centro Paula Souza.<\/p>\n","protected":false},"excerpt":{"rendered":"<p>Apurar os sentidos, integrar e valorizar pessoas com necessidades especiais est\u00e1 dentro da proposta da TVTEC Jundia\u00ed, que passa a ofertar cursos b\u00e1sicos gratuitos, com carga hor\u00e1ria de 40 horas para surdos e deficientes auditivos usu\u00e1rios da L\u00edngua Brasileira de Sinais (acess\u00edvel em LIBRAS). Os interessados poder\u00e3o se qualificar em Fotografia Digital, Produ\u00e7\u00e3o de V\u00eddeo, [&hellip;]<\/p>\n","protected":false},"author":55,"featured_media":240076,"comment_status":"closed","ping_status":"closed","sticky":false,"template":"","format":"standard","meta":{"footnotes":""},"categories":[2],"tags":[],"ods":[],"class_list":["post-240075","post","type-post","status-publish","format-standard","has-post-thumbnail","hentry","category-noticias"],"_links":{"self":[{"href":"https:\/\/jundiai.sp.gov.br\/noticias\/wp-json\/wp\/v2\/posts\/240075","targetHints":{"allow":["GET"]}}],"collection":[{"href":"https:\/\/jundiai.sp.gov.br\/noticias\/wp-json\/wp\/v2\/posts"}],"about":[{"href":"https:\/\/jundiai.sp.gov.br\/noticias\/wp-json\/wp\/v2\/types\/post"}],"author":[{"embeddable":true,"href":"https:\/\/jundiai.sp.gov.br\/noticias\/wp-json\/wp\/v2\/users\/55"}],"replies":[{"embeddable":true,"href":"https:\/\/jundiai.sp.gov.br\/noticias\/wp-json\/wp\/v2\/comments?post=240075"}],"version-history":[{"count":2,"href":"https:\/\/jundiai.sp.gov.br\/noticias\/wp-json\/wp\/v2\/posts\/240075\/revisions"}],"predecessor-version":[{"id":240078,"href":"https:\/\/jundiai.sp.gov.br\/noticias\/wp-json\/wp\/v2\/posts\/240075\/revisions\/240078"}],"wp:featuredmedia":[{"embeddable":true,"href":"https:\/\/jundiai.sp.gov.br\/noticias\/wp-json\/wp\/v2\/media\/240076"}],"wp:attachment":[{"href":"https:\/\/jundiai.sp.gov.br\/noticias\/wp-json\/wp\/v2\/media?parent=240075"}],"wp:term":[{"taxonomy":"category","embeddable":true,"href":"https:\/\/jundiai.sp.gov.br\/noticias\/wp-json\/wp\/v2\/categories?post=240075"},{"taxonomy":"post_tag","embeddable":true,"href":"https:\/\/jundiai.sp.gov.br\/noticias\/wp-json\/wp\/v2\/tags?post=240075"},{"taxonomy":"ods","embeddable":true,"href":"https:\/\/jundiai.sp.gov.br\/noticias\/wp-json\/wp\/v2\/ods?post=240075"}],"curies":[{"name":"wp","href":"https:\/\/api.w.org\/{rel}","templated":true}]}}