{"id":240087,"date":"2019-11-29T13:32:34","date_gmt":"2019-11-29T15:32:34","guid":{"rendered":"https:\/\/jundiai.sp.gov.br\/noticias\/?p=240087"},"modified":"2019-11-29T17:39:35","modified_gmt":"2019-11-29T19:39:35","slug":"dia-de-autografo-emociona-pais-na-emeb-amelia-lima-lopes","status":"publish","type":"post","link":"https:\/\/jundiai.sp.gov.br\/noticias\/2019\/11\/29\/dia-de-autografo-emociona-pais-na-emeb-amelia-lima-lopes\/","title":{"rendered":"&#8216;Dia de Aut\u00f3grafo&#8217; emociona pais na EMEB Am\u00e9lia Lima Lopes"},"content":{"rendered":"<p>O trabalho de um ano inteiro realizado em projeto pedag\u00f3gico da Escola Municipal de Educa\u00e7\u00e3o B\u00e1sica (EMEB) Am\u00e9lia Lima Lopes \u00e9 apresentado para as fam\u00edlias dos cerca de 200 alunos entre os grupos G4 e G5, nesta sexta-feira (29), com direito a apresenta\u00e7\u00e3o musical e aut\u00f3grafo nos livros elaborados pelas crian\u00e7as e registrado e catalogado na Biblioteca Nacional. O projeto est\u00e1 alinhado com as premissas do Programa Escola Inovadora da Prefeitura de Jundia\u00ed, com o incentivo \u00e0 leitura.<\/p>\n<p>Miguel Henrique de Farias, 6 anos, aluno de G5, explica que a hist\u00f3ria desenvolvida pela sala \u00e9 in\u00e9dita. &#8220;Nosso livro \u00e9 o &#8216;Aventura Diferente&#8217;, que conta a hist\u00f3ria de dois amigos que gostavam de empinar pipa. Um dia, as pipas se soltaram e eles tiveram de buscar em um lugar muito distante e contaram com a ajuda de um cachorro encantado. N\u00f3s pensamos em tudo, desde a hist\u00f3ria at\u00e9 como seriam os desenhos dos personagens&#8221;, contou, orgulhoso o garoto que quer ser policial e adora matem\u00e1tica.<\/p>\n<p>Para a m\u00e3e, Regiane Almendro de Oliveira, moradora na regi\u00e3o da Vila Esperan\u00e7a, o trabalho desenvolvido pelas crian\u00e7as com a equipe escolar, emociona. &#8220;Ele chegava em casa entusiasmado, contando o que tinha feito em sala, mas escondeu que iria fazer a apresenta\u00e7\u00e3o. S\u00f3 tenho a elogiar a Educa\u00e7\u00e3o de Jundia\u00ed. Todos os meus cinco filhos estudam ou estudaram na rede e a qualidade \u00e9 excelente&#8221;, explicou a m\u00e3e.<\/p>\n<div id=\"attachment_240103\" style=\"width: 1333px\" class=\"wp-caption aligncenter\"><img loading=\"lazy\" decoding=\"async\" aria-describedby=\"caption-attachment-240103\" class=\"size-full wp-image-240103\" src=\"https:\/\/jundiai.sp.gov.br\/noticias\/wp-content\/uploads\/sites\/32\/2019\/11\/entrega_de_livros_emeb_amelia-108.jpg\" alt=\"\" width=\"1323\" height=\"862\" srcset=\"https:\/\/jundiai.sp.gov.br\/noticias\/wp-content\/uploads\/sites\/32\/2019\/11\/entrega_de_livros_emeb_amelia-108.jpg 1323w, https:\/\/jundiai.sp.gov.br\/noticias\/wp-content\/uploads\/sites\/32\/2019\/11\/entrega_de_livros_emeb_amelia-108-300x195.jpg 300w, https:\/\/jundiai.sp.gov.br\/noticias\/wp-content\/uploads\/sites\/32\/2019\/11\/entrega_de_livros_emeb_amelia-108-768x500.jpg 768w, https:\/\/jundiai.sp.gov.br\/noticias\/wp-content\/uploads\/sites\/32\/2019\/11\/entrega_de_livros_emeb_amelia-108-1280x834.jpg 1280w\" sizes=\"auto, (max-width: 1323px) 100vw, 1323px\" \/><p id=\"caption-attachment-240103\" class=\"wp-caption-text\">Miguel Henrique, 6 anos, ficou muito feliz em escrever e ilustrar o livro de final de ano<\/p><\/div>\n<p>Keila Vitor Froes, 34 anos, \u00e9 m\u00e3e de Arthur Vitor Froes, 5 anos, ficou emocionada com a apresenta\u00e7\u00e3o do filho. &#8220;As crian\u00e7as prepararam todo o material, que hoje \u00e9 autografado por eles e levado para casa, como uma lembran\u00e7a. \u00c9 muito emocionante acompanhar o desenvolvimento dos pequenos, estimulado pelas equipes de educadores&#8221;, comentou.<\/p>\n<p>\u201cTodo o trabalho foi desenvolvido nas salas, com os alunos escolhendo como seria o livro, ilustrando com desenhos, colagens ou outro artif\u00edcio art\u00edstico, e contou com participa\u00e7\u00e3o de todos os alunos, inclusive das fam\u00edlias, que foram envolvidas com a escrita da biografia dos autores. Cada sala tem um livro pr\u00f3prio, que foi catalogado na Biblioteca Nacional. \u00c9 um registro que ficar\u00e1 para a vida dessas crian\u00e7as&#8221;, argumentou a diretora Sheila Hamburg.<\/p>\n<div id=\"attachment_240104\" style=\"width: 1333px\" class=\"wp-caption aligncenter\"><img loading=\"lazy\" decoding=\"async\" aria-describedby=\"caption-attachment-240104\" class=\"size-full wp-image-240104\" src=\"https:\/\/jundiai.sp.gov.br\/noticias\/wp-content\/uploads\/sites\/32\/2019\/11\/entrega_de_livros_emeb_amelia-111.jpg\" alt=\"\" width=\"1323\" height=\"946\" srcset=\"https:\/\/jundiai.sp.gov.br\/noticias\/wp-content\/uploads\/sites\/32\/2019\/11\/entrega_de_livros_emeb_amelia-111.jpg 1323w, https:\/\/jundiai.sp.gov.br\/noticias\/wp-content\/uploads\/sites\/32\/2019\/11\/entrega_de_livros_emeb_amelia-111-300x215.jpg 300w, https:\/\/jundiai.sp.gov.br\/noticias\/wp-content\/uploads\/sites\/32\/2019\/11\/entrega_de_livros_emeb_amelia-111-768x549.jpg 768w, https:\/\/jundiai.sp.gov.br\/noticias\/wp-content\/uploads\/sites\/32\/2019\/11\/entrega_de_livros_emeb_amelia-111-1280x915.jpg 1280w\" sizes=\"auto, (max-width: 1323px) 100vw, 1323px\" \/><p id=\"caption-attachment-240104\" class=\"wp-caption-text\">Keila Vitor Froes e o filho Arthur; m\u00e3e levar\u00e1 o livro como lembran\u00e7a<\/p><\/div>\n<p>Segundo a supervisora da Unidade de Gest\u00e3o de Educa\u00e7\u00e3o (UGE), D\u00e9bora Juv\u00eancio, as atividades desenvolvidas pela EMEB englobam o eixo do Programa Escola Inovadora para o fomento \u00e0 leitura, incentivando e desenvolvendo as potencialidades dos alunos. &#8220;A Escola Inovadora incentiva as a\u00e7\u00f5es das unidades que promovam as crian\u00e7as &#8216;makers'&#8221;, resumiu.<\/p>\n<p>Assessoria de Imprensa<br \/>\nFotos: Fot\u00f3grafos PMJ<\/p>\n","protected":false},"excerpt":{"rendered":"<p>O trabalho de um ano inteiro realizado em projeto pedag\u00f3gico da Escola Municipal de Educa\u00e7\u00e3o B\u00e1sica (EMEB) Am\u00e9lia Lima Lopes \u00e9 apresentado para as fam\u00edlias dos cerca de 200 alunos entre os grupos G4 e G5, nesta sexta-feira (29), com direito a apresenta\u00e7\u00e3o musical e aut\u00f3grafo nos livros elaborados pelas crian\u00e7as e registrado e catalogado [&hellip;]<\/p>\n","protected":false},"author":39,"featured_media":240102,"comment_status":"closed","ping_status":"closed","sticky":false,"template":"","format":"standard","meta":{"footnotes":""},"categories":[2],"tags":[6,1061],"ods":[],"class_list":["post-240087","post","type-post","status-publish","format-standard","has-post-thumbnail","hentry","category-noticias","tag-educacao","tag-escola-inovadora"],"_links":{"self":[{"href":"https:\/\/jundiai.sp.gov.br\/noticias\/wp-json\/wp\/v2\/posts\/240087","targetHints":{"allow":["GET"]}}],"collection":[{"href":"https:\/\/jundiai.sp.gov.br\/noticias\/wp-json\/wp\/v2\/posts"}],"about":[{"href":"https:\/\/jundiai.sp.gov.br\/noticias\/wp-json\/wp\/v2\/types\/post"}],"author":[{"embeddable":true,"href":"https:\/\/jundiai.sp.gov.br\/noticias\/wp-json\/wp\/v2\/users\/39"}],"replies":[{"embeddable":true,"href":"https:\/\/jundiai.sp.gov.br\/noticias\/wp-json\/wp\/v2\/comments?post=240087"}],"version-history":[{"count":12,"href":"https:\/\/jundiai.sp.gov.br\/noticias\/wp-json\/wp\/v2\/posts\/240087\/revisions"}],"predecessor-version":[{"id":240109,"href":"https:\/\/jundiai.sp.gov.br\/noticias\/wp-json\/wp\/v2\/posts\/240087\/revisions\/240109"}],"wp:featuredmedia":[{"embeddable":true,"href":"https:\/\/jundiai.sp.gov.br\/noticias\/wp-json\/wp\/v2\/media\/240102"}],"wp:attachment":[{"href":"https:\/\/jundiai.sp.gov.br\/noticias\/wp-json\/wp\/v2\/media?parent=240087"}],"wp:term":[{"taxonomy":"category","embeddable":true,"href":"https:\/\/jundiai.sp.gov.br\/noticias\/wp-json\/wp\/v2\/categories?post=240087"},{"taxonomy":"post_tag","embeddable":true,"href":"https:\/\/jundiai.sp.gov.br\/noticias\/wp-json\/wp\/v2\/tags?post=240087"},{"taxonomy":"ods","embeddable":true,"href":"https:\/\/jundiai.sp.gov.br\/noticias\/wp-json\/wp\/v2\/ods?post=240087"}],"curies":[{"name":"wp","href":"https:\/\/api.w.org\/{rel}","templated":true}]}}