{"id":240106,"date":"2019-11-29T19:25:19","date_gmt":"2019-11-29T21:25:19","guid":{"rendered":"https:\/\/jundiai.sp.gov.br\/noticias\/?p=240106"},"modified":"2019-11-29T19:25:19","modified_gmt":"2019-11-29T21:25:19","slug":"escola-inovadora-detetives-da-ciencia-da-emeb-ramiro-araujo-filho-apresentam-experiencias","status":"publish","type":"post","link":"https:\/\/jundiai.sp.gov.br\/noticias\/2019\/11\/29\/escola-inovadora-detetives-da-ciencia-da-emeb-ramiro-araujo-filho-apresentam-experiencias\/","title":{"rendered":"Escola Inovadora: &#8216;Detetives da Ci\u00eancia&#8217; da EMEB Ramiro Ara\u00fajo Filho apresentam experi\u00eancias"},"content":{"rendered":"<p>Despertar a curiosidade nas crian\u00e7as a partir de aplica\u00e7\u00f5es pr\u00e1ticas \u00e9 o foco principal do Programa Escola Inovadora, da Prefeitura de Jundia\u00ed. Entre os projetos que fazem parte do card\u00e1pio da Unidade de Gest\u00e3o de Educa\u00e7\u00e3o (UGE) est\u00e1 o &#8220;Projeto Experimento&#8221;, realizado a partir da parceria com a multinacional Siemens e que foi a base utilizada para o desenvolvimento do programa pedag\u00f3gico &#8216;Detetives da Ci\u00eancia&#8217;.<\/p>\n<p>Promovido pela Escola Municipal de Educa\u00e7\u00e3o B\u00e1sica (EMEB) Ramiro Ara\u00fajo Filho, com os cerca de 200 alunos, houve na manh\u00e3 desta sexta-feira, 29, a apresenta\u00e7\u00e3o de atividades relacionadas ao projeto, por meio de experimentos feitos pelas crian\u00e7as, com a participa\u00e7\u00e3o dos pais e familiares.<\/p>\n<p>De acordo com a coordenadora pedag\u00f3gica da EMEB, Fab\u00edola Garcia de Mattos, as atividades dos detetives mirins foram direcionadas para as \u00e1reas de sa\u00fade e meio ambiente. &#8220;Ter uma boa pergunta \u00e9 o que move a curiosidade e o conhecimento. As quest\u00f5es exigem hip\u00f3teses de respostas e foi isso que o projeto propiciou para as crian\u00e7as, que desenvolveram atividades em sala de aula e em casa, como detetives e cientistas.\u00a0 Com \u00f3timos resultados conquistados, a atividade foi incorporada\u00a0 ao projeto pedag\u00f3gico da unidade para os pr\u00f3ximos anos&#8221;, explicou.<\/p>\n<div id=\"attachment_240129\" style=\"width: 1333px\" class=\"wp-caption aligncenter\"><img loading=\"lazy\" decoding=\"async\" aria-describedby=\"caption-attachment-240129\" class=\"size-full wp-image-240129\" src=\"https:\/\/jundiai.sp.gov.br\/noticias\/wp-content\/uploads\/sites\/32\/2019\/11\/feira_cientifica_emeb_ramiro-97.jpg\" alt=\"\" width=\"1323\" height=\"1011\" srcset=\"https:\/\/jundiai.sp.gov.br\/noticias\/wp-content\/uploads\/sites\/32\/2019\/11\/feira_cientifica_emeb_ramiro-97.jpg 1323w, https:\/\/jundiai.sp.gov.br\/noticias\/wp-content\/uploads\/sites\/32\/2019\/11\/feira_cientifica_emeb_ramiro-97-300x229.jpg 300w, https:\/\/jundiai.sp.gov.br\/noticias\/wp-content\/uploads\/sites\/32\/2019\/11\/feira_cientifica_emeb_ramiro-97-768x587.jpg 768w, https:\/\/jundiai.sp.gov.br\/noticias\/wp-content\/uploads\/sites\/32\/2019\/11\/feira_cientifica_emeb_ramiro-97-1256x960.jpg 1256w\" sizes=\"auto, (max-width: 1323px) 100vw, 1323px\" \/><p id=\"caption-attachment-240129\" class=\"wp-caption-text\">Amanda de Oliveira \u00e9 m\u00e3e de Ana Lyce de Almeida, que aprendeu realizando experi\u00eancias sobre o meio ambiente e sa\u00fade<\/p><\/div>\n<p>Entre os experimentos realizados est\u00e1 o de Ana Lyce de Almeida, 4 anos, do grupo G4, que aprendeu sobre o corpo humano. Com o uso de comprimidos efervescentes, simulou a digest\u00e3o de alimentos mastigados corretamente e dos n\u00e3o mastigados. &#8220;A proposta de crian\u00e7as realizarem experi\u00eancias \u00e9 fant\u00e1stica. A aprendizagem \u00e9 facilitada&#8221;, comentou a m\u00e3e, Amanda de Almeida, 24 anos.<\/p>\n<p>A fam\u00edlia de Emily Manzato, 5 anos, ajudou a aluna a desenvolver o experimento de fermenta\u00e7\u00e3o do leite. &#8220;O pai \u00e9 qu\u00edmico, ent\u00e3o, o dever de casa se transformou em uma grande atividade, envolvendo todos. Separamos os ingredientes e acompanhamos a realiza\u00e7\u00e3o. A crian\u00e7a \u00e9 uma caixa, pronta para guardar tudo o que \u00e9 apresentado. A proposta da Educa\u00e7\u00e3o de Jundia\u00ed propicia a forma\u00e7\u00e3o de crian\u00e7as criativas e argumentativas&#8221;, analisou a m\u00e3e, Patr\u00edcia Manzatto, 40 anos, que visitou todos os experimentos apresentados pelos alunos.<\/p>\n<p>A menina aprovou a metodologia. &#8220;Eu aprendi como \u00e9 que o leite azeda. \u00c9 desse processo que come\u00e7a a fabrica\u00e7\u00e3o do queijo, que eu adoro&#8221;, contou.<\/p>\n<p>Camilly Queiroz, 5 anos, tamb\u00e9m aprendeu sobre o sistema digestivo. &#8220;Eu fiz a experi\u00eancia com o leite fermentado com vinagre. \u00c9 uma rea\u00e7\u00e3o que acontece com os alimentos&#8221;, contou a menina, que ainda aprendeu sobre a import\u00e2ncia da escova\u00e7\u00e3o correta dos dentes e as implica\u00e7\u00f5es da m\u00e1 higiene.<\/p>\n<div id=\"attachment_240130\" style=\"width: 1333px\" class=\"wp-caption aligncenter\"><img loading=\"lazy\" decoding=\"async\" aria-describedby=\"caption-attachment-240130\" class=\"size-full wp-image-240130\" src=\"https:\/\/jundiai.sp.gov.br\/noticias\/wp-content\/uploads\/sites\/32\/2019\/11\/feira_cientifica_emeb_ramiro-43.jpg\" alt=\"\" width=\"1323\" height=\"908\" srcset=\"https:\/\/jundiai.sp.gov.br\/noticias\/wp-content\/uploads\/sites\/32\/2019\/11\/feira_cientifica_emeb_ramiro-43.jpg 1323w, https:\/\/jundiai.sp.gov.br\/noticias\/wp-content\/uploads\/sites\/32\/2019\/11\/feira_cientifica_emeb_ramiro-43-300x206.jpg 300w, https:\/\/jundiai.sp.gov.br\/noticias\/wp-content\/uploads\/sites\/32\/2019\/11\/feira_cientifica_emeb_ramiro-43-768x527.jpg 768w, https:\/\/jundiai.sp.gov.br\/noticias\/wp-content\/uploads\/sites\/32\/2019\/11\/feira_cientifica_emeb_ramiro-43-1280x878.jpg 1280w\" sizes=\"auto, (max-width: 1323px) 100vw, 1323px\" \/><p id=\"caption-attachment-240130\" class=\"wp-caption-text\">Camilly Queiroz, 5 anos, apresentou para a m\u00e3e, Karina Marchesin, as fases necess\u00e1rias para a boa alimenta\u00e7\u00e3o<\/p><\/div>\n<p>Assessoria de Imprensa<br \/>\nFotos: Fot\u00f3grafos PMJ<\/p>\n<p>&nbsp;<\/p>\n","protected":false},"excerpt":{"rendered":"<p>Despertar a curiosidade nas crian\u00e7as a partir de aplica\u00e7\u00f5es pr\u00e1ticas \u00e9 o foco principal do Programa Escola Inovadora, da Prefeitura de Jundia\u00ed. Entre os projetos que fazem parte do card\u00e1pio da Unidade de Gest\u00e3o de Educa\u00e7\u00e3o (UGE) est\u00e1 o &#8220;Projeto Experimento&#8221;, realizado a partir da parceria com a multinacional Siemens e que foi a base [&hellip;]<\/p>\n","protected":false},"author":39,"featured_media":240131,"comment_status":"closed","ping_status":"closed","sticky":false,"template":"","format":"standard","meta":{"footnotes":""},"categories":[2],"tags":[6,1061],"ods":[],"class_list":["post-240106","post","type-post","status-publish","format-standard","has-post-thumbnail","hentry","category-noticias","tag-educacao","tag-escola-inovadora"],"_links":{"self":[{"href":"https:\/\/jundiai.sp.gov.br\/noticias\/wp-json\/wp\/v2\/posts\/240106","targetHints":{"allow":["GET"]}}],"collection":[{"href":"https:\/\/jundiai.sp.gov.br\/noticias\/wp-json\/wp\/v2\/posts"}],"about":[{"href":"https:\/\/jundiai.sp.gov.br\/noticias\/wp-json\/wp\/v2\/types\/post"}],"author":[{"embeddable":true,"href":"https:\/\/jundiai.sp.gov.br\/noticias\/wp-json\/wp\/v2\/users\/39"}],"replies":[{"embeddable":true,"href":"https:\/\/jundiai.sp.gov.br\/noticias\/wp-json\/wp\/v2\/comments?post=240106"}],"version-history":[{"count":16,"href":"https:\/\/jundiai.sp.gov.br\/noticias\/wp-json\/wp\/v2\/posts\/240106\/revisions"}],"predecessor-version":[{"id":240157,"href":"https:\/\/jundiai.sp.gov.br\/noticias\/wp-json\/wp\/v2\/posts\/240106\/revisions\/240157"}],"wp:featuredmedia":[{"embeddable":true,"href":"https:\/\/jundiai.sp.gov.br\/noticias\/wp-json\/wp\/v2\/media\/240131"}],"wp:attachment":[{"href":"https:\/\/jundiai.sp.gov.br\/noticias\/wp-json\/wp\/v2\/media?parent=240106"}],"wp:term":[{"taxonomy":"category","embeddable":true,"href":"https:\/\/jundiai.sp.gov.br\/noticias\/wp-json\/wp\/v2\/categories?post=240106"},{"taxonomy":"post_tag","embeddable":true,"href":"https:\/\/jundiai.sp.gov.br\/noticias\/wp-json\/wp\/v2\/tags?post=240106"},{"taxonomy":"ods","embeddable":true,"href":"https:\/\/jundiai.sp.gov.br\/noticias\/wp-json\/wp\/v2\/ods?post=240106"}],"curies":[{"name":"wp","href":"https:\/\/api.w.org\/{rel}","templated":true}]}}