{"id":240225,"date":"2019-12-01T19:40:20","date_gmt":"2019-12-01T21:40:20","guid":{"rendered":"https:\/\/jundiai.sp.gov.br\/noticias\/?p=240225"},"modified":"2019-12-05T15:52:16","modified_gmt":"2019-12-05T17:52:16","slug":"em-1-ano-clinica-da-familia-e-upa-24h-vetor-oeste-tem-numeros-recordes","status":"publish","type":"post","link":"https:\/\/jundiai.sp.gov.br\/noticias\/2019\/12\/01\/em-1-ano-clinica-da-familia-e-upa-24h-vetor-oeste-tem-numeros-recordes\/","title":{"rendered":"Em 1 ano, Cl\u00ednica da Fam\u00edlia e UPA 24H Vetor Oeste t\u00eam n\u00fameros recordes"},"content":{"rendered":"<p>Neste dia 1\u00ba de dezembro, a Prefeitura de Jundia\u00ed comemorou um ano do in\u00edcio de funcionamento do modelo de atendimento em Sa\u00fade resolutivo e humanizado formado pelo complexo da Cl\u00ednica da Fam\u00edlia Novo Horizonte e Unidade de Pronto Atendimento (UPA 24H) Vetor Oeste.<\/p>\n<p>O per\u00edodo marca a amplia\u00e7\u00e3o no acesso \u00e0 Sa\u00fade para a regi\u00e3o, que conta com cerca de 140 mil habitantes, e acumula premia\u00e7\u00f5es e reconhecimento ao Munic\u00edpio pela presta\u00e7\u00e3o de servi\u00e7o de excel\u00eancia, com at\u00e9 90% de resolutividade e oferta de aten\u00e7\u00e3o b\u00e1sica (Estrat\u00e9gia de Sa\u00fade da Fam\u00edlia), urg\u00eancia e emerg\u00eancia Cl\u00ednica e Pedi\u00e1trica, exames de an\u00e1lises cl\u00ednicas, raio-x, ultrassom e eletrocardiograma, al\u00e9m de m\u00e9dico ortopedista.<\/p>\n<div id=\"attachment_240227\" style=\"width: 1034px\" class=\"wp-caption aligncenter\"><img loading=\"lazy\" decoding=\"async\" aria-describedby=\"caption-attachment-240227\" class=\"size-large wp-image-240227\" src=\"https:\/\/jundiai.sp.gov.br\/noticias\/wp-content\/uploads\/sites\/32\/2019\/12\/upa-1280x960.jpg\" alt=\"Cl\u00ednica da Fam\u00edlia e UPA t\u00eam modelo de atendimento em sa\u00fade resolutivo e humanizado\" width=\"1024\" height=\"768\" srcset=\"https:\/\/jundiai.sp.gov.br\/noticias\/wp-content\/uploads\/sites\/32\/2019\/12\/upa-1280x960.jpg 1280w, https:\/\/jundiai.sp.gov.br\/noticias\/wp-content\/uploads\/sites\/32\/2019\/12\/upa-300x225.jpg 300w, https:\/\/jundiai.sp.gov.br\/noticias\/wp-content\/uploads\/sites\/32\/2019\/12\/upa-768x575.jpg 768w, https:\/\/jundiai.sp.gov.br\/noticias\/wp-content\/uploads\/sites\/32\/2019\/12\/upa.jpg 1323w\" sizes=\"auto, (max-width: 1024px) 100vw, 1024px\" \/><p id=\"caption-attachment-240227\" class=\"wp-caption-text\">Cl\u00ednica da Fam\u00edlia e UPA t\u00eam modelo de atendimento em sa\u00fade resolutivo e humanizado<\/p><\/div>\n<p>\u201cA Sa\u00fade \u00e9 um dos pilares da nossa gest\u00e3o e a implanta\u00e7\u00e3o da Cl\u00ednica da Fam\u00edlia com a UPA 24H Vetor Oeste \u00e9 um marco para Jundia\u00ed. Garantir o atendimento para a popula\u00e7\u00e3o em aten\u00e7\u00e3o b\u00e1sica, promo\u00e7\u00e3o da sa\u00fade e urg\u00eancia e emerg\u00eancia, de forma r\u00e1pida, pr\u00f3xima de sua resid\u00eancia e com disponibilidade de realiza\u00e7\u00e3o de exames no mesmo lugar proporciona, al\u00e9m de comodidade, rapidez. Essa \u00e9 uma regi\u00e3o distante do Centro cerca de 20 km\u201d, explica o Prefeito Luiz Fernando Machado, lembrando ainda que uma unidade do Servi\u00e7o de Atendimento M\u00f3vel de Urg\u00eancia (SAMU) conta com base no complexo, reduzindo em 70% o tempo de espera entre o acionamento e a chegada do equipamento.<\/p>\n<p>Os resultados conquistados pelo modelo implementado, acrescidos dos programas \u2018Posso Ajudar\u2019 e Guardi\u00e3o da Sa\u00fade\u2019, se transformaram em pr\u00eamio no Smart City Business Brazilian Congress, em S\u00e3o Paulo, no m\u00eas de julho, como iniciativa inovadora e resolutiva em sa\u00fade p\u00fablica. O reconhecimento tamb\u00e9m aconteceu na C\u00e2mara de Estudos e Debates Estrat\u00e9gicos (CEDES), em Bras\u00edlia, e na C\u00e2mara de Deputados Federal \u2013 sendo apontada como op\u00e7\u00e3o para implementa\u00e7\u00e3o nos pr\u00e9dios constru\u00eddos para abrigar Unidades de Pronto Atendimento (UPAs) no Brasil, que est\u00e3o paralisados por falta recursos -. O complexo tamb\u00e9m tem sido visitado por secret\u00e1rios de Sa\u00fade da Aglomera\u00e7\u00e3o Urbana de Jundia\u00ed (AUJ) e da Diretoria Regional de Sa\u00fade de Campinas.<\/p>\n<p><strong>Em n\u00fameros<\/strong><br \/>\nSegundo levantamento realizado pela Unidade de Gest\u00e3o de Promo\u00e7\u00e3o de Sa\u00fade (UGPS), na compara\u00e7\u00e3o entre os servi\u00e7os prestados pela antiga UBS para a Cl\u00ednica da Fam\u00edlia, o n\u00famero de atendimentos por demanda espont\u00e2nea e acolhimento cresceu de 147 para 2.339 por m\u00eas (1.500% de aumento); o atendimento odontol\u00f3gico tamb\u00e9m passou de 386 para 1.564, registrando 305% de aumento. A aten\u00e7\u00e3o \u00e0 sa\u00fade da mulher registrou aumento de 138% (165 para 394), sa\u00fade da crian\u00e7a cresceu 18% (219 para 258), atendimentos de enfermagem ampliou 62% (1383 para 2.245) e quase dobrou o n\u00famero de procedimentos &#8211; de 4,3 mil\/m\u00eas para 8,3 mil\/m\u00eas.<\/p>\n<p>Desenhada para realizar 9 mil atendimentos m\u00e9dicos\/m\u00eas, a UPA 24H Vetor Oeste superou em 22% a meta em julho, com 11 mil atendimentos\/m\u00eas. Em um ano, a soma contabiliza 110 mil atendimentos m\u00e9dicos, 253 mil procedimentos de enfermagem e 82 mil exames. Essas s\u00e3o pessoas que deixaram de buscar outros equipamentos da regi\u00e3o central para ser atendidas pr\u00f3ximas de casa.<\/p>\n<p>\u201cO modelo implantado pela Prefeitura de Jundia\u00ed est\u00e1 chamando a aten\u00e7\u00e3o nacionalmente pela resolutividade e os dados foram apresentados em Audi\u00eancia P\u00fablica da Comiss\u00e3o de Desenvolvimento Urbano \u2018Tecnologia em desafios urbanos, governan\u00e7a digital e sa\u00fade\u2019. S\u00e3o situa\u00e7\u00f5es de destaque para equipamento que ainda n\u00e3o recebe custeio federal\u201d, explica o gestor da UGPS, Tiago Texera.<\/p>\n<p>Somente no custeio da UPA 24H Vetor Oeste, a Prefeitura de Jundia\u00ed investe R$ 1,2 milh\u00e3o por m\u00eas, sem qualquer recurso Federal, que \u00e9 devido pelo porte do equipamento. \u201cA UPA 24H Vetor Oeste, deveria estar recebendo &#8211; desde a sua inaugura\u00e7\u00e3o -, R$ 175 mil\/m\u00eas do Minist\u00e9rio da Sa\u00fade. Esse aporte tem condi\u00e7\u00f5es de ser ampliado para R$ 216,5 mil de custeio, al\u00e9m do mesmo valor como incentivo, perfazendo R$ 433 mil\/m\u00eas, devidos pelo MS \u00e0 Jundia\u00ed\u201d, completa o gestor da UGPS, Tiago Texera.<\/p>\n<p>O sistema ser\u00e1 ampliado para mais bairros da cidade como Vila Hortol\u00e2ndia e Ponte S\u00e3o Jo\u00e3o. Ambos t\u00eam previs\u00e3o de atendimento de 9 mil consultas por m\u00eas e ter\u00e3o atendimento 12 horas com custeio do Munic\u00edpio.<\/p>\n<p><strong>Assessoria de Imprensa<\/strong><br \/>\n<strong>Foto: Fot\u00f3grafos PMJ<\/strong><\/p>\n","protected":false},"excerpt":{"rendered":"<p>Neste dia 1\u00ba de dezembro, a Prefeitura de Jundia\u00ed comemorou um ano do in\u00edcio de funcionamento do modelo de atendimento em Sa\u00fade resolutivo e humanizado formado pelo complexo da Cl\u00ednica da Fam\u00edlia Novo Horizonte e Unidade de Pronto Atendimento (UPA 24H) Vetor Oeste. O per\u00edodo marca a amplia\u00e7\u00e3o no acesso \u00e0 Sa\u00fade para a regi\u00e3o, [&hellip;]<\/p>\n","protected":false},"author":54,"featured_media":240227,"comment_status":"closed","ping_status":"closed","sticky":false,"template":"","format":"standard","meta":{"footnotes":""},"categories":[2],"tags":[1131,981,627],"ods":[],"class_list":["post-240225","post","type-post","status-publish","format-standard","has-post-thumbnail","hentry","category-noticias","tag-clinica-da-familia","tag-promocao-da-saude","tag-unidade-de-pronto-atendimento-upa"],"_links":{"self":[{"href":"https:\/\/jundiai.sp.gov.br\/noticias\/wp-json\/wp\/v2\/posts\/240225","targetHints":{"allow":["GET"]}}],"collection":[{"href":"https:\/\/jundiai.sp.gov.br\/noticias\/wp-json\/wp\/v2\/posts"}],"about":[{"href":"https:\/\/jundiai.sp.gov.br\/noticias\/wp-json\/wp\/v2\/types\/post"}],"author":[{"embeddable":true,"href":"https:\/\/jundiai.sp.gov.br\/noticias\/wp-json\/wp\/v2\/users\/54"}],"replies":[{"embeddable":true,"href":"https:\/\/jundiai.sp.gov.br\/noticias\/wp-json\/wp\/v2\/comments?post=240225"}],"version-history":[{"count":3,"href":"https:\/\/jundiai.sp.gov.br\/noticias\/wp-json\/wp\/v2\/posts\/240225\/revisions"}],"predecessor-version":[{"id":240455,"href":"https:\/\/jundiai.sp.gov.br\/noticias\/wp-json\/wp\/v2\/posts\/240225\/revisions\/240455"}],"wp:featuredmedia":[{"embeddable":true,"href":"https:\/\/jundiai.sp.gov.br\/noticias\/wp-json\/wp\/v2\/media\/240227"}],"wp:attachment":[{"href":"https:\/\/jundiai.sp.gov.br\/noticias\/wp-json\/wp\/v2\/media?parent=240225"}],"wp:term":[{"taxonomy":"category","embeddable":true,"href":"https:\/\/jundiai.sp.gov.br\/noticias\/wp-json\/wp\/v2\/categories?post=240225"},{"taxonomy":"post_tag","embeddable":true,"href":"https:\/\/jundiai.sp.gov.br\/noticias\/wp-json\/wp\/v2\/tags?post=240225"},{"taxonomy":"ods","embeddable":true,"href":"https:\/\/jundiai.sp.gov.br\/noticias\/wp-json\/wp\/v2\/ods?post=240225"}],"curies":[{"name":"wp","href":"https:\/\/api.w.org\/{rel}","templated":true}]}}