{"id":240504,"date":"2019-12-04T15:24:17","date_gmt":"2019-12-04T17:24:17","guid":{"rendered":"https:\/\/jundiai.sp.gov.br\/noticias\/?p=240504"},"modified":"2019-12-04T15:24:17","modified_gmt":"2019-12-04T17:24:17","slug":"em-sua-27a-edicao-sipat-do-sao-vicente-tera-inicio-na-proxima-semana","status":"publish","type":"post","link":"https:\/\/jundiai.sp.gov.br\/noticias\/2019\/12\/04\/em-sua-27a-edicao-sipat-do-sao-vicente-tera-inicio-na-proxima-semana\/","title":{"rendered":"Em sua 27\u00aa edi\u00e7\u00e3o, SIPAT do S\u00e3o Vicente ter\u00e1 inicio na pr\u00f3xima semana"},"content":{"rendered":"<div id=\"attachment_240505\" style=\"width: 1034px\" class=\"wp-caption aligncenter\"><img loading=\"lazy\" decoding=\"async\" aria-describedby=\"caption-attachment-240505\" class=\"size-large wp-image-240505\" src=\"https:\/\/jundiai.sp.gov.br\/noticias\/wp-content\/uploads\/sites\/32\/2019\/12\/sipat-2019-do-hsv-tera-diversas-palestras-para-os-colaboradores-1280x851.jpg\" alt=\"\" width=\"1024\" height=\"681\" srcset=\"https:\/\/jundiai.sp.gov.br\/noticias\/wp-content\/uploads\/sites\/32\/2019\/12\/sipat-2019-do-hsv-tera-diversas-palestras-para-os-colaboradores-1280x851.jpg 1280w, https:\/\/jundiai.sp.gov.br\/noticias\/wp-content\/uploads\/sites\/32\/2019\/12\/sipat-2019-do-hsv-tera-diversas-palestras-para-os-colaboradores-300x199.jpg 300w, https:\/\/jundiai.sp.gov.br\/noticias\/wp-content\/uploads\/sites\/32\/2019\/12\/sipat-2019-do-hsv-tera-diversas-palestras-para-os-colaboradores-768x511.jpg 768w, https:\/\/jundiai.sp.gov.br\/noticias\/wp-content\/uploads\/sites\/32\/2019\/12\/sipat-2019-do-hsv-tera-diversas-palestras-para-os-colaboradores-450x300.jpg 450w\" sizes=\"auto, (max-width: 1024px) 100vw, 1024px\" \/><p id=\"caption-attachment-240505\" class=\"wp-caption-text\">SIPAT 2019 do HSV ter\u00e1 diversas palestras para os colaboradores<\/p><\/div>\n<p>Com o objetivo de promover conhecimento e conscientizar os funcion\u00e1rios sobre preven\u00e7\u00e3o de acidentes, sa\u00fade e seguran\u00e7a no local de trabalho, a Comiss\u00e3o Interna de Preven\u00e7\u00e3o de Acidentes (CIPA) do Hospital S\u00e3o Vicente de Paulo (HSV) realiza de 09 a 13 de dezembro a Semana Interna de Preven\u00e7\u00e3o de Acidentes 2019 (SIPAT).<\/p>\n<p>&nbsp;<\/p>\n<p>Neste ano, o evento conta com o tema \u201cSeguran\u00e7a \u00e9 a nossa voz, para o bem de todos n\u00f3s\u201d. Ou seja, o colaborador bem preparado e atento aos riscos, consegue prestar uma assist\u00eancia mais segura aos pacientes. A SIPAT tem patroc\u00ednio do Recanto Coisa Linda e das empresas Marcenaria Residenza, Gesso Santa F\u00e9, Am\u00e9rica Esquadrias de Alum\u00ednio e Ferro, Operacional Construtora e da Padaria Re Ali Junior.<\/p>\n<p>&nbsp;<\/p>\n<p>A abertura com a presen\u00e7a da diretoria ser\u00e1 na segunda-feira, dia 09 de dezembro, \u00e0s 14h, no anfiteatro da institui\u00e7\u00e3o. A programa\u00e7\u00e3o inclui diversas palestras, dentre elas: \u201cBurnout\u201d, com Dr. Roger Lovera; \u201cSeguran\u00e7a da Informa\u00e7\u00e3o e LGPD o impacto da nova legisla\u00e7\u00e3o no setor de sa\u00fade, com Marcos Fonseca; \u201cEnfermagem forense\u201d com a enfermeira Luciane Martini; \u201cPreven\u00e7\u00e3o de DST\u201d com a enfermeira Ingrid Lucena; \u201cTabagismo\u201d com Dr. Eduardo Leme; e \u201cPensar, sentir, querer\u201d, com a Dra. Maria Denize Vieira.<\/p>\n<p>&nbsp;<\/p>\n<p>O encerramento ser\u00e1 no dia 13, com a divulga\u00e7\u00e3o do resultado de um concurso interno sobre o tema do evento deste ano.<\/p>\n<p>&nbsp;<\/p>\n<p>&nbsp;<\/p>\n<p><strong>Fotos: Assessoria de Imprensa do HSV<\/strong><\/p>\n<p><strong>\u00a0<\/strong><\/p>\n<p><strong>Assessoria de Imprensa<\/strong><\/p>\n<p><strong>Hospital de Caridade S\u00e3o Vicente de Paulo <\/strong><\/p>\n<p><strong>\u00c9rica Fabiola Barlera G\u00e1spari<\/strong> \u2013 <a href=\"mailto:assessoria.imprensa@hsvicente.org.br\">assessoria.imprensa@hsvicente.org.br<\/a><\/p>\n<p><strong>Patr\u00edcia Pessoto<\/strong> \u2013 <a href=\"mailto:imprensa@hsvicente.org.br\">imprensa@hsvicente.org.br<\/a><\/p>\n<p>Telefone: (11)4583-8256<\/p>\n<p>&nbsp;<\/p>\n","protected":false},"excerpt":{"rendered":"<p>Com o objetivo de promover conhecimento e conscientizar os funcion\u00e1rios sobre preven\u00e7\u00e3o de acidentes, sa\u00fade e seguran\u00e7a no local de trabalho, a Comiss\u00e3o Interna de Preven\u00e7\u00e3o de Acidentes (CIPA) do Hospital S\u00e3o Vicente de Paulo (HSV) realiza de 09 a 13 de dezembro a Semana Interna de Preven\u00e7\u00e3o de Acidentes 2019 (SIPAT). &nbsp; Neste ano, [&hellip;]<\/p>\n","protected":false},"author":53,"featured_media":0,"comment_status":"closed","ping_status":"closed","sticky":false,"template":"","format":"standard","meta":{"footnotes":""},"categories":[2],"tags":[321],"ods":[],"class_list":["post-240504","post","type-post","status-publish","format-standard","hentry","category-noticias","tag-hospital-de-caridade-sao-vicente-de-paulo"],"_links":{"self":[{"href":"https:\/\/jundiai.sp.gov.br\/noticias\/wp-json\/wp\/v2\/posts\/240504","targetHints":{"allow":["GET"]}}],"collection":[{"href":"https:\/\/jundiai.sp.gov.br\/noticias\/wp-json\/wp\/v2\/posts"}],"about":[{"href":"https:\/\/jundiai.sp.gov.br\/noticias\/wp-json\/wp\/v2\/types\/post"}],"author":[{"embeddable":true,"href":"https:\/\/jundiai.sp.gov.br\/noticias\/wp-json\/wp\/v2\/users\/53"}],"replies":[{"embeddable":true,"href":"https:\/\/jundiai.sp.gov.br\/noticias\/wp-json\/wp\/v2\/comments?post=240504"}],"version-history":[{"count":1,"href":"https:\/\/jundiai.sp.gov.br\/noticias\/wp-json\/wp\/v2\/posts\/240504\/revisions"}],"predecessor-version":[{"id":240506,"href":"https:\/\/jundiai.sp.gov.br\/noticias\/wp-json\/wp\/v2\/posts\/240504\/revisions\/240506"}],"wp:attachment":[{"href":"https:\/\/jundiai.sp.gov.br\/noticias\/wp-json\/wp\/v2\/media?parent=240504"}],"wp:term":[{"taxonomy":"category","embeddable":true,"href":"https:\/\/jundiai.sp.gov.br\/noticias\/wp-json\/wp\/v2\/categories?post=240504"},{"taxonomy":"post_tag","embeddable":true,"href":"https:\/\/jundiai.sp.gov.br\/noticias\/wp-json\/wp\/v2\/tags?post=240504"},{"taxonomy":"ods","embeddable":true,"href":"https:\/\/jundiai.sp.gov.br\/noticias\/wp-json\/wp\/v2\/ods?post=240504"}],"curies":[{"name":"wp","href":"https:\/\/api.w.org\/{rel}","templated":true}]}}