{"id":240594,"date":"2019-12-05T15:39:36","date_gmt":"2019-12-05T17:39:36","guid":{"rendered":"https:\/\/jundiai.sp.gov.br\/noticias\/?p=240594"},"modified":"2020-11-06T14:48:24","modified_gmt":"2020-11-06T17:48:24","slug":"forum-municipal-ira-anunciar-selo-direitos-humanos-inscricoes-estao-abertas","status":"publish","type":"post","link":"https:\/\/jundiai.sp.gov.br\/noticias\/2019\/12\/05\/forum-municipal-ira-anunciar-selo-direitos-humanos-inscricoes-estao-abertas\/","title":{"rendered":"F\u00f3rum Municipal ir\u00e1 anunciar selo &#8220;Direitos Humanos&#8221;; inscri\u00e7\u00f5es est\u00e3o abertas"},"content":{"rendered":"<p>A Prefeitura de Jundia\u00ed, por meio da Unidade de Gest\u00e3o da Casa Civil (UGCC) \/ Assessoria de Pol\u00edticas de Direitos Humanos, promove no pr\u00f3ximo dia 10, ter\u00e7a-feira, o F\u00f3rum Municipal de Direitos Humanos.<\/p>\n<p>O objetivo \u00e9 promover aproxima\u00e7\u00e3o e reflex\u00e3o acerca dos direitos humanos, contando com a participa\u00e7\u00e3o dos cidad\u00e3os. O encontro ser\u00e1 realizado no Audit\u00f3rio Elis Regina, no Complexo Argos, a partir das 8h30, e na ocasi\u00e3o ser\u00e1 anunciado o lan\u00e7amento do Selo Municipal \u201cDireitos Humanos\u201d, que ser\u00e1 concedido a iniciativas ligadas ao tema e que reconhe\u00e7am o papel transformador e potencializador que eles t\u00eam na sociedade.<\/p>\n<div id=\"attachment_240629\" style=\"width: 1034px\" class=\"wp-caption aligncenter\"><img loading=\"lazy\" decoding=\"async\" aria-describedby=\"caption-attachment-240629\" class=\"size-large wp-image-240629\" src=\"https:\/\/jundiai.sp.gov.br\/noticias\/wp-content\/uploads\/sites\/32\/2019\/12\/ma-1280x850.jpg\" alt=\"\" width=\"1024\" height=\"680\" srcset=\"https:\/\/jundiai.sp.gov.br\/noticias\/wp-content\/uploads\/sites\/32\/2019\/12\/ma-1280x850.jpg 1280w, https:\/\/jundiai.sp.gov.br\/noticias\/wp-content\/uploads\/sites\/32\/2019\/12\/ma-300x199.jpg 300w, https:\/\/jundiai.sp.gov.br\/noticias\/wp-content\/uploads\/sites\/32\/2019\/12\/ma-768x510.jpg 768w, https:\/\/jundiai.sp.gov.br\/noticias\/wp-content\/uploads\/sites\/32\/2019\/12\/ma-450x300.jpg 450w, https:\/\/jundiai.sp.gov.br\/noticias\/wp-content\/uploads\/sites\/32\/2019\/12\/ma.jpg 1323w\" sizes=\"auto, (max-width: 1024px) 100vw, 1024px\" \/><p id=\"caption-attachment-240629\" class=\"wp-caption-text\">Meio ambiente e desenvolvimento sustent\u00e1vel: uma das cinco linhas de a\u00e7\u00e3o que ser\u00e3o contempladas com o selo<\/p><\/div>\n<p>O selo ser\u00e1 entregue a entidades, p\u00fablicas ou privadas, cujas a\u00e7\u00f5es tenham por base cinco linhas de a\u00e7\u00e3o: Meio ambiente e desenvolvimento sustent\u00e1vel; Trabalho, renda e empreendedorismo; Igualdade e acesso; Seguran\u00e7a e combate \u00e0 viol\u00eancia; e um tema a ser definido durante o F\u00f3rum Municipal de Direitos Humanos.<\/p>\n<p>De acordo com o Assessor de Pol\u00edticas de Direitos Humanos, Paulo Fernando de Almeida, o foco do evento ser\u00e1 impulsionar a participa\u00e7\u00e3o da sociedade civil no tema. \u201cO f\u00f3rum quer demonstrar a a\u00e7\u00e3o do Executivo na promo\u00e7\u00e3o e valoriza\u00e7\u00e3o dos Direitos Humanos, tendo como princ\u00edpio a dignidade humana tratada como universal e indissol\u00favel\u201d, afirma.<\/p>\n<p>J\u00e1 o selo ser\u00e1 concedido ap\u00f3s an\u00e1lise de uma comiss\u00e3o julgadora, a ser institu\u00edda por decreto municipal, com a atribui\u00e7\u00e3o de julgar as iniciativas que apresentarem relev\u00e2ncia quanto \u00e0 promo\u00e7\u00e3o dos direitos humanos. Poder\u00e3o participar empresas, entidades de classe, assistenciais e representativas e a sociedade civil, por meio da participa\u00e7\u00e3o popular.<\/p>\n<p>O evento contar\u00e1 tamb\u00e9m com a palestra \u201cDireitos Humanos Fundamentais\u201d, com Jos\u00e9 Tadeu de Barros N\u00f3brega, professor de Direito Constitucional e Direito Administrativo e servidor p\u00fablico federal.<\/p>\n<p><em><strong>Assessoria de Imprensa<\/strong><\/em><br \/>\n<em><strong>Fotos: Fot\u00f3grafos PMJ<\/strong><\/em><\/p>\n","protected":false},"excerpt":{"rendered":"<p>A Prefeitura de Jundia\u00ed, por meio da Unidade de Gest\u00e3o da Casa Civil (UGCC) \/ Assessoria de Pol\u00edticas de Direitos Humanos, promove no pr\u00f3ximo dia 10, ter\u00e7a-feira, o F\u00f3rum Municipal de Direitos Humanos. O objetivo \u00e9 promover aproxima\u00e7\u00e3o e reflex\u00e3o acerca dos direitos humanos, contando com a participa\u00e7\u00e3o dos cidad\u00e3os. O encontro ser\u00e1 realizado no [&hellip;]<\/p>\n","protected":false},"author":45,"featured_media":0,"comment_status":"closed","ping_status":"closed","sticky":false,"template":"","format":"standard","meta":{"footnotes":""},"categories":[2],"tags":[989,62],"ods":[],"class_list":["post-240594","post","type-post","status-publish","format-standard","hentry","category-noticias","tag-assessoria-de-politicas-de-direitos-humanos","tag-casa-civil"],"_links":{"self":[{"href":"https:\/\/jundiai.sp.gov.br\/noticias\/wp-json\/wp\/v2\/posts\/240594","targetHints":{"allow":["GET"]}}],"collection":[{"href":"https:\/\/jundiai.sp.gov.br\/noticias\/wp-json\/wp\/v2\/posts"}],"about":[{"href":"https:\/\/jundiai.sp.gov.br\/noticias\/wp-json\/wp\/v2\/types\/post"}],"author":[{"embeddable":true,"href":"https:\/\/jundiai.sp.gov.br\/noticias\/wp-json\/wp\/v2\/users\/45"}],"replies":[{"embeddable":true,"href":"https:\/\/jundiai.sp.gov.br\/noticias\/wp-json\/wp\/v2\/comments?post=240594"}],"version-history":[{"count":3,"href":"https:\/\/jundiai.sp.gov.br\/noticias\/wp-json\/wp\/v2\/posts\/240594\/revisions"}],"predecessor-version":[{"id":258285,"href":"https:\/\/jundiai.sp.gov.br\/noticias\/wp-json\/wp\/v2\/posts\/240594\/revisions\/258285"}],"wp:attachment":[{"href":"https:\/\/jundiai.sp.gov.br\/noticias\/wp-json\/wp\/v2\/media?parent=240594"}],"wp:term":[{"taxonomy":"category","embeddable":true,"href":"https:\/\/jundiai.sp.gov.br\/noticias\/wp-json\/wp\/v2\/categories?post=240594"},{"taxonomy":"post_tag","embeddable":true,"href":"https:\/\/jundiai.sp.gov.br\/noticias\/wp-json\/wp\/v2\/tags?post=240594"},{"taxonomy":"ods","embeddable":true,"href":"https:\/\/jundiai.sp.gov.br\/noticias\/wp-json\/wp\/v2\/ods?post=240594"}],"curies":[{"name":"wp","href":"https:\/\/api.w.org\/{rel}","templated":true}]}}