{"id":240653,"date":"2019-12-05T17:09:08","date_gmt":"2019-12-05T19:09:08","guid":{"rendered":"https:\/\/jundiai.sp.gov.br\/noticias\/?p=240653"},"modified":"2019-12-05T17:12:05","modified_gmt":"2019-12-05T19:12:05","slug":"prefeitura-avanca-nas-melhorias-no-centro-esportivo-dal-santo","status":"publish","type":"post","link":"https:\/\/jundiai.sp.gov.br\/noticias\/2019\/12\/05\/prefeitura-avanca-nas-melhorias-no-centro-esportivo-dal-santo\/","title":{"rendered":"Prefeitura avan\u00e7a nas melhorias no Centro Esportivo Dal Santo"},"content":{"rendered":"<div id=\"attachment_240656\" style=\"width: 1034px\" class=\"wp-caption aligncenter\"><img loading=\"lazy\" decoding=\"async\" aria-describedby=\"caption-attachment-240656\" class=\"size-large wp-image-240656\" src=\"https:\/\/jundiai.sp.gov.br\/noticias\/wp-content\/uploads\/sites\/32\/2019\/12\/obras_dal_santo-13-1280x854.jpg\" alt=\"Mun\u00edcipes ter\u00e3o um espa\u00e7o no Dal Santo para caminhada com luz artificial\" width=\"1024\" height=\"683\" srcset=\"https:\/\/jundiai.sp.gov.br\/noticias\/wp-content\/uploads\/sites\/32\/2019\/12\/obras_dal_santo-13-1280x854.jpg 1280w, https:\/\/jundiai.sp.gov.br\/noticias\/wp-content\/uploads\/sites\/32\/2019\/12\/obras_dal_santo-13-300x200.jpg 300w, https:\/\/jundiai.sp.gov.br\/noticias\/wp-content\/uploads\/sites\/32\/2019\/12\/obras_dal_santo-13-768x513.jpg 768w, https:\/\/jundiai.sp.gov.br\/noticias\/wp-content\/uploads\/sites\/32\/2019\/12\/obras_dal_santo-13-450x300.jpg 450w, https:\/\/jundiai.sp.gov.br\/noticias\/wp-content\/uploads\/sites\/32\/2019\/12\/obras_dal_santo-13.jpg 1323w\" sizes=\"auto, (max-width: 1024px) 100vw, 1024px\" \/><p id=\"caption-attachment-240656\" class=\"wp-caption-text\">Mun\u00edcipes ter\u00e3o no Dal Santo um espa\u00e7o para caminhada com luz de LED<\/p><\/div>\n<p>O Complexo Educacional, Cultural e Esportivo (CECE) Francisco Dal Santo, na Vila Rami, est\u00e1 sendo melhorado pela Prefeitura de Jundia\u00ed. As obras est\u00e3o em fase final de execu\u00e7\u00e3o e incluem a instala\u00e7\u00e3o de piso modular da quadra externa (em frente ao gin\u00e1sio), moderna ilumina\u00e7\u00e3o de LED em todo interior do complexo, espa\u00e7o para caminhada, playground para a garotada e academia de gin\u00e1stica.<\/p>\n<p>O t\u00e9rmino dos trabalhos, executados pelas unidades de gest\u00e3o de Esporte e Lazer (UGEL) e Infraestrutura e Servi\u00e7os P\u00fablicos (UGISP), ocorrer\u00e1 nos pr\u00f3ximos dias.<\/p>\n<p>O investimento total na obra \u00e9 de R$ 128 mil. Destes, R$ 88 mil (recursos pr\u00f3prios da prefeitura) foram aplicados na ilumina\u00e7\u00e3o e o restante veio do programa Financiamento \u00e0 Infraestrutura e ao Saneamento\u00a0(Finisa), da Caixa Econ\u00f4mica Federal.<\/p>\n<div id=\"attachment_240657\" style=\"width: 1034px\" class=\"wp-caption aligncenter\"><img loading=\"lazy\" decoding=\"async\" aria-describedby=\"caption-attachment-240657\" class=\"size-large wp-image-240657\" src=\"https:\/\/jundiai.sp.gov.br\/noticias\/wp-content\/uploads\/sites\/32\/2019\/12\/obras_dal_santo-130-1280x834.jpg\" alt=\"Prefeitura instalou lumin\u00e1ria perto do playground das crian\u00e7as\" width=\"1024\" height=\"667\" srcset=\"https:\/\/jundiai.sp.gov.br\/noticias\/wp-content\/uploads\/sites\/32\/2019\/12\/obras_dal_santo-130-1280x834.jpg 1280w, https:\/\/jundiai.sp.gov.br\/noticias\/wp-content\/uploads\/sites\/32\/2019\/12\/obras_dal_santo-130-300x195.jpg 300w, https:\/\/jundiai.sp.gov.br\/noticias\/wp-content\/uploads\/sites\/32\/2019\/12\/obras_dal_santo-130-768x500.jpg 768w, https:\/\/jundiai.sp.gov.br\/noticias\/wp-content\/uploads\/sites\/32\/2019\/12\/obras_dal_santo-130.jpg 1323w\" sizes=\"auto, (max-width: 1024px) 100vw, 1024px\" \/><p id=\"caption-attachment-240657\" class=\"wp-caption-text\">Prefeitura instalou lumin\u00e1ria perto do playground das crian\u00e7as<\/p><\/div>\n<p>Para o gestor da UGEL, Luiz Trientini, a nova ilumina\u00e7\u00e3o trar\u00e1 mais conforto e seguran\u00e7a para os mun\u00edcipes frequentarem o Dal Santo. \u201cIsso tamb\u00e9m atrair\u00e1 mais pessoas para o espa\u00e7o para fazer caminhadas e usar a nova academia no per\u00edodo da noite, beneficiando a sa\u00fade e a qualidade de vida da popula\u00e7\u00e3o\u201d, destacou.<\/p>\n<p>\u201cO centro esportivo melhorado \u00e9 mais uma \u00f3tima op\u00e7\u00e3o de lazer para os cidad\u00e3os. A Prefeitura de Jundia\u00ed est\u00e1 integrando espa\u00e7os e os servi\u00e7os p\u00fablicos em benef\u00edcio das pessoas\u201d, completou Trientini.<\/p>\n<p>Daiane Lima, diretora do Departamento de Ilumina\u00e7\u00e3o P\u00fablica, ligado \u00e0 UGISP, lembrou que, a partir da finaliza\u00e7\u00e3o das obras, o Dal Santo deve receber muitas pessoas que saem do trabalho para fazer atividade f\u00edsica, ainda mais quando chegar o ver\u00e3o. \u201cAl\u00e9m disso, com as novas lumin\u00e1rias em LED, a efic\u00e1cia luminosa ser\u00e1 maior que a das lumin\u00e1rias convencionais, gerando economia para a prefeitura\u201d, disse Daiane.<\/p>\n<p><strong>Assessoria de Imprensa<\/strong><br \/>\n<strong>Fotos: Fot\u00f3grafos PMJ<\/strong><\/p>\n","protected":false},"excerpt":{"rendered":"<p>O Complexo Educacional, Cultural e Esportivo (CECE) Francisco Dal Santo, na Vila Rami, est\u00e1 sendo melhorado pela Prefeitura de Jundia\u00ed. As obras est\u00e3o em fase final de execu\u00e7\u00e3o e incluem a instala\u00e7\u00e3o de piso modular da quadra externa (em frente ao gin\u00e1sio), moderna ilumina\u00e7\u00e3o de LED em todo interior do complexo, espa\u00e7o para caminhada, playground [&hellip;]<\/p>\n","protected":false},"author":54,"featured_media":240656,"comment_status":"closed","ping_status":"closed","sticky":false,"template":"","format":"standard","meta":{"footnotes":""},"categories":[2],"tags":[985],"ods":[],"class_list":["post-240653","post","type-post","status-publish","format-standard","has-post-thumbnail","hentry","category-noticias","tag-infraestrutura-e-servicos-publicos"],"_links":{"self":[{"href":"https:\/\/jundiai.sp.gov.br\/noticias\/wp-json\/wp\/v2\/posts\/240653","targetHints":{"allow":["GET"]}}],"collection":[{"href":"https:\/\/jundiai.sp.gov.br\/noticias\/wp-json\/wp\/v2\/posts"}],"about":[{"href":"https:\/\/jundiai.sp.gov.br\/noticias\/wp-json\/wp\/v2\/types\/post"}],"author":[{"embeddable":true,"href":"https:\/\/jundiai.sp.gov.br\/noticias\/wp-json\/wp\/v2\/users\/54"}],"replies":[{"embeddable":true,"href":"https:\/\/jundiai.sp.gov.br\/noticias\/wp-json\/wp\/v2\/comments?post=240653"}],"version-history":[{"count":4,"href":"https:\/\/jundiai.sp.gov.br\/noticias\/wp-json\/wp\/v2\/posts\/240653\/revisions"}],"predecessor-version":[{"id":240666,"href":"https:\/\/jundiai.sp.gov.br\/noticias\/wp-json\/wp\/v2\/posts\/240653\/revisions\/240666"}],"wp:featuredmedia":[{"embeddable":true,"href":"https:\/\/jundiai.sp.gov.br\/noticias\/wp-json\/wp\/v2\/media\/240656"}],"wp:attachment":[{"href":"https:\/\/jundiai.sp.gov.br\/noticias\/wp-json\/wp\/v2\/media?parent=240653"}],"wp:term":[{"taxonomy":"category","embeddable":true,"href":"https:\/\/jundiai.sp.gov.br\/noticias\/wp-json\/wp\/v2\/categories?post=240653"},{"taxonomy":"post_tag","embeddable":true,"href":"https:\/\/jundiai.sp.gov.br\/noticias\/wp-json\/wp\/v2\/tags?post=240653"},{"taxonomy":"ods","embeddable":true,"href":"https:\/\/jundiai.sp.gov.br\/noticias\/wp-json\/wp\/v2\/ods?post=240653"}],"curies":[{"name":"wp","href":"https:\/\/api.w.org\/{rel}","templated":true}]}}