{"id":240678,"date":"2019-12-06T20:13:38","date_gmt":"2019-12-06T22:13:38","guid":{"rendered":"https:\/\/jundiai.sp.gov.br\/noticias\/?p=240678"},"modified":"2019-12-06T20:13:38","modified_gmt":"2019-12-06T22:13:38","slug":"prefeitura-amplia-transporte-acessivel-com-otimizacao-de-recursos","status":"publish","type":"post","link":"https:\/\/jundiai.sp.gov.br\/noticias\/2019\/12\/06\/prefeitura-amplia-transporte-acessivel-com-otimizacao-de-recursos\/","title":{"rendered":"Prefeitura amplia transporte acess\u00edvel com otimiza\u00e7\u00e3o de recursos"},"content":{"rendered":"<p>Jos\u00e9 Guilherme Le\u00e3o Magalh\u00e3es, 9 anos, nasceu com mielomeningocele. Sem conseguir firmar o corpo, faz uso de cadeira de rodas para se locomover. Ele \u00e9 um dos estudantes da rede de Educa\u00e7\u00e3o municipal que utiliza o transporte acess\u00edvel oferecido pela Prefeitura de Jundia\u00ed para ir at\u00e9 a escola e aos tratamentos que faz na Associa\u00e7\u00e3o de Educa\u00e7\u00e3o Terap\u00eautica para Portadores de Les\u00f5es Neurol\u00f3gicas (Amarati). Esse servi\u00e7o foi acrescido em 7% a partir de dezembro e a meta \u00e9 alcan\u00e7ar 14% em 2020, com 500 pessoas atendidas.<\/p>\n<p>Segundo a av\u00f3 do menino, Maria Eunice Magalh\u00e3es da Silva, o transporte garante o acesso do neto \u00e0 educa\u00e7\u00e3o e ao tratamento em sa\u00fade. &#8220;Se n\u00e3o fosse esse carro, teria dificuldade para lev\u00e1-lo, j\u00e1 \u00e9 grande e est\u00e1 ficando pesado. Esse servi\u00e7o prestado \u00e9 importante para toda a popula\u00e7\u00e3o que precisa&#8221;, detalha.<\/p>\n<p>De acordo com dados da Unidade de Gest\u00e3o de Administra\u00e7\u00e3o e Gest\u00e3o de Pessoas (UGAGP), o servi\u00e7o de transporte de pessoas em ve\u00edculos adaptados e regulares atende as Unidades de Gest\u00e3o de Educa\u00e7\u00e3o (UGE), de Promo\u00e7\u00e3o da Sa\u00fade (UGPS) e Assist\u00eancia e Desenvolvimento Social (UGADS). O servi\u00e7o atendeu a 437 pessoas em m\u00e9dia at\u00e9 novembro por m\u00eas e passar\u00e1 a 473\/m\u00eas. A partir de 2020, com a amplia\u00e7\u00e3o no n\u00famero ve\u00edculos adaptados e com a reestrutura\u00e7\u00e3o da metodologia de atendimento, a meta \u00e9 atingir 500 pessoas e eliminar a fila de espera para a Educa\u00e7\u00e3o.<\/p>\n<p>Segundo a gestora da UGAGP, Simone Zanotello de Oliveira, foram definidas rotas log\u00edsticas para o atendimento, otimizando o servi\u00e7o. &#8220;Com a reestrutura\u00e7\u00e3o e a otimiza\u00e7\u00e3o do atendimento conseguiremos equalizar a fila de espera das crian\u00e7as. \u00c9 um investimento importante que a cidade realiza, sempre com foco no melhor uso dos recursos e de atendimento&#8221;, detalha.<\/p>\n<div id=\"attachment_240763\" style=\"width: 1333px\" class=\"wp-caption aligncenter\"><img loading=\"lazy\" decoding=\"async\" aria-describedby=\"caption-attachment-240763\" class=\"size-full wp-image-240763\" src=\"https:\/\/jundiai.sp.gov.br\/noticias\/wp-content\/uploads\/sites\/32\/2019\/12\/novo-transporte-escolar-para-criancas-com-deficiencia_c_-6.jpg\" alt=\"\" width=\"1323\" height=\"882\" srcset=\"https:\/\/jundiai.sp.gov.br\/noticias\/wp-content\/uploads\/sites\/32\/2019\/12\/novo-transporte-escolar-para-criancas-com-deficiencia_c_-6.jpg 1323w, https:\/\/jundiai.sp.gov.br\/noticias\/wp-content\/uploads\/sites\/32\/2019\/12\/novo-transporte-escolar-para-criancas-com-deficiencia_c_-6-300x200.jpg 300w, https:\/\/jundiai.sp.gov.br\/noticias\/wp-content\/uploads\/sites\/32\/2019\/12\/novo-transporte-escolar-para-criancas-com-deficiencia_c_-6-768x512.jpg 768w, https:\/\/jundiai.sp.gov.br\/noticias\/wp-content\/uploads\/sites\/32\/2019\/12\/novo-transporte-escolar-para-criancas-com-deficiencia_c_-6-1280x853.jpg 1280w, https:\/\/jundiai.sp.gov.br\/noticias\/wp-content\/uploads\/sites\/32\/2019\/12\/novo-transporte-escolar-para-criancas-com-deficiencia_c_-6-450x300.jpg 450w\" sizes=\"auto, (max-width: 1323px) 100vw, 1323px\" \/><p id=\"caption-attachment-240763\" class=\"wp-caption-text\">Jos\u00e9 Guilherme \u00e9 um dos atendidos pelo transporte acess\u00edvel que teve amplia\u00e7\u00e3o no atendimento tem meta de atingir 500 pessoas em 2020<\/p><\/div>\n<p>Assessoria de Imprensa<br \/>\nFotos: Fot\u00f3grafos PMJ<\/p>\n","protected":false},"excerpt":{"rendered":"<p>Jos\u00e9 Guilherme Le\u00e3o Magalh\u00e3es, 9 anos, nasceu com mielomeningocele. Sem conseguir firmar o corpo, faz uso de cadeira de rodas para se locomover. Ele \u00e9 um dos estudantes da rede de Educa\u00e7\u00e3o municipal que utiliza o transporte acess\u00edvel oferecido pela Prefeitura de Jundia\u00ed para ir at\u00e9 a escola e aos tratamentos que faz na Associa\u00e7\u00e3o [&hellip;]<\/p>\n","protected":false},"author":39,"featured_media":240764,"comment_status":"closed","ping_status":"closed","sticky":false,"template":"","format":"standard","meta":{"footnotes":""},"categories":[2],"tags":[980,6,3],"ods":[],"class_list":["post-240678","post","type-post","status-publish","format-standard","has-post-thumbnail","hentry","category-noticias","tag-assistencia-e-desenvolvimento-social","tag-educacao","tag-saude"],"_links":{"self":[{"href":"https:\/\/jundiai.sp.gov.br\/noticias\/wp-json\/wp\/v2\/posts\/240678","targetHints":{"allow":["GET"]}}],"collection":[{"href":"https:\/\/jundiai.sp.gov.br\/noticias\/wp-json\/wp\/v2\/posts"}],"about":[{"href":"https:\/\/jundiai.sp.gov.br\/noticias\/wp-json\/wp\/v2\/types\/post"}],"author":[{"embeddable":true,"href":"https:\/\/jundiai.sp.gov.br\/noticias\/wp-json\/wp\/v2\/users\/39"}],"replies":[{"embeddable":true,"href":"https:\/\/jundiai.sp.gov.br\/noticias\/wp-json\/wp\/v2\/comments?post=240678"}],"version-history":[{"count":7,"href":"https:\/\/jundiai.sp.gov.br\/noticias\/wp-json\/wp\/v2\/posts\/240678\/revisions"}],"predecessor-version":[{"id":240765,"href":"https:\/\/jundiai.sp.gov.br\/noticias\/wp-json\/wp\/v2\/posts\/240678\/revisions\/240765"}],"wp:featuredmedia":[{"embeddable":true,"href":"https:\/\/jundiai.sp.gov.br\/noticias\/wp-json\/wp\/v2\/media\/240764"}],"wp:attachment":[{"href":"https:\/\/jundiai.sp.gov.br\/noticias\/wp-json\/wp\/v2\/media?parent=240678"}],"wp:term":[{"taxonomy":"category","embeddable":true,"href":"https:\/\/jundiai.sp.gov.br\/noticias\/wp-json\/wp\/v2\/categories?post=240678"},{"taxonomy":"post_tag","embeddable":true,"href":"https:\/\/jundiai.sp.gov.br\/noticias\/wp-json\/wp\/v2\/tags?post=240678"},{"taxonomy":"ods","embeddable":true,"href":"https:\/\/jundiai.sp.gov.br\/noticias\/wp-json\/wp\/v2\/ods?post=240678"}],"curies":[{"name":"wp","href":"https:\/\/api.w.org\/{rel}","templated":true}]}}