{"id":240728,"date":"2019-12-06T19:02:52","date_gmt":"2019-12-06T21:02:52","guid":{"rendered":"https:\/\/jundiai.sp.gov.br\/noticias\/?p=240728"},"modified":"2019-12-10T11:16:24","modified_gmt":"2019-12-10T13:16:24","slug":"guardas-municipais-realizam-mais-um-natal-familia-azul-marinho","status":"publish","type":"post","link":"https:\/\/jundiai.sp.gov.br\/noticias\/2019\/12\/06\/guardas-municipais-realizam-mais-um-natal-familia-azul-marinho\/","title":{"rendered":"Guardas municipais realizam mais um Natal Fam\u00edlia Azul Marinho\u00a0"},"content":{"rendered":"<div id=\"attachment_240731\" style=\"width: 4800px\" class=\"wp-caption aligncenter\"><img loading=\"lazy\" decoding=\"async\" aria-describedby=\"caption-attachment-240731\" class=\"size-full wp-image-240731\" src=\"https:\/\/jundiai.sp.gov.br\/noticias\/wp-content\/uploads\/sites\/32\/2019\/12\/gmjnatal2019.jpg\" alt=\"\" width=\"4790\" height=\"3370\" srcset=\"https:\/\/jundiai.sp.gov.br\/noticias\/wp-content\/uploads\/sites\/32\/2019\/12\/gmjnatal2019.jpg 4790w, https:\/\/jundiai.sp.gov.br\/noticias\/wp-content\/uploads\/sites\/32\/2019\/12\/gmjnatal2019-300x211.jpg 300w, https:\/\/jundiai.sp.gov.br\/noticias\/wp-content\/uploads\/sites\/32\/2019\/12\/gmjnatal2019-768x540.jpg 768w, https:\/\/jundiai.sp.gov.br\/noticias\/wp-content\/uploads\/sites\/32\/2019\/12\/gmjnatal2019-1280x901.jpg 1280w\" sizes=\"auto, (max-width: 4790px) 100vw, 4790px\" \/><p id=\"caption-attachment-240731\" class=\"wp-caption-text\">Comandante Moreno e GM Matenauer acompanham a chegada das doa\u00e7\u00f5es: em 2018 foram mais de 300 crian\u00e7as presenteadas<\/p><\/div>\n<p>Como acontece tradicionalmente todos os anos, antecipando as festas que se aproximam, a Guarda Municipal de Jundia\u00ed organiza a campanha \u201cNatal Fam\u00edlia Azul Marinho\u201d que tem o intuito de arrecadar brinquedos para presentear centenas de crian\u00e7as: em 2018 foi poss\u00edvel surpreender mais de 300 meninos e meninas, este ano a expectativa \u00e9 que este n\u00famero seja superado.<\/p>\n<div class=\"mceTemp\"><\/div>\n<p>\u00c9 o Natal Solid\u00e1rio da Guarda Municipal de Jundia\u00ed: \u201cFa\u00e7a a felicidade de uma crian\u00e7a, doe um brinquedo.\u201d A Base M\u00f3vel do programa Centro Seguro \u2013 instalada no Cal\u00e7ad\u00e3o da Rua Bar\u00e3o de Jundia\u00ed, na Pra\u00e7a da Matriz \u2013 recebe os presentes at\u00e9 o dia 11 de dezembro (quarta-feira): a distribui\u00e7\u00e3o acontece na sexta-feira (13), a partir das 14 horas, nos locais a serem definidos pela equipe.<\/p>\n<p>Comandante da institui\u00e7\u00e3o, o inspetor Benedito Marcos Moreno ressalta o trabalho socioeducativo realizado. \u201cH\u00e1 70 anos a Guarda Municipal de Jundia\u00ed preza por manter a ordem p\u00fablica, estar cada vez mais pr\u00f3xima da comunidade, orientando e auxiliando; empenhada em garantir a seguran\u00e7a e o seu bem-estar. Com as crian\u00e7as o carinho \u00e9 sempre muito especial: ser\u00e3o os futuros cidad\u00e3os e nesta sentido contribu\u00edmos com a nossa parcela para a sua correta forma\u00e7\u00e3o. Presente\u00e1-las \u00e9 muito gratificante.\u201d<\/p>\n<p>GM Matenauer est\u00e1 \u00e1 frente da organiza\u00e7\u00e3o do evento e n\u00e3o esconde a sua expectativa. \u201cPara as crian\u00e7as a nossa Corpora\u00e7\u00e3o representa uma grande amiga, temos uma conviv\u00eancia di\u00e1ria de muita alegria e respeito nas ruas, nas escolas, em todos os espa\u00e7os p\u00fablicos. Por isso a ideia de ampliar o nosso trabalho social principalmente quando chega o Natal. Este ano ser\u00e1 diferente: estamos preparando com muito carinho algumas surpresas para as nossas crian\u00e7as. Para isso contamos com a parceria de empres\u00e1rios, comerciantes, toda a comunidade\u201d, declarou o GM Matenauer que est\u00e1 \u00e0 frente da organiza\u00e7\u00e3o do evento junto com as demais equipes.<\/p>\n<p><strong>Assessoria de Imprensa GMJ<\/strong><br \/>\n<strong>Foto: GM Guerino<\/strong><\/p>\n","protected":false},"excerpt":{"rendered":"<p>Como acontece tradicionalmente todos os anos, antecipando as festas que se aproximam, a Guarda Municipal de Jundia\u00ed organiza a campanha \u201cNatal Fam\u00edlia Azul Marinho\u201d que tem o intuito de arrecadar brinquedos para presentear centenas de crian\u00e7as: em 2018 foi poss\u00edvel surpreender mais de 300 meninos e meninas, este ano a expectativa \u00e9 que este n\u00famero [&hellip;]<\/p>\n","protected":false},"author":48,"featured_media":0,"comment_status":"closed","ping_status":"closed","sticky":false,"template":"","format":"standard","meta":{"footnotes":""},"categories":[2],"tags":[31],"ods":[],"class_list":["post-240728","post","type-post","status-publish","format-standard","hentry","category-noticias","tag-guarda-municipal"],"_links":{"self":[{"href":"https:\/\/jundiai.sp.gov.br\/noticias\/wp-json\/wp\/v2\/posts\/240728","targetHints":{"allow":["GET"]}}],"collection":[{"href":"https:\/\/jundiai.sp.gov.br\/noticias\/wp-json\/wp\/v2\/posts"}],"about":[{"href":"https:\/\/jundiai.sp.gov.br\/noticias\/wp-json\/wp\/v2\/types\/post"}],"author":[{"embeddable":true,"href":"https:\/\/jundiai.sp.gov.br\/noticias\/wp-json\/wp\/v2\/users\/48"}],"replies":[{"embeddable":true,"href":"https:\/\/jundiai.sp.gov.br\/noticias\/wp-json\/wp\/v2\/comments?post=240728"}],"version-history":[{"count":10,"href":"https:\/\/jundiai.sp.gov.br\/noticias\/wp-json\/wp\/v2\/posts\/240728\/revisions"}],"predecessor-version":[{"id":240954,"href":"https:\/\/jundiai.sp.gov.br\/noticias\/wp-json\/wp\/v2\/posts\/240728\/revisions\/240954"}],"wp:attachment":[{"href":"https:\/\/jundiai.sp.gov.br\/noticias\/wp-json\/wp\/v2\/media?parent=240728"}],"wp:term":[{"taxonomy":"category","embeddable":true,"href":"https:\/\/jundiai.sp.gov.br\/noticias\/wp-json\/wp\/v2\/categories?post=240728"},{"taxonomy":"post_tag","embeddable":true,"href":"https:\/\/jundiai.sp.gov.br\/noticias\/wp-json\/wp\/v2\/tags?post=240728"},{"taxonomy":"ods","embeddable":true,"href":"https:\/\/jundiai.sp.gov.br\/noticias\/wp-json\/wp\/v2\/ods?post=240728"}],"curies":[{"name":"wp","href":"https:\/\/api.w.org\/{rel}","templated":true}]}}