{"id":240736,"date":"2019-12-07T16:23:43","date_gmt":"2019-12-07T18:23:43","guid":{"rendered":"https:\/\/jundiai.sp.gov.br\/noticias\/?p=240736"},"modified":"2019-12-07T16:23:43","modified_gmt":"2019-12-07T18:23:43","slug":"300-estudantes-se-formam-no-centro-de-linguas-de-jundiai","status":"publish","type":"post","link":"https:\/\/jundiai.sp.gov.br\/noticias\/2019\/12\/07\/300-estudantes-se-formam-no-centro-de-linguas-de-jundiai\/","title":{"rendered":"300 estudantes se formam no Centro de L\u00ednguas de Jundia\u00ed"},"content":{"rendered":"<p>A noite desta sexta-feira (6) foi de sensa\u00e7\u00e3o de dever cumprido para 300 alunos dos cursos de ingl\u00eas, franc\u00eas, italiano, espanhol, libras e inform\u00e1tica do Centro de L\u00ednguas e de Tecnologia da Informa\u00e7\u00e3o Antonio Houaiss, equipamento da Prefeitura de Jundia\u00ed direcionado \u00e0 oferta de Educa\u00e7\u00e3o \u00e0 popula\u00e7\u00e3o com o ensino de l\u00ednguas estrangeiras. Os estudantes se formaram em clima de muita alegria. O Centro de L\u00ednguas faz parte do Programa Escola Inovadora, da Unidade de Gest\u00e3o de Educa\u00e7\u00e3o (UGE).<\/p>\n<p>A cerim\u00f4nia aconteceu no Parque Comendador Ant\u00f4nio Carbonari (Parque da Uva) e contou com as presen\u00e7as da gestora adjunta da UGE, Alda da Cruz Pinheiro (representando o prefeito Luiz Fernando Machado e a titular da Unidade de Gest\u00e3o, Vasti Ferrari Marques), e da diretora do Centro de L\u00ednguas, Carolina Gasparotto Bertolo.<\/p>\n<div id=\"attachment_240792\" style=\"width: 746px\" class=\"wp-caption aligncenter\"><img loading=\"lazy\" decoding=\"async\" aria-describedby=\"caption-attachment-240792\" class=\"size-large wp-image-240792\" src=\"https:\/\/jundiai.sp.gov.br\/noticias\/wp-content\/uploads\/sites\/32\/2019\/12\/formatura_centro_de_linguas-242isabelaealda-736x960.jpg\" alt=\"\" width=\"736\" height=\"960\" srcset=\"https:\/\/jundiai.sp.gov.br\/noticias\/wp-content\/uploads\/sites\/32\/2019\/12\/formatura_centro_de_linguas-242isabelaealda-736x960.jpg 736w, https:\/\/jundiai.sp.gov.br\/noticias\/wp-content\/uploads\/sites\/32\/2019\/12\/formatura_centro_de_linguas-242isabelaealda-300x391.jpg 300w, https:\/\/jundiai.sp.gov.br\/noticias\/wp-content\/uploads\/sites\/32\/2019\/12\/formatura_centro_de_linguas-242isabelaealda-768x1002.jpg 768w, https:\/\/jundiai.sp.gov.br\/noticias\/wp-content\/uploads\/sites\/32\/2019\/12\/formatura_centro_de_linguas-242isabelaealda.jpg 1323w\" sizes=\"auto, (max-width: 736px) 100vw, 736px\" \/><p id=\"caption-attachment-240792\" class=\"wp-caption-text\">Alda Pinheiro e a formanda Isabella Pav\u00e3o: noite de celebra\u00e7\u00e3o no Parque da Uva<\/p><\/div>\n<p>Os presentes ao pavilh\u00e3o 2 do Parque da Uva ainda puderam curtir o Coral Gruppo It\u00e1lia Canta e ver os professores Valdin\u00e9ia e Eleazar, do Curso de Libras, tamb\u00e9m de iniciativa da UGE, passando as informa\u00e7\u00f5es ao p\u00fablico usando a linguagem de sinais, como forma de inclus\u00e3o dos deficientes auditivos \u00e0 sociedade.<\/p>\n<p>Parabenizo a todos os alunos pelo esfor\u00e7o que fizeram para chegar a esta noite. O Centro de L\u00ednguas proporciona oportunidades e desejo boa sorte aos formandos&#8221;, disse Alda da Cruz Pinheiro.<\/p>\n<div id=\"attachment_240794\" style=\"width: 1034px\" class=\"wp-caption aligncenter\"><img loading=\"lazy\" decoding=\"async\" aria-describedby=\"caption-attachment-240794\" class=\"wp-image-240794 size-large\" src=\"https:\/\/jundiai.sp.gov.br\/noticias\/wp-content\/uploads\/sites\/32\/2019\/12\/formatura_centro_de_linguas-157-1280x717.jpg\" alt=\"\" width=\"1024\" height=\"574\" srcset=\"https:\/\/jundiai.sp.gov.br\/noticias\/wp-content\/uploads\/sites\/32\/2019\/12\/formatura_centro_de_linguas-157-1280x717.jpg 1280w, https:\/\/jundiai.sp.gov.br\/noticias\/wp-content\/uploads\/sites\/32\/2019\/12\/formatura_centro_de_linguas-157-300x168.jpg 300w, https:\/\/jundiai.sp.gov.br\/noticias\/wp-content\/uploads\/sites\/32\/2019\/12\/formatura_centro_de_linguas-157-768x430.jpg 768w, https:\/\/jundiai.sp.gov.br\/noticias\/wp-content\/uploads\/sites\/32\/2019\/12\/formatura_centro_de_linguas-157.jpg 1323w\" sizes=\"auto, (max-width: 1024px) 100vw, 1024px\" \/><p id=\"caption-attachment-240794\" class=\"wp-caption-text\">Parque da Uva sediou a formatura de 300 alunos dos cursos de ingl\u00eas, franc\u00eas, italiano, espanhol, libras e inform\u00e1tica do Centro de L\u00ednguas<\/p><\/div>\n<p>&#8220;Agrade\u00e7o aos alunos pela confian\u00e7a. O ensino de l\u00ednguas estrangeiras oferecido gratuitamente para a popula\u00e7\u00e3o \u00e9 uma ferramenta para o desenvolvimento humano e a qualifica\u00e7\u00e3o profissional num mercado globalizado como o atual&#8221;, emendou Carolina Gasparotto Bertolo.<\/p>\n<p>Isabella Pav\u00e3o faz 17 anos no pr\u00f3ximo dia 17 e estava muito feliz ao receber seu certificado de conclus\u00e3o do curso de inform\u00e1tica, cuja dura\u00e7\u00e3o foi de um ano e meio. &#8220;Gostei muito das aulas. \u00c9 \u00f3timo estudar no Centro de L\u00ednguas, que ajuda quem n\u00e3o tem condi\u00e7\u00f5es de pagar por um curso a se aperfei\u00e7oar&#8221;, destacou Isabella.<\/p>\n<p><strong>Para 2020<\/strong><\/p>\n<p>Em 2020, o Centro de L\u00ednguas contar\u00e1 com 650 vagas abertas, resultando num crescimento de 62% em rela\u00e7\u00e3o \u00e0 sele\u00e7\u00e3o anterior. Ao todo, 2,3 mil alunos estudam no espa\u00e7o, localizado no Complexo Argos.<\/p>\n<p>As aulas, realizadas duas vezes por semana, com dura\u00e7\u00e3o de 1h30 cada, s\u00e3o de curso n\u00edvel b\u00e1sico.<\/p>\n<p>O Centro de L\u00ednguas fica na Avenida Dr. Cavalcanti, 396, na Vila Argos. O telefone \u00e9 (11) 4607-3444.<\/p>\n<p><strong>Assessoria de Imprensa<\/strong><br \/>\n<strong>Fotos: Fot\u00f3grafos PMJ<\/strong><\/p>\n","protected":false},"excerpt":{"rendered":"<p>A noite desta sexta-feira (6) foi de sensa\u00e7\u00e3o de dever cumprido para 300 alunos dos cursos de ingl\u00eas, franc\u00eas, italiano, espanhol, libras e inform\u00e1tica do Centro de L\u00ednguas e de Tecnologia da Informa\u00e7\u00e3o Antonio Houaiss, equipamento da Prefeitura de Jundia\u00ed direcionado \u00e0 oferta de Educa\u00e7\u00e3o \u00e0 popula\u00e7\u00e3o com o ensino de l\u00ednguas estrangeiras. Os estudantes [&hellip;]<\/p>\n","protected":false},"author":54,"featured_media":0,"comment_status":"closed","ping_status":"closed","sticky":false,"template":"","format":"standard","meta":{"footnotes":""},"categories":[2],"tags":[336,6,1061],"ods":[],"class_list":["post-240736","post","type-post","status-publish","format-standard","hentry","category-noticias","tag-centro-de-linguas-e-tecnologia-da-informacao","tag-educacao","tag-escola-inovadora"],"_links":{"self":[{"href":"https:\/\/jundiai.sp.gov.br\/noticias\/wp-json\/wp\/v2\/posts\/240736","targetHints":{"allow":["GET"]}}],"collection":[{"href":"https:\/\/jundiai.sp.gov.br\/noticias\/wp-json\/wp\/v2\/posts"}],"about":[{"href":"https:\/\/jundiai.sp.gov.br\/noticias\/wp-json\/wp\/v2\/types\/post"}],"author":[{"embeddable":true,"href":"https:\/\/jundiai.sp.gov.br\/noticias\/wp-json\/wp\/v2\/users\/54"}],"replies":[{"embeddable":true,"href":"https:\/\/jundiai.sp.gov.br\/noticias\/wp-json\/wp\/v2\/comments?post=240736"}],"version-history":[{"count":9,"href":"https:\/\/jundiai.sp.gov.br\/noticias\/wp-json\/wp\/v2\/posts\/240736\/revisions"}],"predecessor-version":[{"id":240796,"href":"https:\/\/jundiai.sp.gov.br\/noticias\/wp-json\/wp\/v2\/posts\/240736\/revisions\/240796"}],"wp:attachment":[{"href":"https:\/\/jundiai.sp.gov.br\/noticias\/wp-json\/wp\/v2\/media?parent=240736"}],"wp:term":[{"taxonomy":"category","embeddable":true,"href":"https:\/\/jundiai.sp.gov.br\/noticias\/wp-json\/wp\/v2\/categories?post=240736"},{"taxonomy":"post_tag","embeddable":true,"href":"https:\/\/jundiai.sp.gov.br\/noticias\/wp-json\/wp\/v2\/tags?post=240736"},{"taxonomy":"ods","embeddable":true,"href":"https:\/\/jundiai.sp.gov.br\/noticias\/wp-json\/wp\/v2\/ods?post=240736"}],"curies":[{"name":"wp","href":"https:\/\/api.w.org\/{rel}","templated":true}]}}