{"id":240839,"date":"2019-12-09T15:50:13","date_gmt":"2019-12-09T17:50:13","guid":{"rendered":"https:\/\/jundiai.sp.gov.br\/noticias\/?p=240839"},"modified":"2019-12-09T15:50:26","modified_gmt":"2019-12-09T17:50:26","slug":"240839","status":"publish","type":"post","link":"https:\/\/jundiai.sp.gov.br\/noticias\/2019\/12\/09\/240839\/","title":{"rendered":"Nova rua do S\u00e3o Camilo recebe \u00faltima camada de asfalto"},"content":{"rendered":"<p>A partir desta segunda-feira (9), a construtora Vers\u00e1til, respons\u00e1vel pela realiza\u00e7\u00e3o da obra vi\u00e1ria do Jardim S\u00e3o Camilo, inicia os trabalhos de aplica\u00e7\u00e3o da \u00faltima camada de asfalto no prolongamento da Rua Jos\u00e9 Maria Whitaker e na rua nova, constru\u00edda pela Prefeitura de Jundia\u00ed para a interliga\u00e7\u00e3o vi\u00e1ria com o Jardim da Fonte.<\/p>\n<div id=\"attachment_240840\" style=\"width: 1034px\" class=\"wp-caption aligncenter\"><img loading=\"lazy\" decoding=\"async\" aria-describedby=\"caption-attachment-240840\" src=\"https:\/\/jundiai.sp.gov.br\/noticias\/wp-content\/uploads\/sites\/32\/2019\/12\/design-sem-nome-6-1280x640.png\" alt=\"\" width=\"1024\" height=\"512\" class=\"size-large wp-image-240840\" srcset=\"https:\/\/jundiai.sp.gov.br\/noticias\/wp-content\/uploads\/sites\/32\/2019\/12\/design-sem-nome-6-1280x640.png 1280w, https:\/\/jundiai.sp.gov.br\/noticias\/wp-content\/uploads\/sites\/32\/2019\/12\/design-sem-nome-6-300x150.png 300w, https:\/\/jundiai.sp.gov.br\/noticias\/wp-content\/uploads\/sites\/32\/2019\/12\/design-sem-nome-6-768x384.png 768w, https:\/\/jundiai.sp.gov.br\/noticias\/wp-content\/uploads\/sites\/32\/2019\/12\/design-sem-nome-6.png 2000w\" sizes=\"auto, (max-width: 1024px) 100vw, 1024px\" \/><p id=\"caption-attachment-240840\" class=\"wp-caption-text\">Carros estacionados ao longo da nova rua do S\u00e3o Camilo devem ser retirados o quanto antes para que a \u00faltima camada de asfalto possa ser aplicada<\/p><\/div>\n<p>Sob responsabilidade da FUMAS, a obra de infraestrutura vi\u00e1ria ligar\u00e1 as ruas Pedro Ravaiani, na parte baixa do bairro, \u00e0 \u00c2ngelo Rivelli, no Jardim da Fonte, e foi constru\u00edda no trecho que antes era ocupado por 400 fam\u00edlias, hoje instaladas nos Residenciais G\u00eanova e Roma. \u201cA obra foi iniciada em meados de 2016 e \u00e9 bastante complexa, especialmente por conta das dificuldades topogr\u00e1ficas e geol\u00f3gicas do terreno\u201d, lembrou a superintendente da FUMAS, Solange Marques. \u201cEstamos muito felizes em poder entregar esta obra nos pr\u00f3ximos dias e por saber que esta a\u00e7\u00e3o conclu\u00edda pelo governo Luiz Fernando Machado trar\u00e1 uma maior mobilidade e facilitar\u00e1 bastante a vida dos moradores do S\u00e3o Camilo\u201d, complementa. <\/p>\n<p>Dentre os \u00faltimos acertos para a entrega da obra, est\u00e1 a aplica\u00e7\u00e3o da \u00faltima camada de asfalto e pintura da sinaliza\u00e7\u00e3o vi\u00e1ria, e, para isso, a colabora\u00e7\u00e3o da popula\u00e7\u00e3o local \u00e9 de extrema import\u00e2ncia. \u201cExistem muitos carros estacionados ao longo da nova via e precisamos que eles sejam retirados o quanto antes. Estamos pedindo \u00e0s lideran\u00e7as locais e tamb\u00e9m falando com os moradores, mas \u00e9 importante que todos tenham consci\u00eancia de que isso \u00e9 essencial para a conclus\u00e3o da obra\u201d, argumenta o diretor do Departamento de Obras e Projetos da FUMAS, Domingos Silva.<\/p>\n<p><strong>Passagem dos caminh\u00f5es<\/strong><\/p>\n<p>Por se tratar de uma via com alguns trechos de curvas sinuosas, os carros estacionados tamb\u00e9m prejudicam a passagem de m\u00e1quinas e demais caminh\u00f5es que trabalham no local. \u201cSe os carros permanecerem estacionados, podem, inclusive, ser danificados durante a aplica\u00e7\u00e3o do asfalto. Caso n\u00e3o sejam retirados, tamb\u00e9m correm o risco de serem guinchados e o custo da estadia no p\u00e1tio e da libera\u00e7\u00e3o do ve\u00edculo ser\u00e1 repassado ao propriet\u00e1rio\u201d, avisa o diretor, lembrando que a libera\u00e7\u00e3o da via para tr\u00e1fego de ve\u00edculos ocorrer\u00e1 somente a partir do dia 20, ap\u00f3s a entrega oficial do trecho \u00e0 popula\u00e7\u00e3o. <\/p>\n<p><em><strong>Assessoria de Imprensa \u2013 FUMAS<br \/>\nFotos: Divulga\u00e7\u00e3o<\/strong><\/em><\/p>\n","protected":false},"excerpt":{"rendered":"<p>A partir desta segunda-feira (9), a construtora Vers\u00e1til, respons\u00e1vel pela realiza\u00e7\u00e3o da obra vi\u00e1ria do Jardim S\u00e3o Camilo, inicia os trabalhos de aplica\u00e7\u00e3o da \u00faltima camada de asfalto no prolongamento da Rua Jos\u00e9 Maria Whitaker e na rua nova, constru\u00edda pela Prefeitura de Jundia\u00ed para a interliga\u00e7\u00e3o vi\u00e1ria com o Jardim da Fonte. Sob responsabilidade [&hellip;]<\/p>\n","protected":false},"author":40,"featured_media":0,"comment_status":"closed","ping_status":"closed","sticky":false,"template":"","format":"standard","meta":{"footnotes":""},"categories":[2],"tags":[49],"ods":[],"class_list":["post-240839","post","type-post","status-publish","format-standard","hentry","category-noticias","tag-fundacao-municipal-de-acao-social-fumas"],"_links":{"self":[{"href":"https:\/\/jundiai.sp.gov.br\/noticias\/wp-json\/wp\/v2\/posts\/240839","targetHints":{"allow":["GET"]}}],"collection":[{"href":"https:\/\/jundiai.sp.gov.br\/noticias\/wp-json\/wp\/v2\/posts"}],"about":[{"href":"https:\/\/jundiai.sp.gov.br\/noticias\/wp-json\/wp\/v2\/types\/post"}],"author":[{"embeddable":true,"href":"https:\/\/jundiai.sp.gov.br\/noticias\/wp-json\/wp\/v2\/users\/40"}],"replies":[{"embeddable":true,"href":"https:\/\/jundiai.sp.gov.br\/noticias\/wp-json\/wp\/v2\/comments?post=240839"}],"version-history":[{"count":3,"href":"https:\/\/jundiai.sp.gov.br\/noticias\/wp-json\/wp\/v2\/posts\/240839\/revisions"}],"predecessor-version":[{"id":240844,"href":"https:\/\/jundiai.sp.gov.br\/noticias\/wp-json\/wp\/v2\/posts\/240839\/revisions\/240844"}],"wp:attachment":[{"href":"https:\/\/jundiai.sp.gov.br\/noticias\/wp-json\/wp\/v2\/media?parent=240839"}],"wp:term":[{"taxonomy":"category","embeddable":true,"href":"https:\/\/jundiai.sp.gov.br\/noticias\/wp-json\/wp\/v2\/categories?post=240839"},{"taxonomy":"post_tag","embeddable":true,"href":"https:\/\/jundiai.sp.gov.br\/noticias\/wp-json\/wp\/v2\/tags?post=240839"},{"taxonomy":"ods","embeddable":true,"href":"https:\/\/jundiai.sp.gov.br\/noticias\/wp-json\/wp\/v2\/ods?post=240839"}],"curies":[{"name":"wp","href":"https:\/\/api.w.org\/{rel}","templated":true}]}}