{"id":240853,"date":"2019-12-09T19:07:03","date_gmt":"2019-12-09T21:07:03","guid":{"rendered":"https:\/\/jundiai.sp.gov.br\/noticias\/?p=240853"},"modified":"2019-12-10T11:39:48","modified_gmt":"2019-12-10T13:39:48","slug":"amigo-da-guarda-municipal-ganha-festa-de-aniversario-surpresa","status":"publish","type":"post","link":"https:\/\/jundiai.sp.gov.br\/noticias\/2019\/12\/09\/amigo-da-guarda-municipal-ganha-festa-de-aniversario-surpresa\/","title":{"rendered":"Amigo da Guarda Municipal ganha festa de anivers\u00e1rio surpresa"},"content":{"rendered":"<div id=\"attachment_240854\" style=\"width: 5194px\" class=\"wp-caption aligncenter\"><img loading=\"lazy\" decoding=\"async\" aria-describedby=\"caption-attachment-240854\" class=\"size-full wp-image-240854\" src=\"https:\/\/jundiai.sp.gov.br\/noticias\/wp-content\/uploads\/sites\/32\/2019\/12\/bentoaniversariodezembro2019.jpg\" alt=\"\" width=\"5184\" height=\"3456\" srcset=\"https:\/\/jundiai.sp.gov.br\/noticias\/wp-content\/uploads\/sites\/32\/2019\/12\/bentoaniversariodezembro2019.jpg 5184w, https:\/\/jundiai.sp.gov.br\/noticias\/wp-content\/uploads\/sites\/32\/2019\/12\/bentoaniversariodezembro2019-300x200.jpg 300w, https:\/\/jundiai.sp.gov.br\/noticias\/wp-content\/uploads\/sites\/32\/2019\/12\/bentoaniversariodezembro2019-768x512.jpg 768w, https:\/\/jundiai.sp.gov.br\/noticias\/wp-content\/uploads\/sites\/32\/2019\/12\/bentoaniversariodezembro2019-1280x853.jpg 1280w, https:\/\/jundiai.sp.gov.br\/noticias\/wp-content\/uploads\/sites\/32\/2019\/12\/bentoaniversariodezembro2019-450x300.jpg 450w\" sizes=\"auto, (max-width: 5184px) 100vw, 5184px\" \/><p id=\"caption-attachment-240854\" class=\"wp-caption-text\">Respeito e carinho rec\u00edprocos: uma amizade que representa o compromisso da Guarda Municipal em garantir o bem-estar do pr\u00f3ximo<\/p><\/div>\n<p>Aten\u00e7\u00e3o, carinho e respeito s\u00e3o demonstra\u00e7\u00f5es que marcam os 70 anos de trajet\u00f3ria da Guarda Municipal de Jundia\u00ed, sempre pronta para atender ao pr\u00f3ximo. Um trabalho socioeducativo que tem o reconhecimento de crian\u00e7as, jovens e adultos, seja nas ruas ou em eventos como os realizados pelo Canil: a comemora\u00e7\u00e3o ao anivers\u00e1rio de Bento \u00e9 a prova disso.<\/p>\n<p>Antonio Carlos de Miranda \u2013 carinhosamente chamado de Bento, muito conhecido na cidade \u2013 \u00e9 morador no bairro do Travi\u00fa, e faz quest\u00e3o de contar a todo momento que \u00e9 torcedor fan\u00e1tico do Paulista Futebol Clube. Sempre que pode visita a Guarda Municipal de Jundia\u00ed: \u201c\u00e9 muito longe mas gosto demais dos meus amigos: um dia vou ser guarda municipal!\u201d<\/p>\n<p>Nesta segunda-feira (9), ao completar 39 anos, Bento ganhou uma festa surpresa: ao chegar acompanhado pela m\u00e3e S\u00f4nia, para uma visita costumeira, foi recebido pelo subinspetor Castro e demais agentes de seguran\u00e7a p\u00fablica que prepararam tudo para a comemora\u00e7\u00e3o do seu anivers\u00e1rio.<\/p>\n<p>Para o inspetor Moreno \u2013 comandante da institui\u00e7\u00e3o \u2013 esta proximidade \u00e9 muito valiosa. \u201cSomos o bra\u00e7o forte, a m\u00e3o amiga, cumprimos o nosso compromisso de promover a seguran\u00e7a e o bem-estar da comunidade. O Bento \u00e9 muito estimado por todos n\u00f3s.\u201d<\/p>\n<p>\u201cN\u00e3o poder\u00edamos deixar de comemorar o anivers\u00e1rio de Bento. A Guarda Municipal est\u00e1 sempre bem pr\u00f3xima das pessoas, cria v\u00ednculos de amizade muito importantes e fortes. O Bento j\u00e1 \u00e9 de casa\u201d, comentou o inspetor Alceu, chefe da Especializada Canil \u2013 Opera\u00e7\u00f5es com C\u00e3es.<\/p>\n<p>Muito emocionado, Bento prestou contin\u00eancia aos amigos presentes. \u201cGostei de tudo, n\u00e3o estou acreditando: presente para mim. Um dia vou conseguir dar de presente uma casa para a minha m\u00e3e.\u201d<\/p>\n<p>Sempre ao lado do filho, S\u00f4nia Aparecida Colodo Miranda conta que Bento \u00e9 muito educado e querido. \u201cEle n\u00e3o consegue se expressar muito bem, mas tem muitos amigos, adora a Guarda Municipal: respeita a todos. Meu filho \u00e9 uma ben\u00e7\u00e3o: todo mundo gosta dele.\u201d<\/p>\n<p>&nbsp;<\/p>\n<p><strong>Assessoria de Imprensa GMJ<\/strong><\/p>\n<p><strong>Foto: GM Guerino\u00a0 \u00a0 \u00a0<\/strong><\/p>\n<p>&nbsp;<\/p>\n<p>&nbsp;<\/p>\n","protected":false},"excerpt":{"rendered":"<p>Aten\u00e7\u00e3o, carinho e respeito s\u00e3o demonstra\u00e7\u00f5es que marcam os 70 anos de trajet\u00f3ria da Guarda Municipal de Jundia\u00ed, sempre pronta para atender ao pr\u00f3ximo. Um trabalho socioeducativo que tem o reconhecimento de crian\u00e7as, jovens e adultos, seja nas ruas ou em eventos como os realizados pelo Canil: a comemora\u00e7\u00e3o ao anivers\u00e1rio de Bento \u00e9 a [&hellip;]<\/p>\n","protected":false},"author":48,"featured_media":0,"comment_status":"closed","ping_status":"closed","sticky":false,"template":"","format":"standard","meta":{"footnotes":""},"categories":[2],"tags":[1275],"ods":[],"class_list":["post-240853","post","type-post","status-publish","format-standard","hentry","category-noticias","tag-canil"],"_links":{"self":[{"href":"https:\/\/jundiai.sp.gov.br\/noticias\/wp-json\/wp\/v2\/posts\/240853","targetHints":{"allow":["GET"]}}],"collection":[{"href":"https:\/\/jundiai.sp.gov.br\/noticias\/wp-json\/wp\/v2\/posts"}],"about":[{"href":"https:\/\/jundiai.sp.gov.br\/noticias\/wp-json\/wp\/v2\/types\/post"}],"author":[{"embeddable":true,"href":"https:\/\/jundiai.sp.gov.br\/noticias\/wp-json\/wp\/v2\/users\/48"}],"replies":[{"embeddable":true,"href":"https:\/\/jundiai.sp.gov.br\/noticias\/wp-json\/wp\/v2\/comments?post=240853"}],"version-history":[{"count":6,"href":"https:\/\/jundiai.sp.gov.br\/noticias\/wp-json\/wp\/v2\/posts\/240853\/revisions"}],"predecessor-version":[{"id":240964,"href":"https:\/\/jundiai.sp.gov.br\/noticias\/wp-json\/wp\/v2\/posts\/240853\/revisions\/240964"}],"wp:attachment":[{"href":"https:\/\/jundiai.sp.gov.br\/noticias\/wp-json\/wp\/v2\/media?parent=240853"}],"wp:term":[{"taxonomy":"category","embeddable":true,"href":"https:\/\/jundiai.sp.gov.br\/noticias\/wp-json\/wp\/v2\/categories?post=240853"},{"taxonomy":"post_tag","embeddable":true,"href":"https:\/\/jundiai.sp.gov.br\/noticias\/wp-json\/wp\/v2\/tags?post=240853"},{"taxonomy":"ods","embeddable":true,"href":"https:\/\/jundiai.sp.gov.br\/noticias\/wp-json\/wp\/v2\/ods?post=240853"}],"curies":[{"name":"wp","href":"https:\/\/api.w.org\/{rel}","templated":true}]}}