{"id":240865,"date":"2019-12-09T19:27:23","date_gmt":"2019-12-09T21:27:23","guid":{"rendered":"https:\/\/jundiai.sp.gov.br\/noticias\/?p=240865"},"modified":"2019-12-09T19:27:23","modified_gmt":"2019-12-09T21:27:23","slug":"cultura-realiza-mais-um-plantao-de-esclarecimentos-sobre-o-cadastro-de-artistas","status":"publish","type":"post","link":"https:\/\/jundiai.sp.gov.br\/noticias\/2019\/12\/09\/cultura-realiza-mais-um-plantao-de-esclarecimentos-sobre-o-cadastro-de-artistas\/","title":{"rendered":"Cultura realiza mais um plant\u00e3o de esclarecimentos sobre o Cadastro de Artistas"},"content":{"rendered":"<p>A Unidade de Gest\u00e3o de Cultura (UGC) realiza nesta quarta-feira (11), a partir das 19h, mais um plant\u00e3o de esclarecimentos sobre o <a href=\"https:\/\/cultura.jundiai.sp.gov.br\/cadastro-de-artistas\/\" target=\"_blank\" rel=\"noopener noreferrer\">Cadastro de Artistas<\/a>. O encontro, que ser\u00e1 realizado na Sala Jundia\u00ed do Complexo Fepasa, tem como objetivo refor\u00e7ar as funcionalidades do cadastro online para a inclus\u00e3o de projetos, a fim de facilitar a divulga\u00e7\u00e3o dos trabalhos desenvolvidos pelos artistas do Munic\u00edpio.<\/p>\n<p>Segundo o diretor do Departamento de Cultura da UGC, Jo\u00e3o Carlos De Luca, esta \u00e9 a \u00faltima oportunidade antes da <a href=\"https:\/\/festadauva.jundiai.sp.gov.br\/\" target=\"_blank\" rel=\"noopener noreferrer\">Festa da Uva e Expo Vinhos<\/a>. \u201cO artista que j\u00e1 incluiu o seu projeto e o mant\u00e9m atualizado n\u00e3o tem com que se preocupar, pois os projetos v\u00e1lidos seguem permanentes para contrata\u00e7\u00e3o. No entanto, ainda notamos muitos dos 1200 artistas, que fizeram seus cadastros no sistema, n\u00e3o inclu\u00edram seus projetos. E \u00e9 por meio deles que s\u00e3o realizadas as contrata\u00e7\u00f5es\u201d.<\/p>\n<p>Lan\u00e7ado em 2017, o Cadastro de Artistas \u00e9 uma ferramenta online, desenvolvida em parceria com a Companhia de Inform\u00e1tica de Jundia\u00ed (Cijun), que fica hospedada no site da Cultura. Al\u00e9m das contrata\u00e7\u00f5es dos artistas para os eventos da agenda cultural municipal, qualquer pessoa ou empresa interessada em realizar contrata\u00e7\u00f5es pode acessar o banco de dados.<\/p>\n<p>Para os artistas que ainda tiverem d\u00favidas sobre o Cadastro, a UGC mant\u00e9m um canal aberto para atendimento presencial. Artistas interessados devem somente agendar um hor\u00e1rio pelo telefone 4585-9750. O Complexo Fepasa fica na avenida Uni\u00e3o dos Ferrovi\u00e1rios, 1760.<\/p>\n<div id=\"attachment_240868\" style=\"width: 1034px\" class=\"wp-caption aligncenter\"><img loading=\"lazy\" decoding=\"async\" aria-describedby=\"caption-attachment-240868\" class=\"size-large wp-image-240868\" src=\"https:\/\/jundiai.sp.gov.br\/noticias\/wp-content\/uploads\/sites\/32\/2019\/12\/cultura_complexo_fepasa-68-1116x960.jpg\" alt=\"Pessoas sentadas em audit\u00f3rio, assistindo a uma apresenta\u00e7\u00e3o de dois homens \u00e0 frente, um sentado e outro em p\u00e9, com projetor de tela\" width=\"1024\" height=\"881\" srcset=\"https:\/\/jundiai.sp.gov.br\/noticias\/wp-content\/uploads\/sites\/32\/2019\/12\/cultura_complexo_fepasa-68-1116x960.jpg 1116w, https:\/\/jundiai.sp.gov.br\/noticias\/wp-content\/uploads\/sites\/32\/2019\/12\/cultura_complexo_fepasa-68-300x258.jpg 300w, https:\/\/jundiai.sp.gov.br\/noticias\/wp-content\/uploads\/sites\/32\/2019\/12\/cultura_complexo_fepasa-68-768x661.jpg 768w, https:\/\/jundiai.sp.gov.br\/noticias\/wp-content\/uploads\/sites\/32\/2019\/12\/cultura_complexo_fepasa-68.jpg 1323w\" sizes=\"auto, (max-width: 1024px) 100vw, 1024px\" \/><p id=\"caption-attachment-240868\" class=\"wp-caption-text\">O Cadastro \u00e9 uma oportunidade para que artistas divulguem seu trabalho e sejam contratados pela Prefeitura para os eventos<\/p><\/div>\n<p><strong>Assessoria de Imprensa<br \/>\nFoto: Fot\u00f3grafos PMJ<\/strong><\/p>\n","protected":false},"excerpt":{"rendered":"<p>Cadastro \u00e9 uma oportunidade para que artistas divulguem seu trabalho e sejam contratados pela Prefeitura para os eventos. Este \u00e9 o \u00faltimo encontro antes da Festa da Uva e Expo Vinhos<\/p>\n","protected":false},"author":14,"featured_media":240868,"comment_status":"closed","ping_status":"closed","sticky":false,"template":"","format":"standard","meta":{"footnotes":""},"categories":[2],"tags":[1421,29,449],"ods":[],"class_list":["post-240865","post","type-post","status-publish","format-standard","has-post-thumbnail","hentry","category-noticias","tag-cadastro-de-artistas","tag-cultura","tag-espaco-expressa"],"_links":{"self":[{"href":"https:\/\/jundiai.sp.gov.br\/noticias\/wp-json\/wp\/v2\/posts\/240865","targetHints":{"allow":["GET"]}}],"collection":[{"href":"https:\/\/jundiai.sp.gov.br\/noticias\/wp-json\/wp\/v2\/posts"}],"about":[{"href":"https:\/\/jundiai.sp.gov.br\/noticias\/wp-json\/wp\/v2\/types\/post"}],"author":[{"embeddable":true,"href":"https:\/\/jundiai.sp.gov.br\/noticias\/wp-json\/wp\/v2\/users\/14"}],"replies":[{"embeddable":true,"href":"https:\/\/jundiai.sp.gov.br\/noticias\/wp-json\/wp\/v2\/comments?post=240865"}],"version-history":[{"count":4,"href":"https:\/\/jundiai.sp.gov.br\/noticias\/wp-json\/wp\/v2\/posts\/240865\/revisions"}],"predecessor-version":[{"id":240914,"href":"https:\/\/jundiai.sp.gov.br\/noticias\/wp-json\/wp\/v2\/posts\/240865\/revisions\/240914"}],"wp:featuredmedia":[{"embeddable":true,"href":"https:\/\/jundiai.sp.gov.br\/noticias\/wp-json\/wp\/v2\/media\/240868"}],"wp:attachment":[{"href":"https:\/\/jundiai.sp.gov.br\/noticias\/wp-json\/wp\/v2\/media?parent=240865"}],"wp:term":[{"taxonomy":"category","embeddable":true,"href":"https:\/\/jundiai.sp.gov.br\/noticias\/wp-json\/wp\/v2\/categories?post=240865"},{"taxonomy":"post_tag","embeddable":true,"href":"https:\/\/jundiai.sp.gov.br\/noticias\/wp-json\/wp\/v2\/tags?post=240865"},{"taxonomy":"ods","embeddable":true,"href":"https:\/\/jundiai.sp.gov.br\/noticias\/wp-json\/wp\/v2\/ods?post=240865"}],"curies":[{"name":"wp","href":"https:\/\/api.w.org\/{rel}","templated":true}]}}