{"id":240962,"date":"2019-12-10T15:03:25","date_gmt":"2019-12-10T17:03:25","guid":{"rendered":"https:\/\/jundiai.sp.gov.br\/noticias\/?p=240962"},"modified":"2019-12-10T15:03:25","modified_gmt":"2019-12-10T17:03:25","slug":"jori-2019-animacao-marca-participacao-dos-atletas","status":"publish","type":"post","link":"https:\/\/jundiai.sp.gov.br\/noticias\/2019\/12\/10\/jori-2019-animacao-marca-participacao-dos-atletas\/","title":{"rendered":"JORI 2019: Anima\u00e7\u00e3o marca participa\u00e7\u00e3o dos atletas"},"content":{"rendered":"<p>A alegria da torcida pelos colegas \u00e9 o combust\u00edvel para os atletas dos Jogos Regionais do Idoso (JORI), que tem sua etapa final, da 23\u00aa edi\u00e7\u00e3o, sendo realizada pela Prefeitura de Jundia\u00ed, entre os dias 8 a 12 de dezembro. Com atividades realizadas em v\u00e1rios Complexos Educacionais, Culturais e Esportivos (CECEs), Unidades de Apoio e outros espa\u00e7os parceiros, os idosos acima de 60 anos esbanjam vitalidade nas competi\u00e7\u00f5es das 14 modalidades chanceladas pela Secretaria de Estado de Esporte. Nesta ter\u00e7a-feira (10), al\u00e9m das competi\u00e7\u00f5es em quadra, piscinas e tabuleiros, foi realizado workshop de dan\u00e7a e visita\u00e7\u00e3o ao Museu Ferrovi\u00e1rio.<\/p>\n<div id=\"attachment_240994\" style=\"width: 1333px\" class=\"wp-caption aligncenter\"><img loading=\"lazy\" decoding=\"async\" aria-describedby=\"caption-attachment-240994\" class=\"size-full wp-image-240994\" src=\"https:\/\/jundiai.sp.gov.br\/noticias\/wp-content\/uploads\/sites\/32\/2019\/12\/jori-natacao-no-sesao_c_-51.jpg\" alt=\"\" width=\"1323\" height=\"882\" srcset=\"https:\/\/jundiai.sp.gov.br\/noticias\/wp-content\/uploads\/sites\/32\/2019\/12\/jori-natacao-no-sesao_c_-51.jpg 1323w, https:\/\/jundiai.sp.gov.br\/noticias\/wp-content\/uploads\/sites\/32\/2019\/12\/jori-natacao-no-sesao_c_-51-300x200.jpg 300w, https:\/\/jundiai.sp.gov.br\/noticias\/wp-content\/uploads\/sites\/32\/2019\/12\/jori-natacao-no-sesao_c_-51-768x512.jpg 768w, https:\/\/jundiai.sp.gov.br\/noticias\/wp-content\/uploads\/sites\/32\/2019\/12\/jori-natacao-no-sesao_c_-51-1280x853.jpg 1280w, https:\/\/jundiai.sp.gov.br\/noticias\/wp-content\/uploads\/sites\/32\/2019\/12\/jori-natacao-no-sesao_c_-51-450x300.jpg 450w\" sizes=\"auto, (max-width: 1323px) 100vw, 1323px\" \/><p id=\"caption-attachment-240994\" class=\"wp-caption-text\">Competi\u00e7\u00f5es de nata\u00e7\u00e3o foram realizadas na piscina do Ses\u00e3o (Sesi \u00c9lcio Guerrazzi)<\/p><\/div>\n<p>Dona Iraci Casqueira, 76 anos, \u00e9 integrante da equipe JORI do TIME Jundia\u00ed e participa das provas de nata\u00e7\u00e3o. &#8220;Eu comecei a nadar por necessidade de sa\u00fade. Fiz duas cirurgias na coluna e, na \u00e9poca, era nadar ou ficar numa cadeira de rodas. Resolvi nadar e hoje estou aqui, com sa\u00fade e 80 medalhas conquistadas com a nata\u00e7\u00e3o&#8221;, explica a atleta de Jundia\u00ed.<\/p>\n<p>Maria de Lourdes Pereira dos Santos, 80 anos, chegou a nadar quando tinha 40 anos. Precisou parar e s\u00f3 retomou as atividades aos 70 anos. &#8220;Hoje tenho 80 anos. \u00c9 uma vaidade conseguir realizar as atividades nessa idade. Para chegar aos treinos eu fa\u00e7o uso de tr\u00eas \u00f4nibus, para chegar da Agapeama at\u00e9 o Bol\u00e3o, tudo sozinha. A minha independ\u00eancia vem do esporte&#8221;, garante a aposentada que ainda compete no atletismo.<\/p>\n<p>O competidor com mais idade da equipe de Jundia\u00ed, Milton Zimbon, 93 anos, participou das provas de nata\u00e7\u00e3o costas e livre. &#8220;Eu fico muito feliz em participar da competi\u00e7\u00e3o, que faz bem para a minha sa\u00fade e mente&#8221;, conta, logo ap\u00f3s sair da piscina da unidade Sesi \u00c9lcio Guerrazzi, o Ses\u00e3o, onde foram realizadas as provas de nata\u00e7\u00e3o e v\u00f4lei adaptado, na manh\u00e3 de ter\u00e7a-feira (10).<\/p>\n<p><strong>Anima\u00e7\u00e3o<\/strong><\/p>\n<div id=\"attachment_240991\" style=\"width: 1333px\" class=\"wp-caption aligncenter\"><img loading=\"lazy\" decoding=\"async\" aria-describedby=\"caption-attachment-240991\" class=\"size-full wp-image-240991\" src=\"https:\/\/jundiai.sp.gov.br\/noticias\/wp-content\/uploads\/sites\/32\/2019\/12\/jori-volei-feminino-no-sesao_c_-19.jpg\" alt=\"\" width=\"1323\" height=\"882\" srcset=\"https:\/\/jundiai.sp.gov.br\/noticias\/wp-content\/uploads\/sites\/32\/2019\/12\/jori-volei-feminino-no-sesao_c_-19.jpg 1323w, https:\/\/jundiai.sp.gov.br\/noticias\/wp-content\/uploads\/sites\/32\/2019\/12\/jori-volei-feminino-no-sesao_c_-19-300x200.jpg 300w, https:\/\/jundiai.sp.gov.br\/noticias\/wp-content\/uploads\/sites\/32\/2019\/12\/jori-volei-feminino-no-sesao_c_-19-768x512.jpg 768w, https:\/\/jundiai.sp.gov.br\/noticias\/wp-content\/uploads\/sites\/32\/2019\/12\/jori-volei-feminino-no-sesao_c_-19-1280x853.jpg 1280w, https:\/\/jundiai.sp.gov.br\/noticias\/wp-content\/uploads\/sites\/32\/2019\/12\/jori-volei-feminino-no-sesao_c_-19-450x300.jpg 450w\" sizes=\"auto, (max-width: 1323px) 100vw, 1323px\" \/><p id=\"caption-attachment-240991\" class=\"wp-caption-text\">Anima\u00e7\u00e3o dos torcedores nas arquibancadas motivas jogadores em quadra<\/p><\/div>\n<p>&nbsp;<\/p>\n<div id=\"attachment_240995\" style=\"width: 310px\" class=\"wp-caption alignleft\"><img loading=\"lazy\" decoding=\"async\" aria-describedby=\"caption-attachment-240995\" class=\"size-medium wp-image-240995\" src=\"https:\/\/jundiai.sp.gov.br\/noticias\/wp-content\/uploads\/sites\/32\/2019\/12\/jori-natacao-no-sesao_c_-63-300x200.jpg\" alt=\"\" width=\"300\" height=\"200\" srcset=\"https:\/\/jundiai.sp.gov.br\/noticias\/wp-content\/uploads\/sites\/32\/2019\/12\/jori-natacao-no-sesao_c_-63-300x200.jpg 300w, https:\/\/jundiai.sp.gov.br\/noticias\/wp-content\/uploads\/sites\/32\/2019\/12\/jori-natacao-no-sesao_c_-63-768x511.jpg 768w, https:\/\/jundiai.sp.gov.br\/noticias\/wp-content\/uploads\/sites\/32\/2019\/12\/jori-natacao-no-sesao_c_-63-1280x852.jpg 1280w, https:\/\/jundiai.sp.gov.br\/noticias\/wp-content\/uploads\/sites\/32\/2019\/12\/jori-natacao-no-sesao_c_-63-450x300.jpg 450w, https:\/\/jundiai.sp.gov.br\/noticias\/wp-content\/uploads\/sites\/32\/2019\/12\/jori-natacao-no-sesao_c_-63.jpg 1323w\" sizes=\"auto, (max-width: 300px) 100vw, 300px\" \/><p id=\"caption-attachment-240995\" class=\"wp-caption-text\">Maria de Lourdes Pereira dos Santos, 80 anos, sai da Agapeama, onde mora, para treinar do Bol\u00e3o<\/p><\/div>\n<p>No banco de reservas do time de S\u00e3o Carlos de v\u00f4lei adaptado feminino, Valdeci Sales dos Santos, 72 anos, estava emocionada ao retornar para Jundia\u00ed ap\u00f3s 30 anos. &#8220;Morei aqui para estudar. A cidade est\u00e1 bel\u00edssima. Quase n\u00e3o reconhe\u00e7o os locais. A cidade est\u00e1 muito bem cuidada&#8221;, elogia a jogadora que \u00e9 professora aposentada e n\u00e3o vive sem jogar voleibol. &#8220;Posso deixar de fazer qualquer coisa. S\u00f3 n\u00e3o deixo de jogar v\u00f4lei adaptado. \u00c9 a minha vida.&#8221;<\/p>\n<p>Para aqueles que n\u00e3o estavam em quadra e n\u00e3o foram torcer para os colegas, a Unidade de Gest\u00e3o de Esporte e Lazer (UGEL) e a Unidade de Gest\u00e3o de Cultura realizaram workshop de dan\u00e7a na Sala dos Rel\u00f3gios, do Complexo Fepasa. Na sequ\u00eancia, os atletas e comiss\u00f5es t\u00e9cnicas participaram de visita monitorada pelo Museu Ferrovi\u00e1rio. &#8220;A edi\u00e7\u00e3o final dos JORI homenageia a ferrovia, que tanto fez pela cidade e todo o Estado de S\u00e3o Paulo. A visita\u00e7\u00e3o faz parte das atividades de recep\u00e7\u00e3o oferecidas pela cidade-sede&#8221;, explica a diretora de Esporte Educacional e Participa\u00e7\u00e3o (DEEP), M\u00e1rcia Pavan.<\/p>\n<div id=\"attachment_240992\" style=\"width: 1333px\" class=\"wp-caption aligncenter\"><img loading=\"lazy\" decoding=\"async\" aria-describedby=\"caption-attachment-240992\" class=\"size-full wp-image-240992\" src=\"https:\/\/jundiai.sp.gov.br\/noticias\/wp-content\/uploads\/sites\/32\/2019\/12\/jori-aula-de-danca-na-cultura_c_-3.jpg\" alt=\"\" width=\"1323\" height=\"882\" srcset=\"https:\/\/jundiai.sp.gov.br\/noticias\/wp-content\/uploads\/sites\/32\/2019\/12\/jori-aula-de-danca-na-cultura_c_-3.jpg 1323w, https:\/\/jundiai.sp.gov.br\/noticias\/wp-content\/uploads\/sites\/32\/2019\/12\/jori-aula-de-danca-na-cultura_c_-3-300x200.jpg 300w, https:\/\/jundiai.sp.gov.br\/noticias\/wp-content\/uploads\/sites\/32\/2019\/12\/jori-aula-de-danca-na-cultura_c_-3-768x512.jpg 768w, https:\/\/jundiai.sp.gov.br\/noticias\/wp-content\/uploads\/sites\/32\/2019\/12\/jori-aula-de-danca-na-cultura_c_-3-1280x853.jpg 1280w, https:\/\/jundiai.sp.gov.br\/noticias\/wp-content\/uploads\/sites\/32\/2019\/12\/jori-aula-de-danca-na-cultura_c_-3-450x300.jpg 450w\" sizes=\"auto, (max-width: 1323px) 100vw, 1323px\" \/><p id=\"caption-attachment-240992\" class=\"wp-caption-text\">Workshop de dan\u00e7a foi realizado na Sala dos Rel\u00f3gios, no Complexo Fepasa<\/p><\/div>\n<p>Assessoria de Imprensa<br \/>\nFotos: Fot\u00f3grafos PMJ<\/p>\n","protected":false},"excerpt":{"rendered":"<p>A alegria da torcida pelos colegas \u00e9 o combust\u00edvel para os atletas dos Jogos Regionais do Idoso (JORI), que tem sua etapa final, da 23\u00aa edi\u00e7\u00e3o, sendo realizada pela Prefeitura de Jundia\u00ed, entre os dias 8 a 12 de dezembro. Com atividades realizadas em v\u00e1rios Complexos Educacionais, Culturais e Esportivos (CECEs), Unidades de Apoio e [&hellip;]<\/p>\n","protected":false},"author":39,"featured_media":240993,"comment_status":"closed","ping_status":"closed","sticky":false,"template":"","format":"standard","meta":{"footnotes":""},"categories":[2],"tags":[1349],"ods":[],"class_list":["post-240962","post","type-post","status-publish","format-standard","has-post-thumbnail","hentry","category-noticias","tag-jori"],"_links":{"self":[{"href":"https:\/\/jundiai.sp.gov.br\/noticias\/wp-json\/wp\/v2\/posts\/240962","targetHints":{"allow":["GET"]}}],"collection":[{"href":"https:\/\/jundiai.sp.gov.br\/noticias\/wp-json\/wp\/v2\/posts"}],"about":[{"href":"https:\/\/jundiai.sp.gov.br\/noticias\/wp-json\/wp\/v2\/types\/post"}],"author":[{"embeddable":true,"href":"https:\/\/jundiai.sp.gov.br\/noticias\/wp-json\/wp\/v2\/users\/39"}],"replies":[{"embeddable":true,"href":"https:\/\/jundiai.sp.gov.br\/noticias\/wp-json\/wp\/v2\/comments?post=240962"}],"version-history":[{"count":13,"href":"https:\/\/jundiai.sp.gov.br\/noticias\/wp-json\/wp\/v2\/posts\/240962\/revisions"}],"predecessor-version":[{"id":241000,"href":"https:\/\/jundiai.sp.gov.br\/noticias\/wp-json\/wp\/v2\/posts\/240962\/revisions\/241000"}],"wp:featuredmedia":[{"embeddable":true,"href":"https:\/\/jundiai.sp.gov.br\/noticias\/wp-json\/wp\/v2\/media\/240993"}],"wp:attachment":[{"href":"https:\/\/jundiai.sp.gov.br\/noticias\/wp-json\/wp\/v2\/media?parent=240962"}],"wp:term":[{"taxonomy":"category","embeddable":true,"href":"https:\/\/jundiai.sp.gov.br\/noticias\/wp-json\/wp\/v2\/categories?post=240962"},{"taxonomy":"post_tag","embeddable":true,"href":"https:\/\/jundiai.sp.gov.br\/noticias\/wp-json\/wp\/v2\/tags?post=240962"},{"taxonomy":"ods","embeddable":true,"href":"https:\/\/jundiai.sp.gov.br\/noticias\/wp-json\/wp\/v2\/ods?post=240962"}],"curies":[{"name":"wp","href":"https:\/\/api.w.org\/{rel}","templated":true}]}}